{"id":315649,"date":"2025-08-13T06:34:13","date_gmt":"2025-08-13T06:34:13","guid":{"rendered":"https:\/\/www.europesays.com\/fr\/315649\/"},"modified":"2025-08-13T06:34:13","modified_gmt":"2025-08-13T06:34:13","slug":"om-au-roazhon-park-les-marseillais-interdits-de-deambuler-dans-la-ville","status":"publish","type":"post","link":"https:\/\/www.europesays.com\/fr\/315649\/","title":{"rendered":"OM au Roazhon Park : les Marseillais interdits de d\u00e9ambuler dans la ville\u00a0?"},"content":{"rendered":"<p>            Par<br \/>\n        <strong><br \/>\n            <a href=\"https:\/\/actu.fr\/auteur\/lou-batteux\" title=\"Consulter tous les articles de Lou Batteux\" target=\"_blank\" rel=\"noopener\">Lou Batteux<\/a><br \/>\n        <\/strong><\/p>\n<p>        Publi\u00e9 le<\/p>\n<p>            13 ao\u00fbt 2025 \u00e0 6h32        <\/p>\n<p>Dans un <strong>arr\u00eat\u00e9<\/strong> pris le mercredi 6\u00a0ao\u00fbt 2025, le pr\u00e9fet d\u2019Ille-et-Vilaine a d\u00e9cid\u00e9 de mettre en place des \u00ab\u2009mesures de restriction temporaire\u2009\u00bb dans le cadre du match de football opposant le <strong>Stade Rennais F.C.<\/strong> (SRFC) \u00e0 <strong>l\u2019Olympique de Marseille<\/strong> (OM).<\/p>\n<p class=\" wall-content\"><strong>Vendredi 15\u00a0ao\u00fbt<\/strong>, les deux \u00e9quipes fouleront la pelouse du <a href=\"https:\/\/actu.fr\/tag\/roazhon-park\" target=\"_blank\" rel=\"noopener\">Roazhon Park<\/a> \u00e0 l\u2019occasion de la premi\u00e8re rencontre du <strong>championnat de France de Ligue\u00a01<\/strong>, d\u00e9butant \u00e0 <strong>20h45<\/strong>.<\/p>\n<p>Des supporters ennemis\u2009?<\/p>\n<p class=\" wall-content\"><a href=\"https:\/\/actu.fr\/bretagne\/rennes_35238\/qui-est-amaury-de-saint-quentin-le-nouveau-prefet-de-bretagne-et-d-ille-et-vilaine_61721038.html\" target=\"_blank\" rel=\"noopener\">Amaury de Saint-Quentin<\/a>, pr\u00e9fet d\u2019Ille-et-Vilaine, a pris cette d\u00e9cision en raison <strong>\u00ab\u2009des troubles \u00e0 l\u2019ordre public\u2009\u00bb<\/strong> r\u00e9guli\u00e8rement observ\u00e9s lors des d\u00e9placements de l\u2019\u00e9quipe de l\u2019Olympique de Marseille, \u00ab\u2009r\u00e9sultant du <strong>comportement violent<\/strong> de certains supporters\u2009\u00bb, peut-on lire dans l\u2019arr\u00eat\u00e9.<\/p>\n<blockquote class=\"ac-article-quote wall-content\">\n<p>Lors de la rencontre entre le Toulouse FC et l&rsquo;OM du 21 avril 2024, une rixe a \u00e9clat\u00e9 entre les supporters des deux clubs suite \u00e0 des d\u00e9gradations commises par les supporters marseillais dans un bar fr\u00e9quent\u00e9 par les supporters toulousains.<\/p>\n<p>    <strong>Arr\u00eat\u00e9 pr\u00e9fectoral du 6 ao\u00fbt 2025<\/strong><br \/>\n        portant restriction de la libert\u00e9 d\u2019aller et venir des supporters de l&rsquo;Olympique de Marseille \u00e0 l\u2019occasion de leur rencontre avec le Stade Rennais F.C. (SRFC) le vendredi 15 ao\u00fbt 2025.    <\/p><\/blockquote>\n<p class=\" wall-content\">La pr\u00e9fecture constate \u00e9galement une <strong>\u00ab\u2009d\u00e9t\u00e9rioration des relations entre les supporters\u2009\u00bb ultras \u00ab\u2009de Rennes et de Marseille<\/strong> depuis plusieurs ann\u00e9es\u2009\u00bb. C\u2019est pourquoi celle-ci a d\u00e9cid\u00e9 \u00ab\u2009d\u2019encadrer la venue des supporters de l\u2019OM ce vendredi 15\u00a0ao\u00fbt 2025\u2009\u00bb\u2019, afin de <strong>\u00ab\u2009prot\u00e9ger les personnes et les biens\u2009\u00bb.<\/strong><\/p>\n<p>Des mesures de restriction strictes<\/p>\n<p class=\" wall-content\">Voici les <strong>quatre\u00a0mesures de restriction<\/strong> principales \u00e0 conna\u00eetre\u2009:<\/p>\n<ul class=\" wall-content\">\n<li>De 9h \u00e0 23h59, il est interdit \u00e0 tout supporter de l\u2019Olympique de Marseille de se pr\u00e9valoir de cette qualit\u00e9, notamment en affichant <strong>une \u00e9charpe, un insigne, un v\u00eatement ou un drapeau permettant d\u2019identifier ce club<\/strong>, sur la commune de Rennes, \u00e0 l\u2019exception de l\u2019enceinte du stade Roazhon Park\u2009;<\/li>\n<li>les supporters qui se rendront au Roazhon Park en transports collectifs (bus et minibus) devront se rendre \u00e0 un <strong>point de rendez-vous<\/strong> fix\u00e9 par la direction interd\u00e9partementale de la police nationale. Le d\u00e9placement sera <strong>encadr\u00e9 par les forces de l\u2019ordre<\/strong> pour les trajets aller et retour vers le stade rennais\u2009;<\/li>\n<li>les supporters qui se rendront directement au Roazhon Park sans se pr\u00e9senter au point de rendez-vous ne seront <strong>pas accept\u00e9s au sein du stade<\/strong>\u2009;<\/li>\n<li>de 9h \u00e0 23h59, sont interdits la possession, le transport et l\u2019utilisation de tous <strong>p\u00e9tards ou fumig\u00e8nes<\/strong>, drapeaux et banderoles dont les inscriptions appellent \u00e0 <strong>la provocation, \u00e0 la violence ou \u00e0 la haine<\/strong>, ainsi que tout objet pouvant \u00eatre utilis\u00e9 comme <strong>projectile<\/strong>, sur la commune de Rennes, y compris dans l\u2019enceinte et aux abords du stade.<\/li>\n<\/ul>\n<p class=\" wall-content\">L\u2019arr\u00eat\u00e9 rappelle aussi que \u00ab\u2009la s\u00e9curit\u00e9 et la protection de tous sont la priorit\u00e9 des services de l\u2019\u00c9tat\u2009\u00bb. Les forces de police seront donc pleinement mobilis\u00e9es, \u00e0 l\u2019occasion de cette <strong>rencontre sportive \u00ab\u2009class\u00e9e \u00e0 risque\u2009\u00bb<\/strong>, afin d\u2019assurer le maintien de l\u2019ordre public et le respect de ces mesures.<\/p>\n<p class=\" wall-content\">Suivez toute l\u2019actualit\u00e9 de vos villes et m\u00e9dias favoris en vous inscrivant \u00e0 <a href=\"https:\/\/moncompte.actu.fr\" title=\"D\u00e9couvez Mon Actu\" rel=\"nofollow noopener\" data-trk=\"{&quot;cta&quot;:{&quot;action&quot;:&quot;https:\\\/\\\/moncompte.actu.fr&quot;,&quot;category&quot;:&quot;mon compte&quot;,&quot;from&quot;:&quot;article footer&quot;,&quot;name&quot;:&quot;Mon actu&quot;,&quot;type&quot;:&quot;cta&quot;}}\" target=\"_blank\">Mon Actu<\/a>.<\/p>\n","protected":false},"excerpt":{"rendered":"Par Lou Batteux Publi\u00e9 le 13 ao\u00fbt 2025 \u00e0 6h32 Dans un arr\u00eat\u00e9 pris le mercredi 6\u00a0ao\u00fbt 2025,&hellip;\n","protected":false},"author":2,"featured_media":295552,"comment_status":"","ping_status":"","sticky":false,"template":"","format":"standard","meta":{"footnotes":""},"categories":[2821],"tags":[1111,11,829,1777,674,63,1011,27,12,2333,584,25,7091,60,3087],"class_list":{"0":"post-315649","1":"post","2":"type-post","3":"status-publish","4":"format-standard","5":"has-post-thumbnail","7":"category-rennes","8":"tag-actu","9":"tag-actualites","10":"tag-bretagne","11":"tag-eu","12":"tag-europe","13":"tag-football","14":"tag-fr","15":"tag-france","16":"tag-news","17":"tag-olympique-de-marseille-om","18":"tag-rennes","19":"tag-republique-francaise","20":"tag-roazhon-park","21":"tag-sports","22":"tag-stade-rennais"},"share_on_mastodon":{"url":"https:\/\/pubeurope.com\/@fr\/115020068471155146","error":""},"_links":{"self":[{"href":"https:\/\/www.europesays.com\/fr\/wp-json\/wp\/v2\/posts\/315649","targetHints":{"allow":["GET"]}}],"collection":[{"href":"https:\/\/www.europesays.com\/fr\/wp-json\/wp\/v2\/posts"}],"about":[{"href":"https:\/\/www.europesays.com\/fr\/wp-json\/wp\/v2\/types\/post"}],"author":[{"embeddable":true,"href":"https:\/\/www.europesays.com\/fr\/wp-json\/wp\/v2\/users\/2"}],"replies":[{"embeddable":true,"href":"https:\/\/www.europesays.com\/fr\/wp-json\/wp\/v2\/comments?post=315649"}],"version-history":[{"count":0,"href":"https:\/\/www.europesays.com\/fr\/wp-json\/wp\/v2\/posts\/315649\/revisions"}],"wp:featuredmedia":[{"embeddable":true,"href":"https:\/\/www.europesays.com\/fr\/wp-json\/wp\/v2\/media\/295552"}],"wp:attachment":[{"href":"https:\/\/www.europesays.com\/fr\/wp-json\/wp\/v2\/media?parent=315649"}],"wp:term":[{"taxonomy":"category","embeddable":true,"href":"https:\/\/www.europesays.com\/fr\/wp-json\/wp\/v2\/categories?post=315649"},{"taxonomy":"post_tag","embeddable":true,"href":"https:\/\/www.europesays.com\/fr\/wp-json\/wp\/v2\/tags?post=315649"}],"curies":[{"name":"wp","href":"https:\/\/api.w.org\/{rel}","templated":true}]}}