{"id":315650,"date":"2025-08-13T06:36:23","date_gmt":"2025-08-13T06:36:23","guid":{"rendered":"https:\/\/www.europesays.com\/fr\/315650\/"},"modified":"2025-08-13T06:36:23","modified_gmt":"2025-08-13T06:36:23","slug":"une-velorution-a-strasbourg-samedi-contre-la-famine-a-gaza","status":"publish","type":"post","link":"https:\/\/www.europesays.com\/fr\/315650\/","title":{"rendered":"Une v\u00e9lorution \u00e0 Strasbourg samedi contre la famine \u00e0 Gaza"},"content":{"rendered":"<p class=\"wp-block-post-excerpt__excerpt\">Le collectif Palestine 67 appelle \u00e0 manifester samedi 16 ao\u00fbt lors d\u2019une \u00ab\u00a0v\u00e9lorution\u00a0\u00bb pour d\u00e9noncer le massacre de civils et la famine \u00e0 Gaza. Des d\u00e9parts \u00e0 pied et \u00e0 v\u00e9lo sont pr\u00e9vus en direction du pont de l\u2019Europe, o\u00f9 une cha\u00eene humaine sera form\u00e9e en signe de solidarit\u00e9. <\/p>\n<p class=\"font-sans\">\n\t\t\tCet article est en acc\u00e8s libre. Pour soutenir Rue89 Strasbourg,<br \/>\n\t\t\t<a class=\"underline\" href=\"https:\/\/www.rue89strasbourg.com\/abonnement\" target=\"_blank\" rel=\"noopener\">abonnez-vous<\/a>.\n\t\t<\/p>\n<p>Camille Curnier<\/p>\n<p>Publi\u00e9 le 13 ao\u00fbt 2025\u00a0\u00a0\u00b7\u00a0\u00a0<\/p>\n<p>Imprim\u00e9 le 13 ao\u00fbt 2025 \u00e0 08h36\u00a0\u00a0\u00b7\u00a0\u00a0<\/p>\n<p>\t\t\t\t\t3\u00a0minutes\n<\/p>\n<p>\u00ab\u00a0Les Palestiniens n\u2019ont qu\u2019un choix aujourd\u2019hui : mourir ou s\u2019affamer\u00a0\u00bb, d\u00e9plore Rachida Taibi, membre du collectif Palestine 67. Avec ses coll\u00e8gues, ils organisent le samedi 16 ao\u00fbt une \u00ab\u00a0v\u00e9lorution\u00a0\u00bb (une manifestation \u00e0 v\u00e9lo) en soutien \u00e0 la Palestine, afin de d\u00e9noncer les exactions de l\u2019arm\u00e9e isra\u00e9lienne contre les civils et la famine organis\u00e9e sur le territoire.<\/p>\n<p>Selon le <a href=\"https:\/\/www.unicef.fr\/article\/gaza-les-principaux-indicateurs-alimentaires-et-nutritionnels-excedent-les-seuils-de-la-famine\/\" target=\"_blank\" rel=\"noopener\">Programme alimentaire mondial des Nations unies<\/a>, pr\u00e8s d\u2019un habitant sur trois dans la bande de Gaza passe r\u00e9guli\u00e8rement plusieurs jours sans pouvoir se nourrir. \u00ab\u00a0En juillet, plus de 320\u00a0000 enfants, soit l\u2019ensemble de la population \u00e2g\u00e9e de moins de cinq ans, sont expos\u00e9s \u00e0 un risque de malnutrition aigu\u00eb\u00a0\u00bb, alerte l\u2019ONU. Parmi eux, des milliers souffrent d\u00e9j\u00e0 d\u2019une forme s\u00e9v\u00e8re, la plus dangereuse, pouvant entra\u00eener la mort en l\u2019absence de soins rapides et adapt\u00e9s.<\/p>\n<p><a href=\"https:\/\/www.rue89strasbourg.com\/abonnement\/paiement?sub=3&amp;discount=ete2025\" target=\"_blank\" rel=\"noopener\"><img loading=\"lazy\" decoding=\"async\" width=\"970\" height=\"250\" src=\"https:\/\/www.europesays.com\/fr\/wp-content\/uploads\/2025\/07\/bannie\u0300re-site-desktop-anime\u0301e.gif\" alt=\"\" class=\"wp-image-350811\" style=\"width:792px;height:auto\"\/><\/a><\/p>\n<p><a href=\"https:\/\/www.rue89strasbourg.com\/abonnement\/paiement?sub=3&amp;discount=ete2025\" target=\"_blank\" rel=\"noopener\"><img loading=\"lazy\" decoding=\"async\" width=\"300\" height=\"300\" src=\"https:\/\/www.europesays.com\/fr\/wp-content\/uploads\/2025\/07\/bannie\u0300re-pub-mobile-anime\u0301e.gif\" alt=\"\" class=\"wp-image-350815\"\/><\/a><\/p>\n<p>Bloquer le pont de l\u2019Europe<\/p>\n<p>Le collectif Palestine 67 donne rendez-vous \u00e0 14h30 place Kl\u00e9ber pour les cyclistes et \u00e0 17h place de l\u2019Hippodrome au Port du Rhin pour les pi\u00e9tons. Tous doivent partir ensemble pour bloquer le pont de l\u2019Europe, situ\u00e9 \u00e0 mi-chemin entre Strasbourg et Kehl, un lieu choisi pour sa port\u00e9e symbolique par les organisateurs :<\/p>\n<blockquote class=\"wp-block-quote is-layout-flow wp-block-quote-is-layout-flow\">\n<p>\u00ab\u00a0En Allemagne, il existe une tr\u00e8s forte r\u00e9pression contre les manifestations pour la Palestine. Les habitants n\u2019ont pas la m\u00eame libert\u00e9 pour d\u00e9noncer le g\u00e9nocide en cours dans la bande de Gaza. L\u2019Europe, elle aussi, a sa part de responsabilit\u00e9, notamment par l\u2019envoi d\u2019armes et par son manque d\u2019entrain \u00e0 imposer des sanctions \u00e0 Isra\u00ebl.\u00a0\u00bb<\/p>\n<\/blockquote>\n<p>Le collectif esp\u00e8re \u00eatre rejoint sur le pont par des manifestants allemands afin de former une cha\u00eene humaine. \u00ab\u00a0Nous ne voulons pas nous adresser uniquement aux convaincus. Cette manifestation doit rassembler et toucher un maximum de personnes\u00a0\u00bb, souligne Rachida Taibi. Avec les v\u00e9los, ils esp\u00e8rent attirer davantage l\u2019attention des curieux sur leur message.<\/p>\n<p><img loading=\"lazy\" decoding=\"async\" width=\"792\" height=\"1056\" src=\"https:\/\/www.europesays.com\/fr\/wp-content\/uploads\/2025\/08\/fb-img-1724291401847-1-792x1056.jpg\" alt=\"\" class=\"wp-image-355074\"  \/> La derni\u00e8re \u00ab\u00a0V\u00e9lorution\u00a0\u00bb a eu lieu le samedi 22 juin 2024<\/p>\n<p>\t\t\u00ab\u00a0Une indiff\u00e9rence des responsables politiques\u00a0\u00bb<\/p>\n<p>Mobilis\u00e9 une premi\u00e8re fois en octobre 2023, le mouvement de soutien \u00e0 la Palestine est pr\u00e9sent dans les rues depuis pr\u00e8s de deux ans. \u00ab\u00a0Il y a une fatigue qui se fait sentir parmi les manifestants mais nous sommes surtout angoiss\u00e9s et en col\u00e8re\u00a0\u00bb, confie Rachida Taibi, \u00e9galement membre du Collectif jud\u00e9o-arabe et citoyen pour la Palestine. En l\u2019espace de deux ans, le message reste en substance le m\u00eame :<\/p>\n<blockquote class=\"wp-block-quote is-layout-flow wp-block-quote-is-layout-flow\">\n<p>\u00ab\u00a0Nous demandons la lev\u00e9e du blocus de Gaza pour permettre l\u2019entr\u00e9e de l\u2019aide humanitaire, un cessez-le-feu et des sanctions contre le gouvernement isra\u00e9lien.\u00a0\u00bb<\/p>\n<\/blockquote>\n<p>Mais sur place, le Premier ministre isra\u00e9lien Benyamin Netanyahou, qui se maintient au pouvoir gr\u00e2ce \u00e0 l\u2019extr\u00eame droite, pr\u00e9voit d\u2019occuper totalement l\u2019enclave palestinienne, provoquant des condamnations internationales et des doutes au sein m\u00eame de l\u2019arm\u00e9e isra\u00e9lienne. Selon les autorit\u00e9s sanitaires palestiniennes, l\u2019arm\u00e9e isra\u00e9lienne a d\u00e9j\u00e0 fait plus de 60\u00a0000 morts, dont pr\u00e8s d\u2019un tiers sont des enfants de moins de 18 ans.<\/p>\n<p><img loading=\"lazy\" decoding=\"async\" width=\"792\" height=\"446\" src=\"https:\/\/www.europesays.com\/fr\/wp-content\/uploads\/2025\/08\/53292371038-f4ebdc085e-k-792x446.jpg\" alt=\"\" class=\"wp-image-355077\"  \/> Lors d\u2019une des premi\u00e8res manifestations pour la Palestine. <\/p>\n<p>\u00c0 Strasbourg, l\u2019une des derni\u00e8res manifestations pour la Palestine avait \u00e9t\u00e9 interdite de passage dans le quartier du Contades et autour de la grande synagogue. Pour la pr\u00e9fecture, le parcours aurait \u00e9t\u00e9 susceptible de provoquer \u00ab\u00a0des troubles \u00e0 l\u2019ordre public entre la mouvance pro-palestinienne et des membres de la communaut\u00e9 juive\u00a0\u00bb.<\/p>\n<p>\u00ab\u00a0Ce n\u2019est pas normal que, dans la R\u00e9publique fran\u00e7aise, il existe des lieux interdits aux manifestations, surtout lorsqu\u2019il est question de d\u00e9noncer un g\u00e9nocide\u00a0\u00bb, d\u00e9nonce Rachida Taibi. Une d\u00e9cision d\u2019autant plus contest\u00e9e que, dans ce quartier, se trouve <a href=\"https:\/\/www.rue89strasbourg.com\/tags-intimidation-immeuble-militants-palestine-353263\" target=\"_blank\" rel=\"noopener\">un immeuble o\u00f9 r\u00e9sident \u00e9galement des militants pro-palestiniens<\/a> vis\u00e9 <a href=\"https:\/\/www.rue89strasbourg.com\/enquetea-vandalisme-militants-palestine-353668\" target=\"_blank\" rel=\"noreferrer noopener\">plusieurs fois<\/a> par des actes de vandalisme.<\/p>\n<p>Y <strong>aller<\/strong><\/p>\n<p><strong>V\u00e9lorution pour la Palestine, <\/strong>samedi 16 ao\u00fbt \u00e0 partir de 14h30, place Kl\u00e9ber \u00e0 Strasbourg \u2013 centre-ville ou \u00e0 partir de 17h, place de l\u2019Hippodrome \u00e0 Strasbourg \u2013 Port du Rhin. <\/p>\n","protected":false},"excerpt":{"rendered":"Le collectif Palestine 67 appelle \u00e0 manifester samedi 16 ao\u00fbt lors d\u2019une \u00ab\u00a0v\u00e9lorution\u00a0\u00bb pour d\u00e9noncer le massacre de&hellip;\n","protected":false},"author":2,"featured_media":315651,"comment_status":"","ping_status":"","sticky":false,"template":"","format":"standard","meta":{"footnotes":""},"categories":[2820],"tags":[1111,11,1777,674,1011,27,775,2088,12,3518,25,640,23606],"class_list":{"0":"post-315650","1":"post","2":"type-post","3":"status-publish","4":"format-standard","5":"has-post-thumbnail","7":"category-strasbourg","8":"tag-actu","9":"tag-actualites","10":"tag-eu","11":"tag-europe","12":"tag-fr","13":"tag-france","14":"tag-grand-est","15":"tag-manifestation","16":"tag-news","17":"tag-palestine","18":"tag-republique-francaise","19":"tag-strasbourg","20":"tag-velorution"},"share_on_mastodon":{"url":"https:\/\/pubeurope.com\/@fr\/115020076842881510","error":""},"_links":{"self":[{"href":"https:\/\/www.europesays.com\/fr\/wp-json\/wp\/v2\/posts\/315650","targetHints":{"allow":["GET"]}}],"collection":[{"href":"https:\/\/www.europesays.com\/fr\/wp-json\/wp\/v2\/posts"}],"about":[{"href":"https:\/\/www.europesays.com\/fr\/wp-json\/wp\/v2\/types\/post"}],"author":[{"embeddable":true,"href":"https:\/\/www.europesays.com\/fr\/wp-json\/wp\/v2\/users\/2"}],"replies":[{"embeddable":true,"href":"https:\/\/www.europesays.com\/fr\/wp-json\/wp\/v2\/comments?post=315650"}],"version-history":[{"count":0,"href":"https:\/\/www.europesays.com\/fr\/wp-json\/wp\/v2\/posts\/315650\/revisions"}],"wp:featuredmedia":[{"embeddable":true,"href":"https:\/\/www.europesays.com\/fr\/wp-json\/wp\/v2\/media\/315651"}],"wp:attachment":[{"href":"https:\/\/www.europesays.com\/fr\/wp-json\/wp\/v2\/media?parent=315650"}],"wp:term":[{"taxonomy":"category","embeddable":true,"href":"https:\/\/www.europesays.com\/fr\/wp-json\/wp\/v2\/categories?post=315650"},{"taxonomy":"post_tag","embeddable":true,"href":"https:\/\/www.europesays.com\/fr\/wp-json\/wp\/v2\/tags?post=315650"}],"curies":[{"name":"wp","href":"https:\/\/api.w.org\/{rel}","templated":true}]}}