{"id":315653,"date":"2025-08-13T06:38:16","date_gmt":"2025-08-13T06:38:16","guid":{"rendered":"https:\/\/www.europesays.com\/fr\/315653\/"},"modified":"2025-08-13T06:38:16","modified_gmt":"2025-08-13T06:38:16","slug":"nice-ce-magasin-carrefour-a-trouve-une-drole-de-solution-pour-faire-fuir-les-voleurs","status":"publish","type":"post","link":"https:\/\/www.europesays.com\/fr\/315653\/","title":{"rendered":"Nice. Ce magasin Carrefour a trouv\u00e9 une dr\u00f4le de solution pour faire fuir les voleurs"},"content":{"rendered":"<p>            Par<br \/>\n        <strong><br \/>\n            <a href=\"https:\/\/actu.fr\/auteur\/ugo-maillard\" title=\"Consulter tous les articles de Ugo Maillard\" rel=\"nofollow noopener\" target=\"_blank\">Ugo Maillard<\/a><br \/>\n        <\/strong><\/p>\n<p>        Publi\u00e9 le<\/p>\n<p>            13 ao\u00fbt 2025 \u00e0 6h36        <\/p>\n<p>Une technique pour le moins insolite qui semble porter ses fruits. Depuis la fin du mois de juillet\u00a02025, un <strong>point de vente Carrefour<\/strong> situ\u00e9 dans le centre-ville de <a href=\"https:\/\/actu.fr\/nice\/\" rel=\"nofollow noopener\" target=\"_blank\">Nice<\/a> (Alpes-Maritimes) affiche des images dans les all\u00e9es du magasin.\u00a0Il s\u2019agit de visuels g\u00e9n\u00e9r\u00e9s via une intelligence artificielle. Ces images illustrent des vols commis dans le magasin et rep\u00e9r\u00e9s via la cam\u00e9ra de surveillance.<\/p>\n<p class=\" wall-content\">Des voleurs qui ont pris la poudre d\u2019escampette, qui ne peuvent pas \u00eatre reconnus puisque les visuels ne sont pas cr\u00e9\u00e9s en fonction de leur visage, mais cette strat\u00e9gie para\u00eet payante, selon la directrice du magasin.<\/p>\n<p>\u00ab\u2009Une baisse des vols depuis deux semaines\u2009\u00bb<\/p>\n<p class=\" wall-content\">Ce mardi 12\u00a0ao\u00fbt 2025, les clients sont nombreux \u00e0 s\u2019arr\u00eater devant les six visuels marqu\u00e9s d\u2019une bande rouge \u00ab\u2009Wasted\u2009\u00bb, perdu en anglais. Une initiative originale qui ne manque pas de faire sourire.<\/p>\n<p class=\" wall-content\">\u00ab\u2009Le but est de dissuader les prochains voleurs et \u00e7a fait bien rire les clients\u2009\u00bb, sourit Marine Marine Teyssere, franchis\u00e9e Carrefour depuis octobre\u00a02024.<\/p>\n<p class=\" wall-content\"><a href=\"https:\/\/www.instagram.com\/p\/DMZ2RTEoTrK\/embed\" title=\"Ouvrir le lien sur Instagram\" rel=\"nofollow noopener\" target=\"_blank\">Visualiser le contenu sur Instagram<\/a><\/p>\n<p class=\" wall-content\">La g\u00e9rante du point de vente souligne que cette communication a un r\u00e9el impact. \u00ab\u2009Un des clients concern\u00e9s est venu payer la bi\u00e8re qu\u2019il avait vol\u00e9e. Globalement, on note une baisse des vols depuis deux semaines\u2009\u00bb, soit depuis le d\u00e9but de l\u2019affichage.<\/p>\n<blockquote class=\"ac-article-quote wall-content\">\n<p>Je n&rsquo;ai pas envie de mettre mes salari\u00e9s dans une situation emb\u00eatante. Un jour, j\u2019ai demand\u00e9 \u00e0 un monsieur de rendre une bi\u00e8re qu&rsquo;il avait vol\u00e9e, il m\u2019a pouss\u00e9e et je suis tomb\u00e9e. Donc, on ne va pas se battre.<\/p>\n<p>    <strong>Marine Teyssere<\/strong><br \/>\n        Franchis\u00e9e d&rsquo;un Carrefour \u00e0 Nice    <\/p><\/blockquote>\n<p class=\" wall-content\">Marine tient \u00e0 rappeler que lorsqu\u2019un produit est d\u00e9rob\u00e9, c\u2019est \u00e0 elle d\u2019en payer les cons\u00e9quences. \u00ab\u2009Les gens ne volent pas Carrefour. J\u2019ach\u00e8te tous les produits \u00e0 l\u2019enseigne et l\u2019impact est directement dans mes comptes\u2009\u00bb, d\u00e9plore la franchis\u00e9e qui emploie six personnes.<\/p>\n<p>\u00ab\u2009Tr\u00e8s peu de recours juridiques\u2009\u00bb<\/p>\n<p class=\" wall-content\">Si Marine Teyssere reconna\u00eet que cette technique aura difficilement un impact dans le temps, elle continue de se battre face aux vols.<\/p>\n<p class=\" wall-content\">\u00ab\u2009Nous avons tr\u00e8s peu de recours juridiques. Il faut une somme minimum vol\u00e9e pour porter plainte et \u00e7a ne fonctionne pas pour les produits de premi\u00e8re n\u00e9cessit\u00e9\u2009\u00bb.<\/p>\n<p class=\" wall-content\">\u00ab\u2009Et honn\u00eatement, nous recensons des vols tous les jours\u2026 Je ne vais pas passer mes journ\u00e9es au commissariat\u2009\u00bb, souffle la g\u00e9rante du Carrefour.<\/p>\n<p class=\" wall-content\">Suivez toute l\u2019actualit\u00e9 de vos villes et m\u00e9dias favoris en vous inscrivant \u00e0 <a href=\"https:\/\/moncompte.actu.fr\" title=\"D\u00e9couvez Mon Actu\" rel=\"nofollow noopener\" data-trk=\"{&quot;cta&quot;:{&quot;action&quot;:&quot;https:\\\/\\\/moncompte.actu.fr&quot;,&quot;category&quot;:&quot;mon compte&quot;,&quot;from&quot;:&quot;article footer&quot;,&quot;name&quot;:&quot;Mon actu&quot;,&quot;type&quot;:&quot;cta&quot;}}\" target=\"_blank\">Mon Actu<\/a>.<\/p>\n<p>                    <script async src=\"\/\/www.instagram.com\/embed.js\"><\/script><\/p>\n","protected":false},"excerpt":{"rendered":"Par Ugo Maillard Publi\u00e9 le 13 ao\u00fbt 2025 \u00e0 6h36 Une technique pour le moins insolite qui semble&hellip;\n","protected":false},"author":2,"featured_media":315654,"comment_status":"","ping_status":"","sticky":false,"template":"","format":"standard","meta":{"footnotes":""},"categories":[2819],"tags":[1111,11,4304,1777,674,1011,27,1757,12,2401,882,25],"class_list":{"0":"post-315653","1":"post","2":"type-post","3":"status-publish","4":"format-standard","5":"has-post-thumbnail","7":"category-nice","8":"tag-actu","9":"tag-actualites","10":"tag-carrefour","11":"tag-eu","12":"tag-europe","13":"tag-fr","14":"tag-france","15":"tag-insolite","16":"tag-news","17":"tag-nice","18":"tag-provence-alpes-cote-dazur","19":"tag-republique-francaise"},"share_on_mastodon":{"url":"https:\/\/pubeurope.com\/@fr\/115020084384789359","error":""},"_links":{"self":[{"href":"https:\/\/www.europesays.com\/fr\/wp-json\/wp\/v2\/posts\/315653","targetHints":{"allow":["GET"]}}],"collection":[{"href":"https:\/\/www.europesays.com\/fr\/wp-json\/wp\/v2\/posts"}],"about":[{"href":"https:\/\/www.europesays.com\/fr\/wp-json\/wp\/v2\/types\/post"}],"author":[{"embeddable":true,"href":"https:\/\/www.europesays.com\/fr\/wp-json\/wp\/v2\/users\/2"}],"replies":[{"embeddable":true,"href":"https:\/\/www.europesays.com\/fr\/wp-json\/wp\/v2\/comments?post=315653"}],"version-history":[{"count":0,"href":"https:\/\/www.europesays.com\/fr\/wp-json\/wp\/v2\/posts\/315653\/revisions"}],"wp:featuredmedia":[{"embeddable":true,"href":"https:\/\/www.europesays.com\/fr\/wp-json\/wp\/v2\/media\/315654"}],"wp:attachment":[{"href":"https:\/\/www.europesays.com\/fr\/wp-json\/wp\/v2\/media?parent=315653"}],"wp:term":[{"taxonomy":"category","embeddable":true,"href":"https:\/\/www.europesays.com\/fr\/wp-json\/wp\/v2\/categories?post=315653"},{"taxonomy":"post_tag","embeddable":true,"href":"https:\/\/www.europesays.com\/fr\/wp-json\/wp\/v2\/tags?post=315653"}],"curies":[{"name":"wp","href":"https:\/\/api.w.org\/{rel}","templated":true}]}}