{"id":315655,"date":"2025-08-13T06:39:36","date_gmt":"2025-08-13T06:39:36","guid":{"rendered":"https:\/\/www.europesays.com\/fr\/315655\/"},"modified":"2025-08-13T06:39:36","modified_gmt":"2025-08-13T06:39:36","slug":"en-pays-de-la-loire-nantes-en-tete-des-destinations-preferees-des-voyageurs-en-bus-blablacar","status":"publish","type":"post","link":"https:\/\/www.europesays.com\/fr\/315655\/","title":{"rendered":"En Pays de la Loire, Nantes en t\u00eate des destinations pr\u00e9f\u00e9r\u00e9es des voyageurs en bus BlaBlaCar"},"content":{"rendered":"<p>Dix ans apr\u00e8s la lib\u00e9ralisation des transports en autocars, la compagnie BlaBlaCar s\u2019enorgueillit de desservir quelque 350\u00a0destinations, parmi lesquelles les villes des Pays de la Loire.<\/p>\n<p>Nantes, Le Mans et Angers sur le podium<\/p>\n<p>Nantes reste la destination la plus pris\u00e9e. Pr\u00e8s de 539\u00a0000\u00a0passagers ont d\u00e9barqu\u00e9 des bus BlaBlaCar dans la pr\u00e9fecture de r\u00e9gion depuis 2019 (date du rachat de Ouibus). <strong>\u00ab\u00a0L\u2019\u00e9quivalent de deux \u00e9ditions compl\u00e8tes des 24\u00a0Heures du Mans\u00a0\u00bb,<\/strong> souligne la compagnie. Le Mans (Sarthe), la ville des 24\u00a0Heures, justement, se classe au second rang des destinations r\u00e9gionales avec 214\u00a0000\u00a0passagers, devant Angers (Maine-et-Loire) et ses 202\u00a0000\u00a0voyageurs d\u00e9barqu\u00e9s lors des sept derni\u00e8res ann\u00e9es.<\/p>\n<p><strong>Lire aussi :<\/strong> <a href=\"https:\/\/rennes.maville.com\/actu\/actudet_-voici-les-destinations-blablacar-les-plus-prisees-par-les-vacanciers-en-bretagne-_5-6923819_actu.Htm\" target=\"_self\" rel=\"noopener\">Voici les destinations BlaBlaCar les plus pris\u00e9es par les vacanciers en Bretagne<\/a><\/p>\n<p>BlaBlaCar et son concurrent allemand Flixbus sont les deux grands op\u00e9rateurs d\u2019autocars longue distance en France. En 2024, BlaBlacar revendique le transport de 18\u00a0millions de voyageurs dans ses cars.<\/p>\n<p>\u00a0<\/p>\n","protected":false},"excerpt":{"rendered":"Dix ans apr\u00e8s la lib\u00e9ralisation des transports en autocars, la compagnie BlaBlaCar s\u2019enorgueillit de desservir quelque 350\u00a0destinations, parmi&hellip;\n","protected":false},"author":2,"featured_media":315656,"comment_status":"","ping_status":"","sticky":false,"template":"","format":"standard","meta":{"footnotes":""},"categories":[2818],"tags":[1111,11,7833,7048,18304,1777,674,1011,27,3367,766,12,5457,2636,45452,25,6689,17643,8692,9693],"class_list":{"0":"post-315655","1":"post","2":"type-post","3":"status-publish","4":"format-standard","5":"has-post-thumbnail","7":"category-nantes","8":"tag-actu","9":"tag-actualites","10":"tag-blablacar","11":"tag-bus","12":"tag-destinations","13":"tag-eu","14":"tag-europe","15":"tag-fr","16":"tag-france","17":"tag-loire","18":"tag-nantes","19":"tag-news","20":"tag-pays","21":"tag-pays-de-la-loire","22":"tag-preferees","23":"tag-republique-francaise","24":"tag-roche","25":"tag-tete","26":"tag-voyageurs","27":"tag-yon"},"share_on_mastodon":{"url":"https:\/\/pubeurope.com\/@fr\/115020088216733292","error":""},"_links":{"self":[{"href":"https:\/\/www.europesays.com\/fr\/wp-json\/wp\/v2\/posts\/315655","targetHints":{"allow":["GET"]}}],"collection":[{"href":"https:\/\/www.europesays.com\/fr\/wp-json\/wp\/v2\/posts"}],"about":[{"href":"https:\/\/www.europesays.com\/fr\/wp-json\/wp\/v2\/types\/post"}],"author":[{"embeddable":true,"href":"https:\/\/www.europesays.com\/fr\/wp-json\/wp\/v2\/users\/2"}],"replies":[{"embeddable":true,"href":"https:\/\/www.europesays.com\/fr\/wp-json\/wp\/v2\/comments?post=315655"}],"version-history":[{"count":0,"href":"https:\/\/www.europesays.com\/fr\/wp-json\/wp\/v2\/posts\/315655\/revisions"}],"wp:featuredmedia":[{"embeddable":true,"href":"https:\/\/www.europesays.com\/fr\/wp-json\/wp\/v2\/media\/315656"}],"wp:attachment":[{"href":"https:\/\/www.europesays.com\/fr\/wp-json\/wp\/v2\/media?parent=315655"}],"wp:term":[{"taxonomy":"category","embeddable":true,"href":"https:\/\/www.europesays.com\/fr\/wp-json\/wp\/v2\/categories?post=315655"},{"taxonomy":"post_tag","embeddable":true,"href":"https:\/\/www.europesays.com\/fr\/wp-json\/wp\/v2\/tags?post=315655"}],"curies":[{"name":"wp","href":"https:\/\/api.w.org\/{rel}","templated":true}]}}