{"id":315660,"date":"2025-08-13T06:42:19","date_gmt":"2025-08-13T06:42:19","guid":{"rendered":"https:\/\/www.europesays.com\/fr\/315660\/"},"modified":"2025-08-13T06:42:19","modified_gmt":"2025-08-13T06:42:19","slug":"coup-de-chaleur-sur-le-tournage-des-miserables-a-bordeaux","status":"publish","type":"post","link":"https:\/\/www.europesays.com\/fr\/315660\/","title":{"rendered":"Coup de chaleur sur le tournage des \u00ab\u00a0Mis\u00e9rables\u00a0\u00bb \u00e0 Bordeaux"},"content":{"rendered":"<p class=\"wp-block-post-excerpt__excerpt\">Alors que l\u2019alerte rouge canicule est de mise \u00e0 Bordeaux, et qu\u2019un record de chaleur \u00e0 41,6\u00b0C a \u00e9t\u00e9 recens\u00e9 lundi dernier, certains figurants pr\u00e9sents sur le tournage des \u00ab\u00a0Mis\u00e9rables\u00a0\u00bb ont fait des malaises. Des mesures ont \u00e9t\u00e9 prises par la production pour all\u00e9ger les conditions de tournage \u00e9prouvantes. <\/p>\n<p><a href=\"https:\/\/rue89bordeaux.com\/category\/kiosque-abonne\/\" rel=\"tag noopener\" target=\"_blank\">\u00c9dition abonn\u00e9s<\/a>, <a href=\"https:\/\/rue89bordeaux.com\/category\/reportage\/\" rel=\"tag noopener\" target=\"_blank\">Reportage<\/a><\/p>\n<p>Tom Martorelli<\/p>\n<p>Publi\u00e9 le 13 ao\u00fbt 2025\u00a0\u00a0\u00b7\u00a0\u00a0<\/p>\n<p>Imprim\u00e9 le 13 ao\u00fbt 2025 \u00e0 08h42\u00a0\u00a0\u00b7\u00a0\u00a0<\/p>\n<p>\t\t\t\t\t5\u00a0minutes\n<\/p>\n<p>Depuis la semaine derni\u00e8re, et jusqu\u2019\u00e0 jeudi inclus, l\u2019adaptation cin\u00e9matographique du roman de Victor Hugo pose son plateau sur la place du Chapelet, \u00e0 Bordeaux. Ces lundi et mardi apr\u00e8s-midi, \u00ab\u00a075 cascadeurs et 137 figurants\u00a0\u00bb, selon la production, y \u00e9taient r\u00e9unis pour tourner des sc\u00e8nes de combat sous un soleil de plomb, malgr\u00e9 un pic \u00e0 41,6 degr\u00e9s affich\u00e9 et une alerte rouge canicule d\u00e9cr\u00e9t\u00e9e par la pr\u00e9fecture de la Gironde.<\/p>\n<p>Et ils continueront \u00e0 faire face aux chaudes temp\u00e9ratures et \u00e0 des conditions de travail \u00ab\u00a0p\u00e9nibles\u00a0\u00bb, selon les termes d\u2019un r\u00e9gisseur de production pr\u00e9sent sur les lieux. Vendredi dernier, une jeune femme aurait fait un malaise \u00e0 cause de la chaleur, apr\u00e8s avoir \u00e9t\u00e9 expos\u00e9e longtemps au soleil. <\/p>\n<p>\t\tTentatives d\u2019alerte<\/p>\n<p>Car, au-del\u00e0 des sc\u00e8nes physiques, l\u2019attente fait partie du travail des figurants qui sont amen\u00e9s \u00e0 patienter de longues heures avant la prise d\u2019une sc\u00e8ne. Un t\u00e9moin oculaire affirme alors qu\u2019elle \u00e9tait prise de \u00ab\u00a0convulsions\u00a0\u00bb, et que la situation \u00e9tait assez inqui\u00e9tante.<\/p>\n<p>Rue89 Bordeaux a besoin de vos dons<\/p>\n<p>Mille mercis \u00e0 nos 131 donateurs ! Gr\u00e2ce \u00e0 vous, nous avons atteint notre objectif initial de 10\u202f000\u202f\u20ac. Ce soutien va nous permettre de renflouer notre tr\u00e9sorerie, apr\u00e8s le d\u00e9sengagement en 2025 d\u2019un annonceur important \u2013 Bordeaux M\u00e9tropole \u2013 et de r\u00e9gler nos factures en attente.<br \/>Cependant, la cagnotte reste ouverte jusqu\u2019\u00e0 fin septembre afin de vous laisser l\u2019occasion de continuer \u00e0 soutenir votre m\u00e9dia ind\u00e9pendant. Chaque don est d\u00e9ductible des imp\u00f4ts \u00e0 hauteur de 66\u202f%. En recevoir davantage nous permettra de consolider nos finances, d\u2019envisager une rentr\u00e9e sereine, et surtout, d\u2019enrichir nos contenus et de renforcer notre r\u00e9daction.<\/p>\n<p><\/p>\n<p><img loading=\"lazy\" decoding=\"async\" width=\"480\" height=\"480\" src=\"https:\/\/www.europesays.com\/fr\/wp-content\/uploads\/2025\/04\/23-paywall.png\" alt=\"Abonnez-vous\" class=\"wp-image-128439\" style=\"aspect-ratio:1;width:210px;height:auto\"  \/><\/p>\n<p>Cet article fait partie de l\u2019\u00e9dition abonn\u00e9s. Pour lire la suite, profitez d\u2019une offre d\u00e9couverte \u00e0 1\u20ac.<\/p>\n<p class=\"has-gray-700-color has-text-color has-medium-font-size\">Contribuez \u00e0 consolider un m\u00e9dia ind\u00e9pendant \u00e0 Bordeaux, en capacit\u00e9 d\u2019enqu\u00eater sur les enjeux locaux.<\/p>\n<p>\t\t\t<a href=\"https:\/\/rue89bordeaux.com\/\" class=\"custom-logo-link\" rel=\"home noopener\" target=\"_blank\"><img loading=\"lazy\" decoding=\"async\" width=\"290\" height=\"49\" src=\"https:\/\/www.europesays.com\/fr\/wp-content\/uploads\/2025\/04\/logo.png\" class=\"custom-logo\" alt=\"Rue89Bordeaux Enqu\u00eates et informations de proximit\u00e9\"  \/><\/a><\/p>\n<p>\n\t\t\t\tAbonnez-vous maintenant pour suivre l\u2019actualit\u00e9 locale.\t\t\t<\/p>\n<p class=\"font-bold font-serif-heading mb-2 text-4xl\">\n\t\t\t\t\t\tL\u2019investigation locale \u00e0 port\u00e9e de main.\n\t\t\t\t\t<\/p>\n<p>\n\t\t\t\t\t\tAbonnez-vous et profitez d\u2019un acc\u00e8s illimit\u00e9 \u00e0 Rue89Bordeaux. Annulez quand vous voulez.\n\t\t\t\t\t<\/p>\n<p class=\"xl:text-sm\">\n\t\t\t\t\tD\u00e9j\u00e0 abonn\u00e9\u00a0?<br \/>\n\t\t\t\t\t<a class=\"border border-transparent text-center transition-colors duration-instant focus:border-info focus:rounded focus:shadow-focus cursor-pointer text-black hover:text-gray-700 active:bg-black-700 font-semibold inline-block\" href=\"https:\/\/rue89bordeaux.com\/user\/login\/?redirect=\/2025\/08\/coup-de-chaleur-sur-le-tournage-des-miserables-a-bordeaux\/\" target=\"_blank\" rel=\"noopener\">Connectez-vous<\/a>\t\t\t\t<\/p>\n<p>\n\t\t\t\tChoisissez votre formule\u00a0:\n\t\t\t<\/p>\n<p>\t\t\t\tFermer<\/p>\n","protected":false},"excerpt":{"rendered":"Alors que l\u2019alerte rouge canicule est de mise \u00e0 Bordeaux, et qu\u2019un record de chaleur \u00e0 41,6\u00b0C a&hellip;\n","protected":false},"author":2,"featured_media":315661,"comment_status":"","ping_status":"","sticky":false,"template":"","format":"standard","meta":{"footnotes":""},"categories":[2817],"tags":[1111,11,1997,6698,650,1777,674,1011,27,12,2219,25],"class_list":{"0":"post-315660","1":"post","2":"type-post","3":"status-publish","4":"format-standard","5":"has-post-thumbnail","7":"category-bordeaux","8":"tag-actu","9":"tag-actualites","10":"tag-bordeaux","11":"tag-canicule","12":"tag-cinema","13":"tag-eu","14":"tag-europe","15":"tag-fr","16":"tag-france","17":"tag-news","18":"tag-nouvelle-aquitaine","19":"tag-republique-francaise"},"share_on_mastodon":{"url":"https:\/\/pubeurope.com\/@fr\/115020100093518338","error":""},"_links":{"self":[{"href":"https:\/\/www.europesays.com\/fr\/wp-json\/wp\/v2\/posts\/315660","targetHints":{"allow":["GET"]}}],"collection":[{"href":"https:\/\/www.europesays.com\/fr\/wp-json\/wp\/v2\/posts"}],"about":[{"href":"https:\/\/www.europesays.com\/fr\/wp-json\/wp\/v2\/types\/post"}],"author":[{"embeddable":true,"href":"https:\/\/www.europesays.com\/fr\/wp-json\/wp\/v2\/users\/2"}],"replies":[{"embeddable":true,"href":"https:\/\/www.europesays.com\/fr\/wp-json\/wp\/v2\/comments?post=315660"}],"version-history":[{"count":0,"href":"https:\/\/www.europesays.com\/fr\/wp-json\/wp\/v2\/posts\/315660\/revisions"}],"wp:featuredmedia":[{"embeddable":true,"href":"https:\/\/www.europesays.com\/fr\/wp-json\/wp\/v2\/media\/315661"}],"wp:attachment":[{"href":"https:\/\/www.europesays.com\/fr\/wp-json\/wp\/v2\/media?parent=315660"}],"wp:term":[{"taxonomy":"category","embeddable":true,"href":"https:\/\/www.europesays.com\/fr\/wp-json\/wp\/v2\/categories?post=315660"},{"taxonomy":"post_tag","embeddable":true,"href":"https:\/\/www.europesays.com\/fr\/wp-json\/wp\/v2\/tags?post=315660"}],"curies":[{"name":"wp","href":"https:\/\/api.w.org\/{rel}","templated":true}]}}