{"id":315668,"date":"2025-08-13T06:46:45","date_gmt":"2025-08-13T06:46:45","guid":{"rendered":"https:\/\/www.europesays.com\/fr\/315668\/"},"modified":"2025-08-13T06:46:45","modified_gmt":"2025-08-13T06:46:45","slug":"linselles-ivre-au-volant-avec-un-taux-dalcool-hallucinant-il-percute-un-bar-il-tenait-a-peine-debout","status":"publish","type":"post","link":"https:\/\/www.europesays.com\/fr\/315668\/","title":{"rendered":"Linselles. Ivre au volant avec un taux d&rsquo;alcool hallucinant, il percute un bar. \u00ab\u00a0Il tenait \u00e0 peine debout\u00a0\u00bb"},"content":{"rendered":"<p>            Par<br \/>\n        <strong><br \/>\n            <a href=\"https:\/\/actu.fr\/auteur\/bastien-grossin\" title=\"Consulter tous les articles de Bastien Grossin\" target=\"_blank\" rel=\"noopener\">Bastien Grossin<\/a><br \/>\n        <\/strong><\/p>\n<p>        Publi\u00e9 le<\/p>\n<p>            11 ao\u00fbt 2025 \u00e0 16h36        <\/p>\n<p>Conduite et <a href=\"https:\/\/actu.fr\/tag\/alcool\" target=\"_blank\" rel=\"noopener\">alcool<\/a> ne font jamais bon m\u00e9nage. Ce samedi 9\u00a0ao\u00fbt 2025, en pleine journ\u00e9e, un automobiliste perd le contr\u00f4le de son v\u00e9hicule avant de <b>s\u2019encastrer dans la fa\u00e7ade d\u2019un bar<\/b> \u00e0 <a href=\"https:\/\/actu.fr\/hauts-de-france\/linselles_59352\" target=\"_blank\" rel=\"noopener\">Linselles <\/a>(Nord). <b>Totalement ivre<\/b>, il a tent\u00e9 de s\u2019enfuir \u00e0 pied, mais le propri\u00e9taire de l\u2019\u00e9tablissement l\u2019a rapidement rattrap\u00e9 et maintenu sur place jusqu\u2019\u00e0 l\u2019arriv\u00e9e de la police.<\/p>\n<p>Des d\u00e9g\u00e2ts mat\u00e9riels cons\u00e9quents<\/p>\n<p class=\" wall-content\">Il est environ 18\u2009h, ce samedi, quand la police est appel\u00e9e pour un homme ayant percut\u00e9 la fa\u00e7ade d\u2019un bar avec son v\u00e9hicule. En les attendant, le propri\u00e9taire du bar est oblig\u00e9 de retenir l\u2019individu qui essaie de prendre la fuite \u00e0 pied. Si personne n\u2019est bless\u00e9, les d\u00e9g\u00e2ts mat\u00e9riels sont cons\u00e9quents\u2009: mur \u00e9rafl\u00e9, goutti\u00e8re arrach\u00e9e, pare-chocs et pneus endommag\u00e9s.<\/p>\n<p>3 grammes\u00a0d\u2019alcool par litre de sang<\/p>\n<p class=\" wall-content\">\u00c0 leur arriv\u00e9e, les policiers constatent que l\u2019homme est manifestement alcoolis\u00e9. Il peine \u00e0 s\u2019exprimer, titube et refuse de se soumettre au contr\u00f4le d\u2019alcool\u00e9mie. \u00ab\u2009Il tenait \u00e0 peine debout\u2009\u00bb nous confie une source polici\u00e8re.<\/p>\n<p data-end=\"454\" class=\" wall-content\">Les tests, finalement r\u00e9alis\u00e9s au commissariat, indiquent un taux de 1,35\u00a0mg\/L d\u2019air expir\u00e9, soit environ <b>3\u00a0g\/L de sang<\/b>. Pour rappel, la limite autoris\u00e9e au volant est fix\u00e9e \u00e0 0,25\u00a0mg\/L d\u2019air expir\u00e9, soit <b>0,5\u00a0g\/L de sang<\/b>.<\/p>\n<p class=\" wall-content\">Le v\u00e9hicule est immobilis\u00e9 et son propri\u00e9taire plac\u00e9 en garde \u00e0 vue avec son <a href=\"https:\/\/actu.fr\/tag\/permis-de-conduire\" target=\"_blank\" rel=\"noopener\">permis de conduire<\/a> retir\u00e9.<\/p>\n<p class=\" wall-content\">Suivez toute l\u2019actualit\u00e9 de vos villes et m\u00e9dias favoris en vous inscrivant \u00e0 <a href=\"https:\/\/moncompte.actu.fr\" title=\"D\u00e9couvez Mon Actu\" rel=\"nofollow noopener\" data-trk=\"{&quot;cta&quot;:{&quot;action&quot;:&quot;https:\\\/\\\/moncompte.actu.fr&quot;,&quot;category&quot;:&quot;mon compte&quot;,&quot;from&quot;:&quot;article footer&quot;,&quot;name&quot;:&quot;Mon actu&quot;,&quot;type&quot;:&quot;cta&quot;}}\" target=\"_blank\">Mon Actu<\/a>.<\/p>\n","protected":false},"excerpt":{"rendered":"Par Bastien Grossin Publi\u00e9 le 11 ao\u00fbt 2025 \u00e0 16h36 Conduite et alcool ne font jamais bon m\u00e9nage.&hellip;\n","protected":false},"author":2,"featured_media":315669,"comment_status":"","ping_status":"","sticky":false,"template":"","format":"standard","meta":{"footnotes":""},"categories":[2815],"tags":[119,1111,11,5702,1777,674,118,1011,27,811,1307,12,5007,25],"class_list":{"0":"post-315668","1":"post","2":"type-post","3":"status-publish","4":"format-standard","5":"has-post-thumbnail","7":"category-lille","8":"tag-accident","9":"tag-actu","10":"tag-actualites","11":"tag-alcool","12":"tag-eu","13":"tag-europe","14":"tag-faits-divers","15":"tag-fr","16":"tag-france","17":"tag-hauts-de-france","18":"tag-lille","19":"tag-news","20":"tag-permis-de-conduire","21":"tag-republique-francaise"},"share_on_mastodon":{"url":"https:\/\/pubeurope.com\/@fr\/115020115696396252","error":""},"_links":{"self":[{"href":"https:\/\/www.europesays.com\/fr\/wp-json\/wp\/v2\/posts\/315668","targetHints":{"allow":["GET"]}}],"collection":[{"href":"https:\/\/www.europesays.com\/fr\/wp-json\/wp\/v2\/posts"}],"about":[{"href":"https:\/\/www.europesays.com\/fr\/wp-json\/wp\/v2\/types\/post"}],"author":[{"embeddable":true,"href":"https:\/\/www.europesays.com\/fr\/wp-json\/wp\/v2\/users\/2"}],"replies":[{"embeddable":true,"href":"https:\/\/www.europesays.com\/fr\/wp-json\/wp\/v2\/comments?post=315668"}],"version-history":[{"count":0,"href":"https:\/\/www.europesays.com\/fr\/wp-json\/wp\/v2\/posts\/315668\/revisions"}],"wp:featuredmedia":[{"embeddable":true,"href":"https:\/\/www.europesays.com\/fr\/wp-json\/wp\/v2\/media\/315669"}],"wp:attachment":[{"href":"https:\/\/www.europesays.com\/fr\/wp-json\/wp\/v2\/media?parent=315668"}],"wp:term":[{"taxonomy":"category","embeddable":true,"href":"https:\/\/www.europesays.com\/fr\/wp-json\/wp\/v2\/categories?post=315668"},{"taxonomy":"post_tag","embeddable":true,"href":"https:\/\/www.europesays.com\/fr\/wp-json\/wp\/v2\/tags?post=315668"}],"curies":[{"name":"wp","href":"https:\/\/api.w.org\/{rel}","templated":true}]}}