{"id":315672,"date":"2025-08-13T06:48:13","date_gmt":"2025-08-13T06:48:13","guid":{"rendered":"https:\/\/www.europesays.com\/fr\/315672\/"},"modified":"2025-08-13T06:48:13","modified_gmt":"2025-08-13T06:48:13","slug":"stade-nautique-municipal-florence-arthaud-a-marseille-activites-animations-et-accueil","status":"publish","type":"post","link":"https:\/\/www.europesays.com\/fr\/315672\/","title":{"rendered":"Stade nautique municipal Florence Arthaud \u00e0 Marseille : activit\u00e9s, animations et accueil"},"content":{"rendered":"<p>Je me balade souvent sur les quais de Marseille, et je dois dire que notre ville poss\u00e8de un joyau nautique exceptionnel. Le stade nautique municipal Florence Arthaud brille comme un phare dans le paysage maritime marseillais. R\u00e9cemment m\u00e9tamorphos\u00e9 pour les JO 2024, ce <strong>centre nautique embl\u00e9matique de la cit\u00e9 phoc\u00e9enne<\/strong> offre d\u00e9sormais des \u00e9quipements modernes et vari\u00e9s. J\u2019ai eu envie de t\u2019emmener d\u00e9couvrir ce lieu qui porte fi\u00e8rement le nom d\u2019une navigatrice d\u2019exception.<\/p>\n<p>Un h\u00e9ritage olympique au service des Marseillais<\/p>\n<p>La transformation du site pour les Jeux Olympiques 2024 a \u00e9t\u00e9 spectaculaire ! Plus de 7 000 m\u00b2 de b\u00e2timents flambant neufs, 17 000 m\u00b2 d\u2019espaces ext\u00e9rieurs r\u00e9am\u00e9nag\u00e9s et 6 hectares de bassin optimis\u00e9s. J\u2019ai vu ce <strong>centre nautique municipal \u00e9voluer<\/strong> depuis sa cr\u00e9ation dans les ann\u00e9es 70 jusqu\u2019\u00e0 sa compl\u00e8te r\u00e9novation. Ce projet ambitieux n\u2019aurait jamais vu le jour sans l\u2019engagement de nombreux partenaires : l\u2019\u00c9tat, Paris 2024, la R\u00e9gion Sud, le D\u00e9partement des Bouches-du-Rh\u00f4ne et la M\u00e9tropole Aix-Marseille.<\/p>\n<p>De Roucas Blanc \u00e0 Florence Arthaud, un hommage m\u00e9rit\u00e9<\/p>\n<p>L\u2019ancien stade du Roucas Blanc porte d\u00e9sormais le nom de la petite fianc\u00e9e de l\u2019Atlantique. Florence Arthaud, premi\u00e8re Fran\u00e7aise \u00e0 remporter la Route du Rhum en 1990, \u00e9tait Marseillaise de c\u0153ur. Elle a fait ses premi\u00e8res armes sur le bateau familial amarr\u00e9 dans notre Vieux-Port. Le 22 juin 2025, j\u2019assisterai \u00e0 l\u2019inauguration officielle qui promet d\u2019\u00eatre m\u00e9morable avec :<\/p>\n<ul>\n<li>Une c\u00e9r\u00e9monie d\u2019inauguration \u00e0 10h par Beno\u00eet Payan, notre maire<\/li>\n<li>Des ateliers sur la biodiversit\u00e9 marine m\u00e9diterran\u00e9enne<\/li>\n<li>Des initiations aux sports nautiques pour tous<\/li>\n<li>Des expositions retra\u00e7ant l\u2019histoire de la voile \u00e0 Marseille<\/li>\n<li>Un spectacle du Ballet National de Marseille en soir\u00e9e<\/li>\n<\/ul>\n<p>Un centre nautique polyvalent pour tous les publics<\/p>\n<p>Ce qui me pla\u00eet dans ce stade, c\u2019est la diversit\u00e9 des <strong>activit\u00e9s nautiques accessibles \u00e0 tous les \u00e2ges<\/strong>. Tu peux t\u2019inscrire \u00e0 des stages d\u2019optimist d\u00e8s 5 ans, tester la planche \u00e0 voile ou embarquer sur un bateau collectif. Pendant les vacances scolaires, les enfants profitent de stages multi-activit\u00e9s. Les seniors ne sont pas oubli\u00e9s avec des sorties gratuites en bateau collectif, paddle ou planche \u00e0 voile. Si tu cherches des <a href=\"https:\/\/www.newsofmarseille.com\/jet-ski-marseille-sensations-fortes-garanties-mediterranee-location-randonnees-3-00102872025.html\" target=\"_blank\" rel=\"noopener\">sensations fortes en jet ski \u00e0 Marseille<\/a>, la proximit\u00e9 du stade avec d\u2019autres prestataires maritimes est un vrai plus !<\/p>\n<ol>\n<li>Stages de voile pour d\u00e9butants et confirm\u00e9s<\/li>\n<li>Cours de paddle et kayak en mer<\/li>\n<li>Formations \u00e0 la navigation<\/li>\n<li>Sorties en bateau collectif<\/li>\n<li>Activit\u00e9s estivales gratuites pour les jeunes<\/li>\n<\/ol>\n<p>Une offre \u00e9ducative et inclusive<\/p>\n<p>La dimension p\u00e9dagogique est au c\u0153ur du projet avec des <strong>formations nautiques professionnalisantes<\/strong> comme le Certificat de Qualification d\u2019Initiateur Voile. Chaque ann\u00e9e, j\u2019observe avec plaisir 4 500 \u00e9coliers marseillais d\u00e9couvrir la mer gr\u00e2ce aux classes bleues transplant\u00e9es. Les partenariats avec les \u00e9coles et associations locales enrichissent cette offre maritime \u00e9ducative exceptionnelle.<\/p>\n<p>Un r\u00e9seau de bases nautiques municipales compl\u00e9mentaires<\/p>\n<p>Marseille peut se vanter de poss\u00e9der trois <strong>bases nautiques municipales compl\u00e9mentaires<\/strong> qui totalisent pr\u00e8s de 45 000 embarquements annuels : Florence Arthaud, Corbi\u00e8re et l\u2019Huveaune. Ce r\u00e9seau maritime coordonne le d\u00e9veloppement des sports nautiques et facilite l\u2019organisation d\u2019\u00e9v\u00e9nements d\u2019envergure internationale.<\/p>\n<ul>\n<li>Le stade Florence Arthaud, p\u00f4le d\u2019excellence de la voile<\/li>\n<li>La base de Corbi\u00e8re avec ses activit\u00e9s multiples<\/li>\n<li>La base de l\u2019Huveaune sp\u00e9cialis\u00e9e en kayak<\/li>\n<\/ul>\n<p>La Base nautique de Corbi\u00e8re<\/p>\n<p>\u00c0 Corbi\u00e8re, j\u2019appr\u00e9cie les stages multi-activit\u00e9s nautiques vari\u00e9s : bateau collectif, planche \u00e0 voile, optimist, paddle et aviron. Le dispositif Sport Handi Nautique y promeut l\u2019inclusion par le sport des personnes en situation de handicap. Le partenariat avec Avi Sourire offre des s\u00e9ances d\u2019aviron indoor adapt\u00e9es.<\/p>\n<p>La Base nautique de l\u2019Huveaune<\/p>\n<p>Le kayak r\u00e8gne en ma\u00eetre sur cette base qui collabore \u00e9troitement avec le Club Marseille Mazargues Cano\u00eb Kayak. Leurs r\u00e9sultats sont impressionnants : 122 titres de champions de France et 4 m\u00e9dailles olympiques ! Une fiert\u00e9 pour notre ville que je ne manque jamais de mentionner.<\/p>\n<p><a href=\"https:\/\/www.present.fr\/vivre-bali-guide-complet-sexpatrier-france-conseils-pratiques-partir\/\" target=\"_blank\" rel=\"noopener\"><br \/>\n  <img loading=\"lazy\" decoding=\"async\" width=\"1298\" height=\"560\" src=\"data:image\/svg+xml,%3Csvg%20xmlns=\" http:=\"\" alt=\"Vivre \u00e0 Bali\" style=\"width:100%; height:auto;\" data-lazy-src=\"https:\/\/www.europesays.com\/fr\/wp-content\/uploads\/2025\/07\/Design-sans-titre-2025-06-23T141323.113.jpg\"\/><br \/>\n<\/a><\/p>\n<p><img loading=\"lazy\" decoding=\"async\" width=\"150\" height=\"150\" src=\"data:image\/svg+xml,%3Csvg%20xmlns=\" http:=\"\" class=\"attachment-150x150 size-150x150\" alt=\"\" itemprop=\"image\" data-lazy- data-lazy- data-lazy-src=\"https:\/\/www.europesays.com\/fr\/wp-content\/uploads\/2025\/04\/img2-150x150.png\"\/><\/p>\n<p>Je suis Adrien, r\u00e9dacteur virtuel depuis quelques ann\u00e9es. J&rsquo;aime pouvoir partager avec vous les tendances Lifestyle sur le blog News Of Marseille. J&rsquo;esp\u00e8re que vous prendrez plaisir \u00e0 lire mes articles !<\/p>\n<p>Partagez l&rsquo;article ou suivez nous !<\/p>\n<p>\n\tNos images sont \u00e0 but illustratif et peuvent ne pas repr\u00e9senter la r\u00e9alit\u00e9<\/p>\n","protected":false},"excerpt":{"rendered":"Je me balade souvent sur les quais de Marseille, et je dois dire que notre ville poss\u00e8de un&hellip;\n","protected":false},"author":2,"featured_media":315673,"comment_status":"","ping_status":"","sticky":false,"template":"","format":"standard","meta":{"footnotes":""},"categories":[2814],"tags":[34245,45453,45454,45455,1111,11,1777,674,1011,27,884,12,882,25],"class_list":{"0":"post-315672","1":"post","2":"type-post","3":"status-publish","4":"format-standard","5":"has-post-thumbnail","7":"category-marseille","8":"tag-acces-aux-activites-culturelles","9":"tag-acces-aux-amenagements-urbains","10":"tag-acces-aux-calanques","11":"tag-acces-en-bateau","12":"tag-actu","13":"tag-actualites","14":"tag-eu","15":"tag-europe","16":"tag-fr","17":"tag-france","18":"tag-marseille","19":"tag-news","20":"tag-provence-alpes-cote-dazur","21":"tag-republique-francaise"},"share_on_mastodon":{"url":"https:\/\/pubeurope.com\/@fr\/115020123642812557","error":""},"_links":{"self":[{"href":"https:\/\/www.europesays.com\/fr\/wp-json\/wp\/v2\/posts\/315672","targetHints":{"allow":["GET"]}}],"collection":[{"href":"https:\/\/www.europesays.com\/fr\/wp-json\/wp\/v2\/posts"}],"about":[{"href":"https:\/\/www.europesays.com\/fr\/wp-json\/wp\/v2\/types\/post"}],"author":[{"embeddable":true,"href":"https:\/\/www.europesays.com\/fr\/wp-json\/wp\/v2\/users\/2"}],"replies":[{"embeddable":true,"href":"https:\/\/www.europesays.com\/fr\/wp-json\/wp\/v2\/comments?post=315672"}],"version-history":[{"count":0,"href":"https:\/\/www.europesays.com\/fr\/wp-json\/wp\/v2\/posts\/315672\/revisions"}],"wp:featuredmedia":[{"embeddable":true,"href":"https:\/\/www.europesays.com\/fr\/wp-json\/wp\/v2\/media\/315673"}],"wp:attachment":[{"href":"https:\/\/www.europesays.com\/fr\/wp-json\/wp\/v2\/media?parent=315672"}],"wp:term":[{"taxonomy":"category","embeddable":true,"href":"https:\/\/www.europesays.com\/fr\/wp-json\/wp\/v2\/categories?post=315672"},{"taxonomy":"post_tag","embeddable":true,"href":"https:\/\/www.europesays.com\/fr\/wp-json\/wp\/v2\/tags?post=315672"}],"curies":[{"name":"wp","href":"https:\/\/api.w.org\/{rel}","templated":true}]}}