{"id":315679,"date":"2025-08-13T06:53:09","date_gmt":"2025-08-13T06:53:09","guid":{"rendered":"https:\/\/www.europesays.com\/fr\/315679\/"},"modified":"2025-08-13T06:53:09","modified_gmt":"2025-08-13T06:53:09","slug":"a-paris-la-hausse-des-tarifs-des-velos-en-libre-service-irrite","status":"publish","type":"post","link":"https:\/\/www.europesays.com\/fr\/315679\/","title":{"rendered":"\u00e0 Paris, la hausse des tarifs des v\u00e9los en libre-service irrite"},"content":{"rendered":"<p>            Par<br \/>\n        <strong><br \/>\n            <a href=\"https:\/\/actu.fr\/auteur\/redaction-paris\" title=\"Consulter tous les articles de R\u00e9daction Paris\" rel=\"nofollow noopener\" target=\"_blank\">R\u00e9daction Paris<\/a><br \/>\n        <\/strong><\/p>\n<p>        Publi\u00e9 le<\/p>\n<p>            13 ao\u00fbt 2025 \u00e0 8h06        <\/p>\n<p>\u00c7a y est, les tarifs des <a href=\"https:\/\/actu.fr\/tag\/velib\" rel=\"nofollow noopener\" target=\"_blank\">V\u00e9lib\u2019<\/a> ont augment\u00e9. Depuis mardi 12\u00a0ao\u00fbt 2025, les v\u00e9los verts et bleus ont de nouveaux prix et cela a le don d\u2019agacer les usagers \u00e0 Paris et en \u00cele-de-France. La patience de ces derniers est mise \u00e0 rude \u00e9preuve depuis le d\u00e9but de l\u2019\u00e9t\u00e9 en raison d\u2019<strong>une importante d\u00e9gradation du service.<\/strong> Les stations vides, <a href=\"https:\/\/actu.fr\/ile-de-france\/paris_75056\/paris-cette-technique-toute-simple-est-a-l-origine-de-centaines-de-vols-de-velib-s-par-semaine_62871439.html\" rel=\"nofollow noopener\" target=\"_blank\">les v\u00e9los d\u00e9faillants<\/a> ou impossibles \u00e0 d\u00e9tacher de leur borne d\u2019accroche et maintenant la hausse des prix\u2026 Cela fait beaucoup pour les cyclistes qui sont nombreux \u00e0 s\u2019\u00e9nerver sur les r\u00e9seaux sociaux.<\/p>\n<p>Vives r\u00e9actions<\/p>\n<p class=\" wall-content\">\u00ab\u2009<strong>Le service est toujours abominable<\/strong>. Et cela depuis sa mise en service\u2026 le 1er janvier 2018. R\u00e9sultat\u2009? Baisse de fr\u00e9quentation. Cons\u00e9quence\u2009: augmentation des prix\u2009\u00bb, note un internaute en d\u00e9couvrant la nouvelle grille tarifaire. \u00ab\u20093 euros le trajet de V\u00e9lib\u2019 \u00e9lectrique\u2009: la course effr\u00e9n\u00e9e de la ville de Paris pour avoir <strong>un V\u00e9lib\u2019 plus cher et moins efficace\u2009!<\/strong> Il est d\u00e9sormais plus cher qu\u2019un ticket de m\u00e9tro \u00e0 2,50 euros et aussi polluant. On ralentit les bus \u00e0 Paris pour prioriser les v\u00e9los mais V\u00e9lib\u2019 ne fonctionne toujours pas correctement\u2009\u00bb, s\u2019agace un autre.<\/p>\n<p class=\" wall-content\">\n<p class=\" wall-content\">Sur Facebook, les groupes d\u2019utilisateurs de V\u00e9lib\u2019 ont aussi du mal \u00e0 avaler la pilule. \u00ab\u2009Si au moins le service \u00e9tait \u00e0 la hauteur\u2026 Mais non\u2026 La coupe est pleine. Je quitterai V\u00e9lib\u2019 sans aucun regret\u2009\u00bb, annonce l\u2019un. \u00ab\u2009Malheureusement, j\u2019ai sign\u00e9 pour 1 an jusqu\u2019\u00e0 mars\u00a02026. J\u2019ai eu beaucoup de hors forfaits non justifi\u00e9s et pour r\u00e9clamer cela faut se battre combat sans fin\u2026 Entre les V\u00e9lib\u2019 qui fonctionnent jamais, la qualit\u00e9\u00a0etc. <strong>Vraiment un chaos pour le prix pay\u00e9<\/strong>\u2009\u00bb, r\u00e9pond un autre.<\/p>\n<p>Des tarifs vot\u00e9s en juin<\/p>\n<p class=\" wall-content\"><strong>Les nouveaux bar\u00e8mes<\/strong> avaient \u00e9t\u00e9 vot\u00e9s en juin par l\u2019Agemob et entrent en vigueur pour toute nouvelle inscription ou renouvellement de l\u2019abonnement. Les 190\u2009000 abonn\u00e9s \u00e0 la formule V-Max sont les premiers perdants. Le prix mensuel de 9,30\u00a0euros reste inchang\u00e9, en revanche, ils vont perdre un sacr\u00e9 avantage. Fini les deux courses de 45\u00a0minutes gratuites \u00e0 v\u00e9lo \u00e9lectrique chaque jour. Elles sont d\u00e9sormais factur\u00e9es 0,50 euro. La premi\u00e8re heure de V\u00e9lib\u2019 m\u00e9canique reste gratuite.<\/p>\n<p class=\" wall-content\">L\u2019abonnement V-Plus va, lui, passer de 3,10\u00a0euros \u00e0 4,30\u00a0euros par mois. Et l\u2019inscription V-Libre qui \u00e9tait destin\u00e9e aux usagers occasionnels et \u00e9tait jusque-l\u00e0 <strong>gratuite<\/strong> va passer \u00e0 6\u00a0euros la minute.<\/p>\n<p class=\" wall-content\">Suivez toute l\u2019actualit\u00e9 de vos villes et m\u00e9dias favoris en vous inscrivant \u00e0 <a href=\"https:\/\/moncompte.actu.fr\" title=\"D\u00e9couvez Mon Actu\" rel=\"nofollow noopener\" data-trk=\"{&quot;cta&quot;:{&quot;action&quot;:&quot;https:\\\/\\\/moncompte.actu.fr&quot;,&quot;category&quot;:&quot;mon compte&quot;,&quot;from&quot;:&quot;article footer&quot;,&quot;name&quot;:&quot;Mon actu&quot;,&quot;type&quot;:&quot;cta&quot;}}\" target=\"_blank\">Mon Actu<\/a>.<\/p>\n","protected":false},"excerpt":{"rendered":"Par R\u00e9daction Paris Publi\u00e9 le 13 ao\u00fbt 2025 \u00e0 8h06 \u00c7a y est, les tarifs des V\u00e9lib\u2019 ont&hellip;\n","protected":false},"author":2,"featured_media":315680,"comment_status":"","ping_status":"","sticky":false,"template":"","format":"standard","meta":{"footnotes":""},"categories":[1888],"tags":[1111,1928,11,1927,1777,674,1011,27,12,1926,626,1925,25,104,36253,208],"class_list":{"0":"post-315679","1":"post","2":"type-post","3":"status-publish","4":"format-standard","5":"has-post-thumbnail","7":"category-paris","8":"tag-actu","9":"tag-actu-paris","10":"tag-actualites","11":"tag-actualites-paris","12":"tag-eu","13":"tag-europe","14":"tag-fr","15":"tag-france","16":"tag-news","17":"tag-news-paris","18":"tag-paris","19":"tag-paris-news","20":"tag-republique-francaise","21":"tag-societe","22":"tag-velib","23":"tag-velo"},"share_on_mastodon":{"url":"https:\/\/pubeurope.com\/@fr\/115020143670134205","error":""},"_links":{"self":[{"href":"https:\/\/www.europesays.com\/fr\/wp-json\/wp\/v2\/posts\/315679","targetHints":{"allow":["GET"]}}],"collection":[{"href":"https:\/\/www.europesays.com\/fr\/wp-json\/wp\/v2\/posts"}],"about":[{"href":"https:\/\/www.europesays.com\/fr\/wp-json\/wp\/v2\/types\/post"}],"author":[{"embeddable":true,"href":"https:\/\/www.europesays.com\/fr\/wp-json\/wp\/v2\/users\/2"}],"replies":[{"embeddable":true,"href":"https:\/\/www.europesays.com\/fr\/wp-json\/wp\/v2\/comments?post=315679"}],"version-history":[{"count":0,"href":"https:\/\/www.europesays.com\/fr\/wp-json\/wp\/v2\/posts\/315679\/revisions"}],"wp:featuredmedia":[{"embeddable":true,"href":"https:\/\/www.europesays.com\/fr\/wp-json\/wp\/v2\/media\/315680"}],"wp:attachment":[{"href":"https:\/\/www.europesays.com\/fr\/wp-json\/wp\/v2\/media?parent=315679"}],"wp:term":[{"taxonomy":"category","embeddable":true,"href":"https:\/\/www.europesays.com\/fr\/wp-json\/wp\/v2\/categories?post=315679"},{"taxonomy":"post_tag","embeddable":true,"href":"https:\/\/www.europesays.com\/fr\/wp-json\/wp\/v2\/tags?post=315679"}],"curies":[{"name":"wp","href":"https:\/\/api.w.org\/{rel}","templated":true}]}}