{"id":315681,"date":"2025-08-13T06:54:36","date_gmt":"2025-08-13T06:54:36","guid":{"rendered":"https:\/\/www.europesays.com\/fr\/315681\/"},"modified":"2025-08-13T06:54:36","modified_gmt":"2025-08-13T06:54:36","slug":"des-orages-vont-ils-rafraichir-latmosphere-12-08-2025","status":"publish","type":"post","link":"https:\/\/www.europesays.com\/fr\/315681\/","title":{"rendered":"des orages vont-ils rafra\u00eechir l&rsquo;atmosph\u00e8re ? 12\/08\/2025"},"content":{"rendered":"<p><img alt=\"\" loading=\"lazy\" width=\"1200\" height=\"1040\" decoding=\"async\" data-nimg=\"1\" style=\"color:transparent\"  src=\"https:\/\/www.europesays.com\/fr\/wp-content\/uploads\/2025\/08\/1755068067_157_image\"\/><\/p>\n<p><strong>Photo J\u00e9r\u00e9mie Gaillard d&rsquo;un\u00a0orage de chaleur dans le sud-ouest du Tarn, le 28 mai 2016 &#8211;\u00a0issue de l&rsquo;ouvrage \u00ab\u00a0M\u00e9t\u00e9o Extr\u00eame\u00a0\u00bb &#8211; \u00e9ditions Hugo Images\u00a0<\/strong><\/p>\n<p>\u00a0<\/p>\n<p>Si \u00e0 la fin du mois de juin et au d\u00e9but du mois de juillet, les coups de chaleur ont \u00e9t\u00e9 syst\u00e9matiquement accompagn\u00e9s et suivis de violents orages, ces derniers ont l\u2019air beaucoup plus rares en ce milieu du mois d\u2019ao\u00fbt\u2026 Qu\u2019en sera-t-il dans les prochains jours ? Et s\u2019ils ont lieu, seront-ils accompagn\u00e9s d\u2019une baisse durable des temp\u00e9ratures ?<\/p>\n<p>\u00a0<\/p>\n<p>\u00a0<\/p>\n<p>Retour de l&rsquo;instabilit\u00e9 par l&rsquo;Ouest<\/p>\n<p>\u00a0<\/p>\n<p>La vague de chaleur que nous connaissons depuis quelques jours est bien install\u00e9e sur l\u2019Europe occidentale. Le puissant d\u00f4me de chaleur qui s\u2019est constitu\u00e9 (anticyclone en altitude), maintient un temps stable et limite le risque d\u2019orages.<br \/>&#13;<br \/>\nCependant, l\u2019arriv\u00e9e de l\u2019ex-temp\u00eate tropicale Dexter sur les \u00eeles britanniques va cr\u00e9er de l\u2019instabilit\u00e9 sur la moiti\u00e9 Ouest et un risque de forts orages locaux li\u00e9s \u00e9galement \u00e0 cette chaleur intense.<\/p>\n<p>\u00a0<\/p>\n<p><img alt=\"\" loading=\"lazy\" width=\"700\" height=\"706\" decoding=\"async\" data-nimg=\"1\" style=\"color:transparent\"  src=\"https:\/\/www.europesays.com\/fr\/wp-content\/uploads\/2025\/08\/1755068068_434_image\"\/><\/p>\n<p><strong>Carte d&rsquo;analyse de la situation en Europe pour mercredi &#8211; ECMWF<\/strong><\/p>\n<p>\u00a0<\/p>\n<p>\u00a0<\/p>\n<p>Les orages commencent d\u00e9s mardi soir<\/p>\n<p>\u00a0<\/p>\n<p>Quelques orages parfois forts se d\u00e9veloppent mardi soir sur les reliefs des Pyr\u00e9n\u00e9es, du Massif central, du Sud des Alpes et de la Corse avec des chutes de gr\u00eale possibles.<br \/>&#13;<br \/>\nMais d\u2019autres orages arriveront par la C\u00f4te Aquitaine dans la nuit de mardi \u00e0 mercredi, et ce sont ces orages qui annonceront une d\u00e9gradation un peu importante pour mercredi (mais des orages toujours pas g\u00e9n\u00e9ralis\u00e9s !).<\/p>\n<p>\u00a0<\/p>\n<p><img alt=\"\" loading=\"lazy\" width=\"700\" height=\"704\" decoding=\"async\" data-nimg=\"1\" style=\"color:transparent\"  src=\"https:\/\/www.europesays.com\/fr\/wp-content\/uploads\/2025\/08\/1755068068_681_image\"\/><\/p>\n<p><strong>Carte de pr\u00e9visions du risque d&rsquo;orages pour mardi soir et la nuit suivante &#8211; Meteo-villes.com<\/strong><\/p>\n<p>\u00a0<\/p>\n<p>\u00a0<\/p>\n<p>Mercredi l\u2019instabilit\u00e9 sera donc plus forte que les jours pr\u00e9c\u00e9dents sur une grande moiti\u00e9 Ouest, notamment dans le Sud-ouest ainsi que dans l\u2019extr\u00eame Nord.<\/p>\n<p>\u00a0<\/p>\n<p><img alt=\"\" loading=\"lazy\" width=\"700\" height=\"698\" decoding=\"async\" data-nimg=\"1\" style=\"color:transparent\"  src=\"https:\/\/www.europesays.com\/fr\/wp-content\/uploads\/2025\/08\/1755068069_58_image\"\/><\/p>\n<p><strong>Carte de pr\u00e9visions du risque d&rsquo;orages pour mercredi &#8211; Meteo-villes.com<\/strong><\/p>\n<p>\u00a0<\/p>\n<p>\u00a0<\/p>\n<p>Encore un risque de gr\u00eale ou gr\u00ealons<\/p>\n<p>\u00a0<\/p>\n<p>Comme les orages ne seront pas g\u00e9n\u00e9ralis\u00e9s, la gr\u00eale ne le sera pas non plus\u2026 En revanche, la carte ci-dessous indique clairement que certains orages pourraient \u00eatre accompagn\u00e9s de gr\u00ealons, notamment dans le Sud-ouest, ainsi que dans l\u2019extr\u00eame Nord.<\/p>\n<p>\u00a0<\/p>\n<p><img alt=\"\" loading=\"lazy\" width=\"700\" height=\"683\" decoding=\"async\" data-nimg=\"1\" style=\"color:transparent\"  src=\"https:\/\/www.europesays.com\/fr\/wp-content\/uploads\/2025\/08\/1755068070_383_image\"\/><\/p>\n<p><strong>Carte de pr\u00e9visions du risque de gr\u00eale pour mercredi &#8211; ESSL<\/strong><\/p>\n<p>\u00a0<\/p>\n<p>\u00a0<\/p>\n<p>Attention aux puissantes rafales de vent locales<\/p>\n<p>\u00a0<\/p>\n<p>Au passage de ces orages, les rafales de vent pourraient \u00eatre assez puissantes (d\u2019autant qu\u2019il y aura d\u2019importants contrastes thermiques li\u00e9s aux fortes chaleurs de l\u2019apr\u00e8s-midi).<br \/>&#13;<br \/>\nDes ph\u00e9nom\u00e8nes de rafales descendantes avec localement des vitesses sup\u00e9rieures \u00e0 100 km\/h pourraient se produire, notamment dans le Sud-ouest.<\/p>\n<p>\u00a0<\/p>\n<p><img alt=\"\" loading=\"lazy\" width=\"700\" height=\"700\" decoding=\"async\" data-nimg=\"1\" style=\"color:transparent\"  src=\"https:\/\/www.europesays.com\/fr\/wp-content\/uploads\/2025\/08\/1755068072_938_image\"\/><\/p>\n<p><strong>Carte de pr\u00e9visions des rafales de vent maxi. pour mercredi &#8211; mod\u00e8le AR\u00d4ME &#8211; fond de carte M\u00e9t\u00e9ociel<\/strong><\/p>\n<p>\u00a0<\/p>\n<p>\u00a0<\/p>\n<p>Des orages peu organis\u00e9s et difficiles \u00e0 pr\u00e9voir<\/p>\n<p>\u00a0<\/p>\n<p>Lorsque l\u2019on regarde l\u2019\u00e9volution des pr\u00e9cipitations, on constate clairement que ces orages ne seront pas vraiment organis\u00e9s (sauf peut-\u00eatre \u00e0 l&rsquo;Ouest du Massif-central).<br \/>&#13;<br \/>\nComme souvent, le P\u00e9rigord semble donc la r\u00e9gion la plus expos\u00e9e au risque d\u2019orages violents.<\/p>\n<p>\u00a0<\/p>\n<p><img alt=\"\" loading=\"lazy\" width=\"700\" height=\"700\" decoding=\"async\" data-nimg=\"1\" style=\"color:transparent\"  src=\"https:\/\/www.europesays.com\/fr\/wp-content\/uploads\/2025\/08\/1755068074_601_image\"\/><\/p>\n<p><strong>Carte de pr\u00e9visions des pluies heure par heure pour mercredi &#8211; mod\u00e8le AR\u00d4ME &#8211; fond de carte M\u00e9t\u00e9ociel<\/strong><\/p>\n<p>\u00a0<\/p>\n<p>\u00a0<\/p>\n<p>Rafraichissements brutaux et temporaires\u00a0<\/p>\n<p>\u00a0<\/p>\n<p>L\u2019\u00e9volution des temp\u00e9ratures de l\u2019apr\u00e8s-midi et de la soir\u00e9e indique clairement que ces orages seront accompagn\u00e9s d\u2019un rafra\u00eechissement tr\u00e8s net sur le quart Sud-ouest (chutes pouvant localement atteindre 10\u00b0C en quelques minutes).<br \/>&#13;<br \/>\nMalheureusement ce rafra\u00eechissement devrait \u00eatre de courte dur\u00e9e, avec le retour des fortes chaleurs d\u00e8s le lendemain &#8211; <a href=\"https:\/\/www.meteo-villes.com\/france\/previsions\" class=\" underline\" target=\"_blank\" rel=\"noreferrer nofollow noopener\">consulter notre bulletin national et nos cartes de pr\u00e9visions des temp\u00e9ratures &gt;&gt;&gt;<\/a><\/p>\n<p>\u00a0<\/p>\n<p><img alt=\"\" loading=\"lazy\" width=\"700\" height=\"700\" decoding=\"async\" data-nimg=\"1\" style=\"color:transparent\"  src=\"https:\/\/www.europesays.com\/fr\/wp-content\/uploads\/2025\/08\/1755068075_177_image\"\/><\/p>\n<p><strong>Carte de pr\u00e9visions des temp\u00e9ratures heure par heure pour mercredi &#8211; mod\u00e8le AR\u00d4ME &#8211; fond de carte M\u00e9t\u00e9ociel<\/strong><\/p>\n<p>\u00a0<\/p>\n<p>\u00a0<\/p>\n<p>Un \u00e9pisode orageux de courte dur\u00e9e<\/p>\n<p>\u00a0<\/p>\n<p>Jeudi et vendredi, le risque d\u2019orages se d\u00e9placera vers les r\u00e9gions de l\u2019Est, mais il ne sera pas aussi fort que mercredi et devrait se limiter principalement aux reliefs des Pyr\u00e9n\u00e9es, du Massif-central et des r\u00e9gions de l\u2019Est (pour jeudi), puis essentiellement aux r\u00e9gions de l\u2019Est (pour vendredi).\u00a0<\/p>\n<p>Le vrai changement de temps durable avec orages g\u00e9n\u00e9ralis\u00e9s et fin de la vague de chaleur aura lieu plut\u00f4t en milieu de semaine prochaine <a href=\"http:\/\/www.meteo-villes.com\/france\/previsions\" class=\" underline\" target=\"_blank\" rel=\"noreferrer nofollow noopener\">&gt;&gt;&gt;<\/a><\/p>\n<p>\u00a0<\/p>\n<p><img alt=\"\" loading=\"lazy\" width=\"700\" height=\"350\" decoding=\"async\" data-nimg=\"1\" style=\"color:transparent\"  src=\"https:\/\/www.europesays.com\/fr\/wp-content\/uploads\/2025\/08\/1755068076_900_image\"\/><\/p>\n<p><strong>Cartes de pr\u00e9visions du risque d&rsquo;orages pour jeudi et vendredi &#8211; Meteo-villes.com<\/strong><\/p>\n<p>\u00a0<\/p>\n<p>\u00a0<\/p>\n<p>Auteur : <a href=\"https:\/\/www.meteo-paris.com\/guillaume-sechet\" class=\" underline\" target=\"_blank\" rel=\"noreferrer nofollow noopener\">Guillaume S\u00e9chet<\/a><\/p>\n","protected":false},"excerpt":{"rendered":"Photo J\u00e9r\u00e9mie Gaillard d&rsquo;un\u00a0orage de chaleur dans le sud-ouest du Tarn, le 28 mai 2016 &#8211;\u00a0issue de l&rsquo;ouvrage&hellip;\n","protected":false},"author":2,"featured_media":315682,"comment_status":"","ping_status":"","sticky":false,"template":"","format":"standard","meta":{"footnotes":""},"categories":[1888],"tags":[1111,1928,11,1927,1777,674,1011,27,12,1926,626,1925,25],"class_list":{"0":"post-315681","1":"post","2":"type-post","3":"status-publish","4":"format-standard","5":"has-post-thumbnail","7":"category-paris","8":"tag-actu","9":"tag-actu-paris","10":"tag-actualites","11":"tag-actualites-paris","12":"tag-eu","13":"tag-europe","14":"tag-fr","15":"tag-france","16":"tag-news","17":"tag-news-paris","18":"tag-paris","19":"tag-paris-news","20":"tag-republique-francaise"},"share_on_mastodon":{"url":"https:\/\/pubeurope.com\/@fr\/115020147470734079","error":""},"_links":{"self":[{"href":"https:\/\/www.europesays.com\/fr\/wp-json\/wp\/v2\/posts\/315681","targetHints":{"allow":["GET"]}}],"collection":[{"href":"https:\/\/www.europesays.com\/fr\/wp-json\/wp\/v2\/posts"}],"about":[{"href":"https:\/\/www.europesays.com\/fr\/wp-json\/wp\/v2\/types\/post"}],"author":[{"embeddable":true,"href":"https:\/\/www.europesays.com\/fr\/wp-json\/wp\/v2\/users\/2"}],"replies":[{"embeddable":true,"href":"https:\/\/www.europesays.com\/fr\/wp-json\/wp\/v2\/comments?post=315681"}],"version-history":[{"count":0,"href":"https:\/\/www.europesays.com\/fr\/wp-json\/wp\/v2\/posts\/315681\/revisions"}],"wp:featuredmedia":[{"embeddable":true,"href":"https:\/\/www.europesays.com\/fr\/wp-json\/wp\/v2\/media\/315682"}],"wp:attachment":[{"href":"https:\/\/www.europesays.com\/fr\/wp-json\/wp\/v2\/media?parent=315681"}],"wp:term":[{"taxonomy":"category","embeddable":true,"href":"https:\/\/www.europesays.com\/fr\/wp-json\/wp\/v2\/categories?post=315681"},{"taxonomy":"post_tag","embeddable":true,"href":"https:\/\/www.europesays.com\/fr\/wp-json\/wp\/v2\/tags?post=315681"}],"curies":[{"name":"wp","href":"https:\/\/api.w.org\/{rel}","templated":true}]}}