{"id":315686,"date":"2025-08-13T06:57:19","date_gmt":"2025-08-13T06:57:19","guid":{"rendered":"https:\/\/www.europesays.com\/fr\/315686\/"},"modified":"2025-08-13T06:57:19","modified_gmt":"2025-08-13T06:57:19","slug":"le-grand-nord-se-prepare-a-la-guerre","status":"publish","type":"post","link":"https:\/\/www.europesays.com\/fr\/315686\/","title":{"rendered":"Le Grand Nord se\u00a0pr\u00e9pare \u00e0\u00a0la\u00a0guerre"},"content":{"rendered":"<p>&#13;<br \/>\n                                                    Alors que les\u00a0risques d\u2019un conflit polaire entre la\u00a0Russie et l\u2019Occident se concr\u00e9tisent, les\u00a0soldats finlandais, norv\u00e9giens, am\u00e9ricains et canadiens multiplient leurs entra\u00eenements dans l\u2019Arctique. Le\u00a0photographe Louie Palu suit depuis dix ans la\u00a0militarisation de cette r\u00e9gion o\u00f9 le\u00a0vent et le\u00a0froid sont, eux aussi, des\u00a0ennemis.                                                <\/p>\n<p>Soudain, les Ukrainiens ont surpris le monde entier. Le 1er\u00a0juin 2025, utilisant uniquement de petits drones cach\u00e9s par un camion \u00e0 quelques kilom\u00e8tres de la base militaire russe d\u2019Olenia, au-del\u00e0 du cercle polaire arctique, ils en ont d\u00e9jou\u00e9 le syst\u00e8me de d\u00e9fense et d\u00e9truit plusieurs bombardiers. Il s\u2019agit de l\u2019attaque la plus d\u00e9vastatrice jamais men\u00e9e contre des bases russes, selon Kristian \u00c5tland, chercheur \u00e0 l\u2019Institut norv\u00e9gien de recherche sur la d\u00e9fense.<\/p>\n<p>Il y a dix ans, de retour de la guerre d\u2019Afghanistan, le photographe canadien Louie Palu a pari\u00e9 que le nouveau front de guerre serait justement dans l\u2019Arctique. Il a commenc\u00e9 \u00e0 suivre la militarisation de cette zone boulevers\u00e9e par le changement climatique \u2013\u00a0elle se r\u00e9chauffe quatre fois plus rapidement que les autres r\u00e9gions du monde\u00a0\u2013, les rivalit\u00e9s g\u00e9opolitiques et les \u00e9chos de l\u2019ambition coloniale qui s\u2019y jouent. \u00ab\u00a0C\u2019est aussi la route la plus courte entre la Russie et les \u00c9tats-Unis. S\u2019il y a une attaque contre les \u00c9tats-Unis, c\u2019est par l\u00e0 qu\u2019elle va passer\u00a0\u00bb, commente le photographe.<\/p>\n<p>Pearl Harbor au p\u00f4le Nord<\/p>\n<p>Louie Palu semble avoir gagn\u00e9 son pari. Avant\u00a02025, aucun conflit n\u2019avait touch\u00e9 le Grand Nord depuis la Seconde Guerre mondiale avec, en 1939, ce qui a \u00e9t\u00e9 appel\u00e9 la \u00ab\u00a0guerre d\u2019Hiver\u00a0\u00bb entre la Finlande et l\u2019Union sovi\u00e9tique. Aujourd\u2019hui, une guerre polaire entre la Russie et l\u2019Occident semble plus proche que jamais. Selon le magazine russe Verstka, les \u00ab\u00a0blogueurs Z\u00a0\u00bb soutenant le conflit en Ukraine et les correspondants de guerre ont compar\u00e9 l\u2019attaque du 1er\u00a0juin \u00e0 Pearl Harbor.<\/p>\n<p>Avec plus de quarante voyages au p\u00f4le Nord, dix ans de travail et le soutien de plusieurs institutions, dont la prestigieuse fondation John-Simon-Guggenheim, Louie Palu nous raconte les entra\u00eenements militaires autour de cette fronti\u00e8re pr\u00e9caire. Le titre de sa s\u00e9rie photographique Distant Early Warning, produite avec l\u2019aide du Pulitzer Center, est un clin d\u2019\u0153il au syst\u00e8me radar du m\u00eame nom, construit par les \u00c9tats-Unis et le Canada dans les ann\u00e9es\u00a01950 par crainte d\u2019une attaque nucl\u00e9aire russe au-dessus de l\u2019Arctique. Ces images nous forcent \u00e0 porter notre regard sur une zone fragile \u00ab\u00a0o\u00f9 tout peut arriver\u00a0\u00bb.<\/p>\n<p><img fetchpriority=\"high\" decoding=\"async\" width=\"2400\" height=\"1601\" src=\"https:\/\/www.europesays.com\/fr\/wp-content\/uploads\/2025\/08\/guerre-nord-louie-palu-01.jpg\" alt=\"soldats marchant dans la neige\" class=\"wp-image-31675\"  \/>Des soldats canadiens \u00e9quip\u00e9s de fusils d\u2019assaut, de mitrailleuses et de munitions marchent lors d\u2019un exercice sur l\u2019\u00eele Cornwallis, dans la r\u00e9gion du Nunavut, au Canada, en mars\u00a02024. Un entra\u00eenement au combat et \u00e0 la survie dans une contr\u00e9e o\u00f9 les temp\u00e9ratures peuvent atteindre\u00a0\u221250\u00a0\u00b0C.<img loading=\"lazy\" decoding=\"async\" width=\"1024\" height=\"684\" src=\"https:\/\/www.europesays.com\/fr\/wp-content\/uploads\/2025\/08\/guerre-nord-louie-palu-02-1024x684.jpg\" alt=\"entra\u00eenement militaire dans l\u2019Arctique\" class=\"wp-image-31676\"  \/>Ce soldat finlandais apprend \u00e0 des Am\u00e9ricains \u00e0 se d\u00e9brouiller dans une eau extr\u00eamement froide, lors d\u2019un entra\u00eenement conjoint au combat hivernal dans une base militaire \u00e0 Sodankyl\u00e4, en Laponie, en f\u00e9vrier\u00a02023.<img loading=\"lazy\" decoding=\"async\" width=\"1024\" height=\"683\" src=\"https:\/\/www.europesays.com\/fr\/wp-content\/uploads\/2025\/08\/guerre-nord-louie-palu-03-1024x683.jpg\" alt=\"un soldat canadien\" class=\"wp-image-31677\"  \/>\u00c0 Crystal City (Nunavut), en mars\u00a02024. Le caporal Anuga Michael, membre des rangers canadiens, enseigne aux soldats du sud du pays comment op\u00e9rer dans l\u2019Arctique.<img loading=\"lazy\" decoding=\"async\" width=\"1024\" height=\"683\" src=\"https:\/\/www.europesays.com\/fr\/wp-content\/uploads\/2025\/08\/guerre-nord-louie-palu-04-1024x683.jpg\" alt=\"soldats dans la neige\" class=\"wp-image-31678\"  \/>Des soldats canadiens tentent de r\u00e9cup\u00e9rer des blocs de neige provenant d\u2019op\u00e9rations pass\u00e9es afin de construire des murs autour de leurs tentes pour se prot\u00e9ger du vent et du froid extr\u00eame. Crystal City, mars\u00a02024.<img loading=\"lazy\" decoding=\"async\" width=\"1024\" height=\"683\" src=\"https:\/\/www.europesays.com\/fr\/wp-content\/uploads\/2025\/08\/guerre-nord-louie-palu-05-1024x683.jpg\" alt=\"militaire construisant un abri dans la neige\" class=\"wp-image-31679\"  \/>Un soldat am\u00e9ricain construit un abri de survie \u00e0 l\u2019aide de rondins, de morceaux d\u2019arbres, d\u2019un parachute et de neige, au cours de la formation Cold Weather Leaders (\u00ab\u00a0chefs d\u2019\u00e9quipe en environnement froid\u00a0\u00bb). Dispens\u00e9 par l\u2019arm\u00e9e am\u00e9ricaine, ce cursus est destin\u00e9 aux membres de la 11e\u00a0division a\u00e9roport\u00e9e, qui s\u2019entra\u00eenent \u00e0 mener des op\u00e9rations dans un environnement arctique. Alaska, septembre 2023.<img loading=\"lazy\" decoding=\"async\" width=\"2400\" height=\"1601\" src=\"https:\/\/www.europesays.com\/fr\/wp-content\/uploads\/2025\/08\/guerre-nord-louie-palu-06.jpg\" alt=\"militaires en Arctique\" class=\"wp-image-31680\"  \/>Des militaires finlandais participent \u00e0 l\u2019exercice Kontio\u00a022, dans la r\u00e9gion de Nurmes, en Car\u00e9lie du Nord, en novembre 2022. Le sc\u00e9nario consiste \u00e0 repousser une invasion \u00e0 la fronti\u00e8re. L\u2019exercice mobilise jusqu\u2019\u00e0 8\u00a0000\u00a0soldats et se d\u00e9roule \u00e0 la date anniversaire de la guerre de 1939 entre la Finlande et l\u2019Union sovi\u00e9tique, \u00e0 proximit\u00e9 des terres finlandaises annex\u00e9es par l\u2019URSS.<img loading=\"lazy\" decoding=\"async\" width=\"2400\" height=\"1601\" src=\"https:\/\/www.europesays.com\/fr\/wp-content\/uploads\/2025\/08\/guerre-nord-louie-palu-07.jpg\" alt=\"tirs de lance-roquettes dans un paysage de neige\" class=\"wp-image-31681\"  \/>Un peloton d\u2019infanterie, une unit\u00e9 d\u2019intervention et une unit\u00e9 de chars s\u2019entra\u00eenent aux tirs r\u00e9els avec une batterie de lance-roquettes et une batterie d\u2019artillerie lourde, durant l\u2019exercice de l\u2019arm\u00e9e finlandaise Arctic Shield\u00a018 \u00e0 Rovaj\u00e4rvi, en Laponie, en\u00a02018.<img loading=\"lazy\" decoding=\"async\" width=\"1024\" height=\"683\" src=\"https:\/\/www.europesays.com\/fr\/wp-content\/uploads\/2025\/08\/guerre-nord-louie-palu-08-1024x683.jpg\" alt=\"char d\u2019assaut en tenue de camouflage d\u2019hiver\" class=\"wp-image-31682\"  \/>Un char finlandais camoufl\u00e9 dans une for\u00eat pr\u00e8s de Nurmes, en\u00a02023, lors d\u2019un exercice militaire simulant l\u2019invasion du pays par une arm\u00e9e \u00e9trang\u00e8re.<img loading=\"lazy\" decoding=\"async\" width=\"2400\" height=\"1601\" src=\"https:\/\/www.europesays.com\/fr\/wp-content\/uploads\/2025\/08\/guerre-nord-louie-palu-09.jpg\" alt=\"plongeur militaire sous l\u2019eau\" class=\"wp-image-31683\"  \/>Un plongeur norv\u00e9gien sp\u00e9cialis\u00e9 dans la neutralisation des explosifs militaires intervient dans la r\u00e9gion de Narvik, en Norv\u00e8ge, en\u00a02020. Dans cette zone, des milliers de munitions navales, de mines et de bombes non explos\u00e9es datant de la Seconde Guerre mondiale continuent d\u2019\u00eatre d\u00e9couvertes.<img loading=\"lazy\" decoding=\"async\" width=\"1024\" height=\"683\" src=\"https:\/\/www.europesays.com\/fr\/wp-content\/uploads\/2025\/08\/guerre-nord-louie-palu-10-1024x683.jpg\" alt=\"soldats \u00e0 ski dans la neige\" class=\"wp-image-31684\"  \/>Des militaires norv\u00e9giens \u00e0 ski dans une r\u00e9gion centrale de la Norv\u00e8ge, en 2020. Le ski a longtemps \u00e9t\u00e9 le moyen de d\u00e9placement le plus efficace et le plus discret pour les soldats au sein des r\u00e9gions arctiques europ\u00e9ennes.<\/p>\n<p>            <img decoding=\"async\" class=\"cover full\" src=\"https:\/\/www.europesays.com\/fr\/wp-content\/uploads\/2025\/08\/palu-distant-early-warning-018-1-675x900.jpg\" alt=\"\" loading=\"lazy\"\/><\/p>\n<p>Janvier 2020<\/p>\n<p>        <a href=\"https:\/\/revue21.fr\/article\/a-la-conquete-du-grand-nord\/\" class=\"title link-extend title-5\" target=\"_blank\" rel=\"noopener\"><br \/>\n                        \u00c0 la conqu\u00eate du Grand\u00a0Nord<br \/>\n        <\/a><\/p>\n<p>En raison du r\u00e9chauffement climatique, de nouvelles voies maritimes se sont ouvertes en Arctique. Avec elles, des possibilit\u00e9s de commerce.<\/p>\n<p>Cr\u00e9dit photo\u00a0: Louie Palu\/Agence VU<\/p>\n","protected":false},"excerpt":{"rendered":"&#13; Alors que les\u00a0risques d\u2019un conflit polaire entre la\u00a0Russie et l\u2019Occident se concr\u00e9tisent, les\u00a0soldats finlandais, norv\u00e9giens, am\u00e9ricains et&hellip;\n","protected":false},"author":2,"featured_media":315687,"comment_status":"","ping_status":"","sticky":false,"template":"","format":"standard","meta":{"footnotes":""},"categories":[1591],"tags":[11,674,1887,1146,3579,12,1885,1886,132],"class_list":{"0":"post-315686","1":"post","2":"type-post","3":"status-publish","4":"format-standard","5":"has-post-thumbnail","7":"category-russie","8":"tag-actualites","9":"tag-europe","10":"tag-federation-de-russie","11":"tag-guerre","12":"tag-militaire","13":"tag-news","14":"tag-russia","15":"tag-russian-federation","16":"tag-russie"},"share_on_mastodon":{"url":"https:\/\/pubeurope.com\/@fr\/115020159334467042","error":""},"_links":{"self":[{"href":"https:\/\/www.europesays.com\/fr\/wp-json\/wp\/v2\/posts\/315686","targetHints":{"allow":["GET"]}}],"collection":[{"href":"https:\/\/www.europesays.com\/fr\/wp-json\/wp\/v2\/posts"}],"about":[{"href":"https:\/\/www.europesays.com\/fr\/wp-json\/wp\/v2\/types\/post"}],"author":[{"embeddable":true,"href":"https:\/\/www.europesays.com\/fr\/wp-json\/wp\/v2\/users\/2"}],"replies":[{"embeddable":true,"href":"https:\/\/www.europesays.com\/fr\/wp-json\/wp\/v2\/comments?post=315686"}],"version-history":[{"count":0,"href":"https:\/\/www.europesays.com\/fr\/wp-json\/wp\/v2\/posts\/315686\/revisions"}],"wp:featuredmedia":[{"embeddable":true,"href":"https:\/\/www.europesays.com\/fr\/wp-json\/wp\/v2\/media\/315687"}],"wp:attachment":[{"href":"https:\/\/www.europesays.com\/fr\/wp-json\/wp\/v2\/media?parent=315686"}],"wp:term":[{"taxonomy":"category","embeddable":true,"href":"https:\/\/www.europesays.com\/fr\/wp-json\/wp\/v2\/categories?post=315686"},{"taxonomy":"post_tag","embeddable":true,"href":"https:\/\/www.europesays.com\/fr\/wp-json\/wp\/v2\/tags?post=315686"}],"curies":[{"name":"wp","href":"https:\/\/api.w.org\/{rel}","templated":true}]}}