{"id":315692,"date":"2025-08-13T07:00:12","date_gmt":"2025-08-13T07:00:12","guid":{"rendered":"https:\/\/www.europesays.com\/fr\/315692\/"},"modified":"2025-08-13T07:00:12","modified_gmt":"2025-08-13T07:00:12","slug":"nucleaire-iranien-la-france-lallemagne-et-le-royaume-uni-prets-a-declencher-de-nouvelles-sanctions","status":"publish","type":"post","link":"https:\/\/www.europesays.com\/fr\/315692\/","title":{"rendered":"Nucl\u00e9aire iranien\u00a0: la France, l\u2019Allemagne et le Royaume-Uni \u00ab\u00a0pr\u00eats \u00e0 d\u00e9clencher\u00a0\u00bb de nouvelles sanctions"},"content":{"rendered":"<p class=\"paragraph text_align_left lp-f-body-02\">Paris, Berlin et Londres se disent pr\u00eats \u00e0 <a href=\"https:\/\/www.leparisien.fr\/international\/nucleaire-teheran-met-en-garde-paris-berlin-et-londres-contre-une-erreur-strategique-06-06-2025-A7AYKXKGTRBYDHRUGOT5T7F3OA.php\" target=\"_self\" rel=\"nofollow noopener\">d\u00e9clencher le m\u00e9canisme de r\u00e9imposition de sanctions<\/a> contre l\u2019Iran si aucune solution n\u00e9goci\u00e9e n\u2019est trouv\u00e9e sur le programme nucl\u00e9aire iranien d\u2019ici fin ao\u00fbt, selon une lettre adress\u00e9e \u00e0 l\u2019ONU.<\/p>\n<p class=\"paragraph text_align_left lp-f-body-02\">Dans ce courrier, r\u00e9v\u00e9l\u00e9 mercredi par le Financial Times, les trois ministres des Affaires \u00e9trang\u00e8res soulignent avoir \u00ab\u00a0clairement indiqu\u00e9 que si l\u2019Iran ne souhaite pas <a href=\"https:\/\/www.leparisien.fr\/international\/nucleaire-iranien-de-nouveaux-pourparlers-se-tiennent-vendredi-entre-teheran-et-les-europeens-25-07-2025-PUIBXNEF6RBIVPJRAKNGLYAWWQ.php\" target=\"_self\" rel=\"nofollow noopener\">parvenir \u00e0 une solution diplomatique<\/a> avant fin ao\u00fbt\u00a02025, ou ne saisit pas l\u2019opportunit\u00e9 d\u2019une prolongation\u00a0\u00bb, ils sont \u00ab\u00a0pr\u00eats \u00e0 d\u00e9clencher le m\u00e9canisme\u00a0\u00bb permettant de r\u00e9tablir l\u2019ensemble des sanctions internationales \u00e0 l\u2019encontre de l\u2019Iran.<\/p>\n<p class=\"paragraph text_align_left lp-f-body-02\">Le ministre allemand des Affaires \u00e9trang\u00e8res, Johann Wadephul, ses homologues fran\u00e7ais Jean-No\u00ebl Barrot et britannique David Lammy se disent n\u00e9anmoins \u00ab\u00a0pleinement engag\u00e9s en faveur d\u2019une r\u00e9solution diplomatique de la crise provoqu\u00e9e par <a href=\"https:\/\/www.leparisien.fr\/international\/iran\/nucleaire-iranien-les-discussions-entre-teheran-et-europeens-vont-reprendre-vendredi-21-07-2025-TJHNG26RONH4FG3BWBYUVNNU3I.php\" target=\"_self\" rel=\"nofollow noopener\">le programme nucl\u00e9aire iranien<\/a> et poursuivront leurs \u00e9changes en vue de parvenir \u00e0 une solution n\u00e9goci\u00e9e\u00a0\u00bb.<\/p>\n<p class=\"title-embed-dailymotion lp-color-text lp-f-subtitle-04\">Vid\u00e9oIran : des fun\u00e9railles nationales \u00e0 T\u00e9h\u00e9ran pour les morts de la guerre<\/p>\n<p class=\"paragraph text_align_left lp-f-body-02\">La lettre adress\u00e9e au secr\u00e9taire g\u00e9n\u00e9ral de l\u2019ONU, Ant\u00f3nio Guterres, et au Conseil de s\u00e9curit\u00e9 intervient deux mois <a href=\"https:\/\/www.leparisien.fr\/international\/iran\/iran-le-programme-nucleaire-de-teheran-retarde-denviron-deux-ans-par-les-frappes-americaines-affirme-le-pentagone-02-07-2025-AACU2XUK6VA3HDVVRHKUBINAAQ.php\" target=\"_self\" rel=\"nofollow noopener\">apr\u00e8s des frappes isra\u00e9liennes et am\u00e9ricaines sur des sites nucl\u00e9aires<\/a> en Iran, qui ont mis un coup d\u2019arr\u00eat aux n\u00e9gociations entam\u00e9es entre T\u00e9h\u00e9ran et Washington d\u2019une part et aux discussions avec les trois pays de l\u2019autre part. \u00c0 la suite de cette guerre des 12 jours, <a href=\"https:\/\/www.leparisien.fr\/international\/iran\/liran-affirme-ne-pas-chercher-a-se-doter-de-larme-nucleaire-mais-entend-faire-valoir-ses-droits-legitimes-24-06-2025-XD456TQX2JEYXF3STTSLXED7WY.php\" target=\"_self\" rel=\"nofollow noopener\">l\u2019Iran avait suspendu sa coop\u00e9ration<\/a>, d\u00e9j\u00e0 limit\u00e9e, avec l\u2019agence internationale de l\u2019\u00e9nergie atomique (AIEA).<\/p>\n<p class=\"paragraph text_align_left lp-f-body-02\">Dans leur lettre, les ministres dressent la liste \u00ab\u00a0non exhaustive\u00a0\u00bb des engagements nucl\u00e9aires pris dans le cadre de l\u2019accord qui avait \u00e9t\u00e9 sign\u00e9 en 2015 et que <a href=\"https:\/\/www.leparisien.fr\/international\/le-programme-nucleaire-iranien-est-il-reellement-devaste-23-06-2025-EHNDDBWPRRDDXBI5AZH6RNJDCM.php\" target=\"_self\" rel=\"nofollow noopener\">\u00ab\u00a0l\u2019Iran n\u2019a pas respect\u00e9s\u00a0\u00bb<\/a>, en particulier l\u2019accumulation d\u2019un stock total d\u2019uranium enrichi, \u00ab\u00a0plus de 40 fois\u00a0\u00bb sup\u00e9rieur \u00e0 la limite fix\u00e9e par le trait\u00e9.<\/p>\n<p class=\"paragraph text_align_left lp-f-body-02\">Mais le ministre iranien des Affaires \u00e9trang\u00e8res, Abbas Araghchi, a annonc\u00e9 dimanche qu\u2019un directeur g\u00e9n\u00e9ral adjoint de l\u2019agence <a href=\"https:\/\/www.leparisien.fr\/international\/israel\/frappes-disrael-en-iran-qui-sont-les-scientifiques-du-programme-nucleaire-iranien-tues-13-06-2025-PFWPGG5FDFDQTAU2IICZPO2ZR4.php\" target=\"_self\" rel=\"nofollow noopener\">\u00e9tait attendu lundi \u00e0 T\u00e9h\u00e9ran pour discuter<\/a> d\u2019un nouveau cadre de coop\u00e9ration. Araghchi avait lui-m\u00eame envoy\u00e9 un courrier \u00e0 l\u2019ONU le mois dernier dans lequel il avait affirm\u00e9 que les pays <a href=\"https:\/\/www.leparisien.fr\/international\/iran\/nucleaire-iranien-5-minutes-pour-comprendre-la-fin-des-relations-entre-laiea-et-teheran-02-07-2025-3YZKBE3MEBCVROUV7CPYGMZUMA.php\" target=\"_self\" rel=\"nofollow noopener\">n\u2019avaient pas de l\u00e9gitimit\u00e9 \u00e0 r\u00e9enclencher le m\u00e9canisme<\/a> de sanctions. En guise de r\u00e9ponse, les ministres allemands, britannique et fran\u00e7ais \u00e9crivent dans leur lettre adress\u00e9e mardi que ces affirmations sont \u00ab\u00a0infond\u00e9es\u00a0\u00bb.<\/p>\n<p>La guerre men\u00e9e par Isra\u00ebl en cause<\/p>\n<p class=\"paragraph text_align_left lp-f-body-02\">Les trois pays, en tant que participants au trait\u00e9 de 2015 connu sous l\u2019acronyme JCPOA, \u00ab\u00a0seraient clairement et sans ambigu\u00eft\u00e9 juridiquement justifi\u00e9e <a href=\"https:\/\/www.leparisien.fr\/international\/iran\/iran-les-installations-nucleaires-de-fordo-gravement-endommagees-selon-une-nouvelle-evaluation-americaine-18-07-2025-HN6K3Y6XHFHH5GTG7EOXZ6HTPE.php\" target=\"_self\" rel=\"nofollow noopener\">d\u2019utiliser les dispositions pertinentes de la r\u00e9solution 2231<\/a> (2015) du Conseil de s\u00e9curit\u00e9 des Nations unies pour d\u00e9clencher le m\u00e9canisme\u00a0\u00bb, arguent-ils. La France, le Royaume-Uni et l\u2019Allemagne sont, avec les \u00c9tats-Unis, la Chine et la Russie,<a href=\"https:\/\/www.leparisien.fr\/international\/iran\/en-iran-le-pire-scenario-serait-que-le-pays-sorte-du-traite-de-non-proliferation-nucleaire-juge-emmanuel-macron-27-06-2025-KLLT74J37FBQBLIRXHP637AP2U.php\" target=\"_self\" rel=\"nofollow noopener\"> membres d\u2019un accord sur le nucl\u00e9aire conclu avec l\u2019Iran en 2015 <\/a>qui pr\u00e9voyait d\u2019importantes restrictions au programme nucl\u00e9aire iranien, en \u00e9change d\u2019une lev\u00e9e progressive des sanctions de l\u2019ONU.<\/p>\n<p class=\"paragraph text_align_left lp-f-body-02\">Les \u00c9tats-Unis se sont retir\u00e9s unilat\u00e9ralement de ce texte en 2018 et ont r\u00e9impos\u00e9 leurs sanctions mais les trois pays avaient assur\u00e9 leur attachement \u00e0 cet accord et affirmaient <a href=\"https:\/\/www.leparisien.fr\/international\/guerre-israel-iran-leurope-a-encore-une-carte-a-jouer-22-06-2025-PBTHGA2QD5CL3CSAO5RUQJW6TE.php\" target=\"_self\" rel=\"nofollow noopener\">vouloir poursuivre les \u00e9changes commerciaux avec l\u2019Iran<\/a>. Les sanctions onusiennes et europ\u00e9ennes n\u2019ont donc pas \u00e9t\u00e9 r\u00e9tablies.<\/p>\n","protected":false},"excerpt":{"rendered":"Paris, Berlin et Londres se disent pr\u00eats \u00e0 d\u00e9clencher le m\u00e9canisme de r\u00e9imposition de sanctions contre l\u2019Iran si&hellip;\n","protected":false},"author":2,"featured_media":315693,"comment_status":"","ping_status":"","sticky":false,"template":"","format":"standard","meta":{"footnotes":""},"categories":[1588],"tags":[11,1777,674,14,12,473,1853,1851,1850,1852],"class_list":{"0":"post-315692","1":"post","2":"type-post","3":"status-publish","4":"format-standard","5":"has-post-thumbnail","7":"category-royaume-uni","8":"tag-actualites","9":"tag-eu","10":"tag-europe","11":"tag-international","12":"tag-news","13":"tag-royaume-uni","14":"tag-royaume-uni-de-grande-bretagne-et-dirlande-du-nord","15":"tag-uk","16":"tag-united-kingdom","17":"tag-united-kingdom-of-great-britain-and-northern-ireland"},"share_on_mastodon":{"url":"https:\/\/pubeurope.com\/@fr\/115020170801775473","error":""},"_links":{"self":[{"href":"https:\/\/www.europesays.com\/fr\/wp-json\/wp\/v2\/posts\/315692","targetHints":{"allow":["GET"]}}],"collection":[{"href":"https:\/\/www.europesays.com\/fr\/wp-json\/wp\/v2\/posts"}],"about":[{"href":"https:\/\/www.europesays.com\/fr\/wp-json\/wp\/v2\/types\/post"}],"author":[{"embeddable":true,"href":"https:\/\/www.europesays.com\/fr\/wp-json\/wp\/v2\/users\/2"}],"replies":[{"embeddable":true,"href":"https:\/\/www.europesays.com\/fr\/wp-json\/wp\/v2\/comments?post=315692"}],"version-history":[{"count":0,"href":"https:\/\/www.europesays.com\/fr\/wp-json\/wp\/v2\/posts\/315692\/revisions"}],"wp:featuredmedia":[{"embeddable":true,"href":"https:\/\/www.europesays.com\/fr\/wp-json\/wp\/v2\/media\/315693"}],"wp:attachment":[{"href":"https:\/\/www.europesays.com\/fr\/wp-json\/wp\/v2\/media?parent=315692"}],"wp:term":[{"taxonomy":"category","embeddable":true,"href":"https:\/\/www.europesays.com\/fr\/wp-json\/wp\/v2\/categories?post=315692"},{"taxonomy":"post_tag","embeddable":true,"href":"https:\/\/www.europesays.com\/fr\/wp-json\/wp\/v2\/tags?post=315692"}],"curies":[{"name":"wp","href":"https:\/\/api.w.org\/{rel}","templated":true}]}}