{"id":315694,"date":"2025-08-13T07:01:42","date_gmt":"2025-08-13T07:01:42","guid":{"rendered":"https:\/\/www.europesays.com\/fr\/315694\/"},"modified":"2025-08-13T07:01:42","modified_gmt":"2025-08-13T07:01:42","slug":"nucleaire-iranien-lallemagne-le-royaume-uni-et-la-france-prets-a-reimposer-les-sanctions-contre-liran","status":"publish","type":"post","link":"https:\/\/www.europesays.com\/fr\/315694\/","title":{"rendered":"Nucl\u00e9aire iranien\u00a0: l\u2019Allemagne, le Royaume-Uni et la France, pr\u00eats \u00e0 r\u00e9imposer les sanctions contre l\u2019Iran"},"content":{"rendered":"<p>La lettre adress\u00e9e au secr\u00e9taire g\u00e9n\u00e9ral de l\u2019ONU\u00a0et au Conseil de s\u00e9curit\u00e9 intervient deux mois apr\u00e8s des frappes isra\u00e9liennes et am\u00e9ricaines sur des sites nucl\u00e9aires en Iran.<\/p>\n<p>A la suite de cette guerre des 12 jours, l\u2019Iran avait suspendu sa coop\u00e9ration, d\u00e9j\u00e0 limit\u00e9e, avec l\u2019agence internationale de l\u2019\u00e9nergie atomique.<\/p>\n<p>Mais le ministre iranien des Affaires \u00e9trang\u00e8res, Abbas Araghchi avait annonc\u00e9 dimanche qu\u2019un directeur g\u00e9n\u00e9ral adjoint de l\u2019agence \u00e9tait attendu lundi \u00e0 T\u00e9h\u00e9ran <a href=\"https:\/\/www.rtbf.be\/article\/apres-la-guerre-le-nucleaire-iranien-a-nouveau-a-une-table-des-negociations-11580061\" rel=\"nofollow noopener\" target=\"_blank\">pour discuter d\u2019un nouveau cadre de coop\u00e9ration<\/a>. Abbas\u00a0Araghchi avait envoy\u00e9 un courrier \u00e0 l\u2019ONU le mois dernier dans lequel il avait affirm\u00e9 que les trois pays europ\u00e9ens n\u2019avaient pas de l\u00e9gitimit\u00e9 \u00e0 r\u00e9enclencher le m\u00e9canisme de sanctions. Ces affirmations sont \u00ab\u00a0infond\u00e9es\u00a0\u00bb, estiment les Europ\u00e9ens.<\/p>\n","protected":false},"excerpt":{"rendered":"La lettre adress\u00e9e au secr\u00e9taire g\u00e9n\u00e9ral de l\u2019ONU\u00a0et au Conseil de s\u00e9curit\u00e9 intervient deux mois apr\u00e8s des frappes&hellip;\n","protected":false},"author":2,"featured_media":315695,"comment_status":"","ping_status":"","sticky":false,"template":"","format":"standard","meta":{"footnotes":""},"categories":[1587],"tags":[11,672,1804,1805,1803,1777,674,1801,12,1802],"class_list":{"0":"post-315694","1":"post","2":"type-post","3":"status-publish","4":"format-standard","5":"has-post-thumbnail","7":"category-allemagne","8":"tag-actualites","9":"tag-allemagne","10":"tag-bundesrepublik-deutschland","11":"tag-de","12":"tag-deutschland","13":"tag-eu","14":"tag-europe","15":"tag-germany","16":"tag-news","17":"tag-republique-federale-dallemagne"},"share_on_mastodon":{"url":"https:\/\/pubeurope.com\/@fr\/115020174906742574","error":""},"_links":{"self":[{"href":"https:\/\/www.europesays.com\/fr\/wp-json\/wp\/v2\/posts\/315694","targetHints":{"allow":["GET"]}}],"collection":[{"href":"https:\/\/www.europesays.com\/fr\/wp-json\/wp\/v2\/posts"}],"about":[{"href":"https:\/\/www.europesays.com\/fr\/wp-json\/wp\/v2\/types\/post"}],"author":[{"embeddable":true,"href":"https:\/\/www.europesays.com\/fr\/wp-json\/wp\/v2\/users\/2"}],"replies":[{"embeddable":true,"href":"https:\/\/www.europesays.com\/fr\/wp-json\/wp\/v2\/comments?post=315694"}],"version-history":[{"count":0,"href":"https:\/\/www.europesays.com\/fr\/wp-json\/wp\/v2\/posts\/315694\/revisions"}],"wp:featuredmedia":[{"embeddable":true,"href":"https:\/\/www.europesays.com\/fr\/wp-json\/wp\/v2\/media\/315695"}],"wp:attachment":[{"href":"https:\/\/www.europesays.com\/fr\/wp-json\/wp\/v2\/media?parent=315694"}],"wp:term":[{"taxonomy":"category","embeddable":true,"href":"https:\/\/www.europesays.com\/fr\/wp-json\/wp\/v2\/categories?post=315694"},{"taxonomy":"post_tag","embeddable":true,"href":"https:\/\/www.europesays.com\/fr\/wp-json\/wp\/v2\/tags?post=315694"}],"curies":[{"name":"wp","href":"https:\/\/api.w.org\/{rel}","templated":true}]}}