{"id":315698,"date":"2025-08-13T07:03:15","date_gmt":"2025-08-13T07:03:15","guid":{"rendered":"https:\/\/www.europesays.com\/fr\/315698\/"},"modified":"2025-08-13T07:03:15","modified_gmt":"2025-08-13T07:03:15","slug":"lue-peut-elle-etre-un-leader-en-matiere-de-climat-tout-en-renforcant-sa-competitivite-economique","status":"publish","type":"post","link":"https:\/\/www.europesays.com\/fr\/315698\/","title":{"rendered":"L\u2019UE peut-elle \u00eatre un leader en mati\u00e8re de climat tout en renfor\u00e7ant sa comp\u00e9titivit\u00e9 \u00e9conomique\u00a0?"},"content":{"rendered":"<p>\n                    Publi\u00e9 le                 12\/08\/2025 &#8211; 15:00 UTC+2<br \/>\n                \u2022Mis \u00e0 jour<br \/>\n                                     16:02\n                                        <\/p>\n<p>          <img decoding=\"async\" class=\"c-ad__placeholder__logo\" src=\"https:\/\/static.euronews.com\/website\/images\/logos\/logo-euronews-stacked-outlined-72x72-grey-9.svg\" width=\"72\" height=\"72\" alt=\"\" loading=\"lazy\"\/><br \/>\n          PUBLICIT\u00c9<\/p>\n<p>Au c\u0153ur du d\u00e9bat et de cet \u00e9pisode d\u2019EU\u202fDecoded, cette question\u202f: le bloc des 27\u202fpays peut-il conserver son leadership en mati\u00e8re de politique climatique tout en restant une puissance \u00e9conomique\u202f?<\/p>\n<p>Par sa loi sur le climat, l\u2019UE s\u2019est engag\u00e9e \u00e0 atteindre la neutralit\u00e9 climatique d\u2019ici le milieu du si\u00e8cle, avec un objectif interm\u00e9diaire de r\u00e9duction de 55\u202f% des \u00e9missions de gaz \u00e0 effet de serre par rapport au niveau de 1990 d\u2019ici 2030. La r\u00e9vision de ce texte l\u00e9gislatif historique lanc\u00e9e par l\u2019ex\u00e9cutif europ\u00e9en en juillet pr\u00e9voit de fixer un objectif pour 2040.\u00a0<\/p>\n<p>La r\u00e9vision propose \u00e9galement de permettre aux pays de l\u2019UE de participer au march\u00e9 international du carbone afin de compenser une partie de leur pollution.<\/p>\n<p>\u00ab\u202fEn r\u00e9sum\u00e9, un \u00c9tat membre de l\u2019UE pourrait payer un pays tiers hors de l\u2019UE pour r\u00e9duire ses \u00e9missions de gaz \u00e0 effet de serre\u202f\u00bb, a expliqu\u00e9 Gr\u00e9goire\u202fLory, journaliste d\u2019Euronews, lors de l\u2019\u00e9mission. \u00ab\u202fLes ONG disent que c\u2019est un non-sens, car cela va \u00e0 l\u2019encontre des avis scientifiques.<\/p>\n<p>Elle pr\u00e9voit \u00e9galement d\u2019autres formes de flexibilit\u00e9.\u00a0<\/p>\n<p>\u00ab\u202fL\u2019une d\u2019entre elles est que l\u2019\u00e9limination du carbone peut se faire de mani\u00e8re naturelle ou \u00e0 l\u2019aide de technologies industrielles. Et \u00e0 ce sujet, les ONG affirment que ces technologies industrielles d\u2019\u00e9limination ne sont pas assez avanc\u00e9es pour \u00eatre g\u00e9n\u00e9ralis\u00e9es\u202f\u00bb, a indiqu\u00e9 Gr\u00e9goire\u202fLory. Une autre \u00ab\u202fflexibilit\u00e9\u202f\u00bb est celle entre secteurs, de sorte que les secteurs en avance sur leurs r\u00e9ductions puissent compenser ceux qui sont en retard\u202f\u00bb.\u00a0<\/p>\n<p>\u00ab\u202fNous ne pouvons pas r\u00e9soudre la crise climatique seuls\u202f\u00bb<\/p>\n<p>Une tentative d\u2019acc\u00e9l\u00e9rer la r\u00e9vision par le Parlement\u202feurop\u00e9en a toutefois \u00e9t\u00e9 rejet\u00e9e.\u00a0<\/p>\n<p>\u00ab\u202fL\u2019extr\u00eame droite l\u2019a bloqu\u00e9e avec le soutien du PPE (groupe de centre-droit)\u202f\u00bb, a d\u00e9clar\u00e9 \u00e0 Euronews l\u2019eurod\u00e9put\u00e9e des Verts Lena\u202fSchilling (Autriche). \u00ab\u202fMaintenant, avec les sociaux-d\u00e9mocrates et les lib\u00e9raux, nous devons convaincre le PPE et c\u2019est ce que nous essayons de faire, pour collaborer de mani\u00e8re constructive et \u00e9laborer un autre rapport, d\u2019autres amendements.\u202f\u00bb\u00a0<\/p>\n<p>Mais les l\u00e9gislateurs ne sont pas les seuls \u00e0 \u00eatre divis\u00e9s. Le pr\u00e9sident fran\u00e7ais Emmanuel\u202fMacron avait demand\u00e9 en juin \u00e0 la Commission de retarder sa proposition, arguant qu\u2019il fallait plus de temps pour parvenir \u00e0 un compromis europ\u00e9en qui ne nuise pas \u00e0 la comp\u00e9titivit\u00e9 mondiale d\u00e9j\u00e0 fragile de l\u2019Union.<\/p>\n<p>Pour Lena\u202fSchilling, la position d\u2019Emmanuel\u202fMacron \u00ab\u202fperturbe vraiment les n\u00e9gociations de la prochaine COP\u202f\u00bb, qui se tiendra au Br\u00e9sil en novembre.<\/p>\n<p>\u00ab\u202fOn dit souvent que l\u2019Europe ne peut pas r\u00e9soudre la crise climatique seule. Nous avons besoin de la Chine, des \u00c9tats-Unis, des autres pays, de l\u2019Inde. Et en m\u00eame temps, juste avant d\u2019annoncer nos CDN (contributions d\u00e9termin\u00e9es au niveau national), nous essayons de nous r\u00e9tracter. C&rsquo;est tout simplement irresponsable et extr\u00eamement dangereux\u202f\u00bb, a-t-elle ajout\u00e9.\u00a0<\/p>\n<p>Mais la lutte contre le changement climatique semble avoir \u00e9t\u00e9 rel\u00e9gu\u00e9e au second plan des priorit\u00e9s de la Commission. Dans sa proposition de budget de 2\u202f000\u202fmilliards d\u2019euros pour la p\u00e9riode 2028-2034, pr\u00e9sent\u00e9e le mois dernier, l\u2019accent a clairement \u00e9t\u00e9 mis sur la comp\u00e9titivit\u00e9, la s\u00e9curit\u00e9 et la d\u00e9fense.\u00a0<\/p>\n<p><strong>Journalistes\u202f: Alice\u202fTidey et Isabel\u202fMarques\u202fda\u202fSilva<\/strong>\u00a0<\/p>\n<p><strong>Production de contenu\u202f: Pilar\u202fMontero\u202fL\u00f3pez<\/strong>\u00a0<\/p>\n<p><strong>Production vid\u00e9o\u202f: Zacharia\u202fVigneron<\/strong>\u00a0<\/p>\n<p><strong>Graphisme\u202f: Loredana\u202fDumitru<\/strong>\u00a0<\/p>\n<p><strong>Coordination \u00e9ditoriale\u202f: Ana\u202fL\u00e1zaro\u202fBosch et Jeremy\u202fFleming-Jones<\/strong><\/p>\n<p>\u00a0<\/p>\n","protected":false},"excerpt":{"rendered":"Publi\u00e9 le 12\/08\/2025 &#8211; 15:00 UTC+2 \u2022Mis \u00e0 jour 16:02 PUBLICIT\u00c9 Au c\u0153ur du d\u00e9bat et de cet&hellip;\n","protected":false},"author":2,"featured_media":315699,"comment_status":"","ping_status":"","sticky":false,"template":"","format":"standard","meta":{"footnotes":""},"categories":[1586],"tags":[11,51,30559,1777,674,1779,1011,27,12,17749,5140,25,1778,364],"class_list":{"0":"post-315698","1":"post","2":"type-post","3":"status-publish","4":"format-standard","5":"has-post-thumbnail","7":"category-europe","8":"tag-actualites","9":"tag-ecologie","10":"tag-economie-europeenne","11":"tag-eu","12":"tag-europe","13":"tag-european-union","14":"tag-fr","15":"tag-france","16":"tag-news","17":"tag-politique-europeenne","18":"tag-rechauffement-climatique","19":"tag-republique-francaise","20":"tag-ue","21":"tag-union-europeenne"},"share_on_mastodon":{"url":"https:\/\/pubeurope.com\/@fr\/115020182779676327","error":""},"_links":{"self":[{"href":"https:\/\/www.europesays.com\/fr\/wp-json\/wp\/v2\/posts\/315698","targetHints":{"allow":["GET"]}}],"collection":[{"href":"https:\/\/www.europesays.com\/fr\/wp-json\/wp\/v2\/posts"}],"about":[{"href":"https:\/\/www.europesays.com\/fr\/wp-json\/wp\/v2\/types\/post"}],"author":[{"embeddable":true,"href":"https:\/\/www.europesays.com\/fr\/wp-json\/wp\/v2\/users\/2"}],"replies":[{"embeddable":true,"href":"https:\/\/www.europesays.com\/fr\/wp-json\/wp\/v2\/comments?post=315698"}],"version-history":[{"count":0,"href":"https:\/\/www.europesays.com\/fr\/wp-json\/wp\/v2\/posts\/315698\/revisions"}],"wp:featuredmedia":[{"embeddable":true,"href":"https:\/\/www.europesays.com\/fr\/wp-json\/wp\/v2\/media\/315699"}],"wp:attachment":[{"href":"https:\/\/www.europesays.com\/fr\/wp-json\/wp\/v2\/media?parent=315698"}],"wp:term":[{"taxonomy":"category","embeddable":true,"href":"https:\/\/www.europesays.com\/fr\/wp-json\/wp\/v2\/categories?post=315698"},{"taxonomy":"post_tag","embeddable":true,"href":"https:\/\/www.europesays.com\/fr\/wp-json\/wp\/v2\/tags?post=315698"}],"curies":[{"name":"wp","href":"https:\/\/api.w.org\/{rel}","templated":true}]}}