{"id":315700,"date":"2025-08-13T07:04:17","date_gmt":"2025-08-13T07:04:17","guid":{"rendered":"https:\/\/www.europesays.com\/fr\/315700\/"},"modified":"2025-08-13T07:04:17","modified_gmt":"2025-08-13T07:04:17","slug":"qui-est-le-patron-de-lina-interpelle-pour-lachat-de-cocaine-a-paris","status":"publish","type":"post","link":"https:\/\/www.europesays.com\/fr\/315700\/","title":{"rendered":"qui est le patron de l&rsquo;INA interpell\u00e9 pour l&rsquo;achat de coca\u00efne \u00e0 Paris ?"},"content":{"rendered":"<p class=\"article-p mdl\">Il a pris \u00ab\u00a0acte\u00a0\u00bb de sa suspension. Laurent Vallet, pr\u00e9sident de l&rsquo;Institut national de l&rsquo;audiovisuel (Ina) depuis 2015, est officiellement \u00e9cart\u00e9 de ses<br \/>fonctions. Une d\u00e9cision prise par la ministre de la Culture, Rachida Dati, qui attend d\u00e9sormais \u00ab\u00a0de plus amples informations\u00a0\u00bb.<\/p>\n<p class=\"article-p mdl\"><a class=\"link\" href=\"https:\/\/www.rtl.fr\/actu\/justice-faits-divers\/le-directeur-de-l-ina-laurent-vallet-en-garde-a-vue-pour-avoir-achete-de-la-cocaine-7900530237\" target=\"_blank\" rel=\"noopener\">Interpell\u00e9 le 29 juillet dernier \u00e0 son domicile du XIIe arrondissement de Paris apr\u00e8s l&rsquo;achat de coca\u00efne<\/a>, l&rsquo;homme de 55 ans a expliqu\u00e9 dans un communiqu\u00e9, ce mardi 12 ao\u00fbt, \u00eatre \u00ab\u00a0convoqu\u00e9 d\u00e9but septembre au tribunal judiciaire de Paris pour une injonction th\u00e9rapeutique\u00a0\u00bb.\u00a0<\/p>\n<p class=\"article-p mdl\">\u00ab\u00a0J&rsquo;ai conscience du caract\u00e8re \u00e0 tous \u00e9gards n\u00e9faste et condamnable de la consommation de stup\u00e9fiants. J&rsquo;ai mis en place le dispositif indispensable visant \u00e0 y mettre un terme d\u00e9finitif et me soumettrai \u00e0 toute obligation que la justice estimera n\u00e9cessaire\u00a0\u00bb, assure le mis en cause.<\/p>\n<p class=\"article-p mdl\">Dipl\u00f4m\u00e9 de Sciences Po, d&rsquo;HEC et de l&rsquo;ENA, le quinquag\u00e9naire avait \u00e9t\u00e9 nomm\u00e9 \u00e0 la t\u00eate de l&rsquo;INA en mai 2015 apr\u00e8s un pr\u00e9c\u00e9dent scandale. L&rsquo;ancienne patronne Agn\u00e8s Saal avait d\u00fb d\u00e9missionner \u00e0 la demande de la ministre de la Culture de l&rsquo;\u00e9poque, Fleur Pellerin, apr\u00e8s la r\u00e9v\u00e9lation de frais de taxi d\u00e9passant 40.000 euros en dix mois.<\/p>\n<p>            Reconduit en mai dernier<\/p>\n<p class=\"article-p mdl\">En poste depuis 2015 donc, Laurent Vallet avait \u00e9t\u00e9 reconduit en mai dernier pour un troisi\u00e8me mandat de cinq ans \u00e0 la t\u00eate de l&rsquo;INA, sur proposition de la ministre de la Culture.<\/p>\n<p class=\"article-p mdl\">Avant sa prise de fonction, Laurent Vallet a d\u00e9but\u00e9 sa carri\u00e8re en 1995, \u00e0 la <strong>direction du Tr\u00e9sor <\/strong>(minist\u00e8re de l\u2019\u00c9conomie et des Finances) avant de rejoindre en 1999 <strong>France T\u00e9l\u00e9visions <\/strong>en tant que charg\u00e9 de mission aupr\u00e8s de la pr\u00e9sidence. Puis il a int\u00e9gr\u00e9 des sph\u00e8res politiques en entrant dans le cabinet du ministre de l\u2019\u00c9conomie, des Finances et de l\u2019Industrie en 2001, o\u00f9 il a travaill\u00e9 sur des dossiers de culture et d\u2019audiovisuel.<\/p>\n<p class=\"article-p mdl\">De 2002 \u00e0 2015, Laurent Vallet a occup\u00e9 le poste de\u00a0<strong>directeur g\u00e9n\u00e9ral de l&rsquo;Institut pour le financement du cin\u00e9ma et des industries culturelles<\/strong> (Ifcic), \u00e9tablissement de cr\u00e9dit qui vise \u00e0 faciliter l&rsquo;acc\u00e8s au cr\u00e9dit des entreprises culturelles.<\/p>\n<p class=\"article-p mdl\">En 2013, il remet \u00e0 la ministre de la Culture et de la Communication un rapport sur les relations entre producteurs et diffuseurs, pr\u00e9conisant de simplifier et d\u2019adapter le cadre l\u00e9gislatif et r\u00e9glementaire de ces relations. Laurent Vallet poss\u00e8de \u00e9galement\u00a0le grade d\u2019officier de l\u2019ordre des Arts et des Lettres en 2013. Il a \u00e9t\u00e9 promu au <strong>grade de commandeur de l\u2019ordre des Arts et des Lettres<\/strong> en 2019.<\/p>\n<p>            La transformation de l&rsquo;INA<\/p>\n<p class=\"article-p mdl\">Sous la pr\u00e9sidence de Laurent Vallet, l&rsquo;INA s&rsquo;est transform\u00e9. En plus de son r\u00f4le traditionnel d&rsquo;archiver les images et sons de la t\u00e9l\u00e9 et de la radio, l&rsquo;institut est devenu un m\u00e9dia \u00e0 part enti\u00e8re, en exploitant ses archives. Cette strat\u00e9gie s&rsquo;est traduite par une politique tr\u00e8s active sur les r\u00e9seaux sociaux, la cr\u00e9ation de plusieurs \u00e9missions de t\u00e9l\u00e9 et cha\u00eenes YouTube.<\/p>\n<p>    La r\u00e9daction vous recommande<\/p>\n<p class=\"s-newsletter__title\">\n                L\u2019actualit\u00e9 par la r\u00e9daction de RTL dans votre bo\u00eete mail.\n            <\/p>\n<p class=\"s-newsletter__subtitle\">\n                Gr\u00e2ce \u00e0 votre compte RTL abonnez-vous \u00e0 la newsletter RTL info pour suivre toute l&rsquo;actualit\u00e9 au quotidien\n            <\/p>\n<p>\n                                    Lire la suite\n                                <\/p>\n","protected":false},"excerpt":{"rendered":"Il a pris \u00ab\u00a0acte\u00a0\u00bb de sa suspension. Laurent Vallet, pr\u00e9sident de l&rsquo;Institut national de l&rsquo;audiovisuel (Ina) depuis 2015,&hellip;\n","protected":false},"author":2,"featured_media":315701,"comment_status":"","ping_status":"","sticky":false,"template":"","format":"standard","meta":{"footnotes":""},"categories":[2],"tags":[11,3993,1052,107,1011,27,12,1072,417,25],"class_list":{"0":"post-315700","1":"post","2":"type-post","3":"status-publish","4":"format-standard","5":"has-post-thumbnail","7":"category-actualites","8":"tag-actualites","9":"tag-cocaine","10":"tag-drogue","11":"tag-fil-info","12":"tag-fr","13":"tag-france","14":"tag-news","15":"tag-police","16":"tag-rachida-dati","17":"tag-republique-francaise"},"share_on_mastodon":{"url":"https:\/\/pubeurope.com\/@fr\/115020186585046993","error":""},"_links":{"self":[{"href":"https:\/\/www.europesays.com\/fr\/wp-json\/wp\/v2\/posts\/315700","targetHints":{"allow":["GET"]}}],"collection":[{"href":"https:\/\/www.europesays.com\/fr\/wp-json\/wp\/v2\/posts"}],"about":[{"href":"https:\/\/www.europesays.com\/fr\/wp-json\/wp\/v2\/types\/post"}],"author":[{"embeddable":true,"href":"https:\/\/www.europesays.com\/fr\/wp-json\/wp\/v2\/users\/2"}],"replies":[{"embeddable":true,"href":"https:\/\/www.europesays.com\/fr\/wp-json\/wp\/v2\/comments?post=315700"}],"version-history":[{"count":0,"href":"https:\/\/www.europesays.com\/fr\/wp-json\/wp\/v2\/posts\/315700\/revisions"}],"wp:featuredmedia":[{"embeddable":true,"href":"https:\/\/www.europesays.com\/fr\/wp-json\/wp\/v2\/media\/315701"}],"wp:attachment":[{"href":"https:\/\/www.europesays.com\/fr\/wp-json\/wp\/v2\/media?parent=315700"}],"wp:term":[{"taxonomy":"category","embeddable":true,"href":"https:\/\/www.europesays.com\/fr\/wp-json\/wp\/v2\/categories?post=315700"},{"taxonomy":"post_tag","embeddable":true,"href":"https:\/\/www.europesays.com\/fr\/wp-json\/wp\/v2\/tags?post=315700"}],"curies":[{"name":"wp","href":"https:\/\/api.w.org\/{rel}","templated":true}]}}