{"id":315702,"date":"2025-08-13T07:05:36","date_gmt":"2025-08-13T07:05:36","guid":{"rendered":"https:\/\/www.europesays.com\/fr\/315702\/"},"modified":"2025-08-13T07:05:36","modified_gmt":"2025-08-13T07:05:36","slug":"a-quoi-faut-il-sattendre-le-mercredi-13-aout","status":"publish","type":"post","link":"https:\/\/www.europesays.com\/fr\/315702\/","title":{"rendered":"\u00e0 quoi faut-il s\u2019attendre le mercredi 13 ao\u00fbt\u00a0?"},"content":{"rendered":"<p>            Par<br \/>\n        <strong><br \/>\n            <a href=\"https:\/\/actu.fr\/auteur\/adrien-leray\" title=\"Consulter tous les articles de Adrien Le Ray\" target=\"_blank\" rel=\"noopener\">Adrien Le Ray<\/a><br \/>\n        <\/strong><\/p>\n<p>        Publi\u00e9 le<\/p>\n<p>            12 ao\u00fbt 2025 \u00e0 19h00        <\/p>\n<p>Apr\u00e8s la <b>canicule<\/b> vient souvent l\u2019orage. C\u2019est en tout cas ce que laisse \u00e0 penser le placement des <a href=\"https:\/\/actu.fr\/78actu\/\" target=\"_blank\" rel=\"noopener\">Yvelines<\/a> en vigilance jaune orage par <a href=\"https:\/\/actu.fr\/tag\/meteo-france\" target=\"_blank\" rel=\"noopener\">M\u00e9t\u00e9o France<\/a>, pour ce mercredi 13\u00a0ao\u00fbt 2025 \u00e0 partir de 14\u2009h. Le d\u00e9partement est d\u00e9j\u00e0 en <a href=\"https:\/\/actu.fr\/societe\/alerte-canicule-ou-fera-t-il-le-plus-chaud-dans-les-yvelines-ces-prochains-jours_63022168.html\" target=\"_blank\" rel=\"noopener\">vigilance orange canicule<\/a> depuis ce mardi 12\u00a0ao\u00fbt 2025.<\/p>\n<p>Le mercure reste haut<\/p>\n<p class=\" wall-content\">Si les pics de chaleurs ont sans doute \u00e9t\u00e9 atteints en ce douzi\u00e8me jour d\u2019ao\u00fbt\u00a02025, l\u2019accalmie n\u2019est pas pour tout de suite. Ce 13\u00a0ao\u00fbt 2025, le mercure atteindra encore entre <b>32 et 34\u00a0\u00b0C<\/b> dans diff\u00e9rents secteurs des Yvelines. Les plus fortes temp\u00e9ratures seront ressenties dans le nord du territoire \u00e0 <a href=\"https:\/\/actu.fr\/ile-de-france\/bonnieres-sur-seine_78089\" target=\"_blank\" rel=\"noopener\">Bonni\u00e8res-sur-Seine<\/a> notamment.<\/p>\n<p>    <a href=\"https:\/\/www.facebook.com\/plugins\/post.php?href=https%3A%2F%2Fwww.facebook.com%2FPrefet78%2Fposts%2Fpfbid02tJ4L6geWbjLQJDWYb4TumMN9bx17MzGJnQxZ38ie7M7YYHQ3T1cyA3m9hcgkVbiMl&amp;show_text=true&amp;width=350\" title=\"Ouvrie le lien\" target=\"_blank\" rel=\"noopener\">Cliquez ici pour visualiser le contenu<\/a><\/p>\n<p>Rien dans les Yvelines selon les pr\u00e9visions<\/p>\n<p class=\" wall-content\">L\u2019alerte de M\u00e9t\u00e9o France est un appel \u00e0 la prudence. \u00c0 cette heure, si des \u00e9clairs sont annonc\u00e9s dans le ciel yvelinois, le <b>bulletin pr\u00e9visionnel<\/b> du d\u00e9partement pour le 13\u00a0ao\u00fbt 2025 ne pr\u00e9voit pas d\u2019\u00e9pisodes d\u2019orage.<\/p>\n<p class=\" wall-content\">Mais attention, c\u2019est une autre histoire dans les <b>d\u00e9partements limitrophes<\/b> comme l\u2019<a href=\"https:\/\/actu.fr\/27actu\/\" target=\"_blank\" rel=\"noopener\">Eure<\/a>, l\u2019<a href=\"https:\/\/actu.fr\/centre-val-de-loire\/eure-et-loir_28\" target=\"_blank\" rel=\"noopener\">Eure-et-Loir<\/a>, le <a href=\"https:\/\/actu.fr\/la-gazette-du-val-d-oise\/\" target=\"_blank\" rel=\"noopener\">Val-d\u2019Oise<\/a> et l\u2019<a href=\"https:\/\/actu.fr\/essonne\/\" target=\"_blank\" rel=\"noopener\">Essonne<\/a>. La m\u00e9t\u00e9o \u00e9tant capricieuse, rien ne dit que les orages ne se d\u00e9placeront pas jusque dans les Yvelines\u2026<\/p>\n<p class=\" wall-content\">Suivez toute l\u2019actualit\u00e9 de vos villes et m\u00e9dias favoris en vous inscrivant \u00e0 <a href=\"https:\/\/moncompte.actu.fr\" title=\"D\u00e9couvez Mon Actu\" rel=\"nofollow noopener\" data-trk=\"{&quot;cta&quot;:{&quot;action&quot;:&quot;https:\\\/\\\/moncompte.actu.fr&quot;,&quot;category&quot;:&quot;mon compte&quot;,&quot;from&quot;:&quot;article footer&quot;,&quot;name&quot;:&quot;Mon actu&quot;,&quot;type&quot;:&quot;cta&quot;}}\" target=\"_blank\">Mon Actu<\/a>.<\/p>\n","protected":false},"excerpt":{"rendered":"Par Adrien Le Ray Publi\u00e9 le 12 ao\u00fbt 2025 \u00e0 19h00 Apr\u00e8s la canicule vient souvent l\u2019orage. C\u2019est&hellip;\n","protected":false},"author":2,"featured_media":315703,"comment_status":"","ping_status":"","sticky":false,"template":"","format":"standard","meta":{"footnotes":""},"categories":[2],"tags":[11,6698,1011,27,2487,2357,12,4594,25],"class_list":{"0":"post-315702","1":"post","2":"type-post","3":"status-publish","4":"format-standard","5":"has-post-thumbnail","7":"category-actualites","8":"tag-actualites","9":"tag-canicule","10":"tag-fr","11":"tag-france","12":"tag-meteo","13":"tag-meteo-france","14":"tag-news","15":"tag-orages","16":"tag-republique-francaise"},"share_on_mastodon":{"url":"https:\/\/pubeurope.com\/@fr\/115020190422370334","error":""},"_links":{"self":[{"href":"https:\/\/www.europesays.com\/fr\/wp-json\/wp\/v2\/posts\/315702","targetHints":{"allow":["GET"]}}],"collection":[{"href":"https:\/\/www.europesays.com\/fr\/wp-json\/wp\/v2\/posts"}],"about":[{"href":"https:\/\/www.europesays.com\/fr\/wp-json\/wp\/v2\/types\/post"}],"author":[{"embeddable":true,"href":"https:\/\/www.europesays.com\/fr\/wp-json\/wp\/v2\/users\/2"}],"replies":[{"embeddable":true,"href":"https:\/\/www.europesays.com\/fr\/wp-json\/wp\/v2\/comments?post=315702"}],"version-history":[{"count":0,"href":"https:\/\/www.europesays.com\/fr\/wp-json\/wp\/v2\/posts\/315702\/revisions"}],"wp:featuredmedia":[{"embeddable":true,"href":"https:\/\/www.europesays.com\/fr\/wp-json\/wp\/v2\/media\/315703"}],"wp:attachment":[{"href":"https:\/\/www.europesays.com\/fr\/wp-json\/wp\/v2\/media?parent=315702"}],"wp:term":[{"taxonomy":"category","embeddable":true,"href":"https:\/\/www.europesays.com\/fr\/wp-json\/wp\/v2\/categories?post=315702"},{"taxonomy":"post_tag","embeddable":true,"href":"https:\/\/www.europesays.com\/fr\/wp-json\/wp\/v2\/tags?post=315702"}],"curies":[{"name":"wp","href":"https:\/\/api.w.org\/{rel}","templated":true}]}}