{"id":315714,"date":"2025-08-13T07:13:20","date_gmt":"2025-08-13T07:13:20","guid":{"rendered":"https:\/\/www.europesays.com\/fr\/315714\/"},"modified":"2025-08-13T07:13:20","modified_gmt":"2025-08-13T07:13:20","slug":"une-clause-secrete-qui-change-tout","status":"publish","type":"post","link":"https:\/\/www.europesays.com\/fr\/315714\/","title":{"rendered":"une clause secr\u00e8te qui change tout"},"content":{"rendered":"<p itemprop=\"description\">Lewis Hamilton aurait n\u00e9goci\u00e9 une clause<br \/>\ncontractuelle rare qui lui donne un contr\u00f4le total sur son avenir<br \/>\nchez Ferrari, laissant la Scuderia sans v\u00e9ritable pouvoir de<br \/>\nd\u00e9cision.<\/p>\n<p data-start=\"203\" data-end=\"653\">Lewis Hamilton fait encore<br \/>\nparler de lui, et cette fois, ce n\u2019est pas pour ses performances en<br \/>\npiste mais pour les d\u00e9tails croustillants de son contrat avec<br \/>\nFerrari. Selon des informations relay\u00e9es par la Gazzetta dello Sport et F1-Insider, le pilote britannique<br \/>\ndisposerait d\u2019un pouvoir rare dans le monde de la Formule 1 :<br \/>\nd\u00e9cider lui-m\u00eame de son avenir \u00e0 long terme avec la Scuderia.<\/p>\n<p data-start=\"713\" data-end=\"1077\">Arriv\u00e9 \u00e0 Maranello avec un<br \/>\naccord courant jusqu\u2019\u00e0 la fin de la <a href=\"https:\/\/f1i.autojournal.fr\/calendrier-f1-2026-dates-horaires-grands-prix\/\" rel=\"nofollow noopener\" target=\"_blank\"><br \/>\nsaison F1 2026<\/a>, Hamilton aurait n\u00e9goci\u00e9 une option pour une<br \/>\ntroisi\u00e8me ann\u00e9e, c\u2019est-\u00e0-dire jusqu\u2019en 2027. Mais la subtilit\u00e9<br \/>\nr\u00e9side dans le fait que cette option appartiendrait<br \/>\n<strong data-start=\"948\" data-end=\"975\">exclusivement au<br \/>\npilote<\/strong>, et non \u00e0 Ferrari. En clair, si Hamilton veut<br \/>\nprolonger, l\u2019\u00e9curie italienne ne pourra pas dire non.<\/p>\n<p>Ferrari sans marge de<br \/>\nman\u0153uvre<\/p>\n<p data-start=\"1121\" data-end=\"1554\">Ce type de clause place la<br \/>\nScuderia dans une position inhabituelle : elle ne contr\u00f4le pas<br \/>\ntotalement son duo de pilotes pour les prochaines ann\u00e9es.<br \/>\nHabituellement, une prolongation se d\u00e9cide \u00e0 deux, mais ici, la<br \/>\nd\u00e9cision finale appartiendra au champion britannique. Cette<br \/>\nsituation d\u00e9coulerait directement de la valeur commerciale de<br \/>\nHamilton, qui, avec ses 105 victoires en Grand Prix, attire une<br \/>\nvisibilit\u00e9 mondiale consid\u00e9rable.<\/p>\n<p data-start=\"1598\" data-end=\"1928\">Pour Ferrari, la pr\u00e9sence<br \/>\nd\u2019Hamilton d\u00e9passe le cadre purement sportif. Le nom du septuple<br \/>\nchampion est synonyme de partenariats lucratifs, d\u2019exposition<br \/>\nm\u00e9diatique et de renforcement de l\u2019image de marque \u00e0<br \/>\nl\u2019international. La Gazzetta<br \/>\ndello Sport r\u00e9sume la situation sans d\u00e9tour : \u00ab\u00a0Ferrari ira avec lui quoi qu\u2019il<br \/>\narrive.\u00a0\u00bb<\/p>\n<p>Des d\u00e9buts plus compliqu\u00e9s<br \/>\nque pr\u00e9vus<\/p>\n<p data-start=\"1979\" data-end=\"2474\">Si le contrat de Hamilton est<br \/>\nen b\u00e9ton, ses r\u00e9sultats, eux, peinent \u00e0 d\u00e9coller. Depuis le d\u00e9but<br \/>\nde la saison, il n\u2019a toujours pas d\u00e9croch\u00e9 le moindre podium, alors<br \/>\nque son co\u00e9quipier Charles Leclerc en compte d\u00e9j\u00e0 cinq. La<br \/>\nfrustration a atteint un sommet au Grand Prix de Hongrie, o\u00f9<br \/>\nHamilton a \u00e9t\u00e9 \u00e9limin\u00e9 d\u00e8s la Q2 sur un circuit qu\u2019il affectionne<br \/>\nparticuli\u00e8rement. D\u00e9pit\u00e9, il s\u2019est m\u00eame qualifi\u00e9 de<br \/>\n\u00ab\u00a0inutile\u00a0\u00bb et a laiss\u00e9 entendre que Ferrari devrait<br \/>\nenvisager de recruter un autre pilote.<\/p>\n<p data-start=\"2516\" data-end=\"2828\">Malgr\u00e9 ces difficult\u00e9s,<br \/>\nHamilton garde toutefois les cl\u00e9s de son avenir. La question n\u2019est<br \/>\ndonc pas de savoir si Ferrari veut le garder, mais plut\u00f4t si lui<br \/>\nchoisira de rester pour relever le d\u00e9fi. Avec encore plusieurs<br \/>\ncourses pour inverser la tendance, l\u2019histoire entre Hamilton et la<br \/>\nScuderia est loin d\u2019\u00eatre termin\u00e9e.<\/p>\n","protected":false},"excerpt":{"rendered":"Lewis Hamilton aurait n\u00e9goci\u00e9 une clause contractuelle rare qui lui donne un contr\u00f4le total sur son avenir chez&hellip;\n","protected":false},"author":2,"featured_media":315715,"comment_status":"","ping_status":"","sticky":false,"template":"","format":"standard","meta":{"footnotes":""},"categories":[1412],"tags":[1451,2251,1452,1453,1454,1455,1011,27,1975,34882,60],"class_list":{"0":"post-315714","1":"post","2":"type-post","3":"status-publish","4":"format-standard","5":"has-post-thumbnail","7":"category-f1","8":"tag-f1","9":"tag-ferrari","10":"tag-formula-1","11":"tag-formula1","12":"tag-formule-1","13":"tag-formule1","14":"tag-fr","15":"tag-france","16":"tag-lewis-hamilton","17":"tag-saison-f1-2026","18":"tag-sports"},"share_on_mastodon":{"url":"https:\/\/pubeurope.com\/@fr\/115020221926388205","error":""},"_links":{"self":[{"href":"https:\/\/www.europesays.com\/fr\/wp-json\/wp\/v2\/posts\/315714","targetHints":{"allow":["GET"]}}],"collection":[{"href":"https:\/\/www.europesays.com\/fr\/wp-json\/wp\/v2\/posts"}],"about":[{"href":"https:\/\/www.europesays.com\/fr\/wp-json\/wp\/v2\/types\/post"}],"author":[{"embeddable":true,"href":"https:\/\/www.europesays.com\/fr\/wp-json\/wp\/v2\/users\/2"}],"replies":[{"embeddable":true,"href":"https:\/\/www.europesays.com\/fr\/wp-json\/wp\/v2\/comments?post=315714"}],"version-history":[{"count":0,"href":"https:\/\/www.europesays.com\/fr\/wp-json\/wp\/v2\/posts\/315714\/revisions"}],"wp:featuredmedia":[{"embeddable":true,"href":"https:\/\/www.europesays.com\/fr\/wp-json\/wp\/v2\/media\/315715"}],"wp:attachment":[{"href":"https:\/\/www.europesays.com\/fr\/wp-json\/wp\/v2\/media?parent=315714"}],"wp:term":[{"taxonomy":"category","embeddable":true,"href":"https:\/\/www.europesays.com\/fr\/wp-json\/wp\/v2\/categories?post=315714"},{"taxonomy":"post_tag","embeddable":true,"href":"https:\/\/www.europesays.com\/fr\/wp-json\/wp\/v2\/tags?post=315714"}],"curies":[{"name":"wp","href":"https:\/\/api.w.org\/{rel}","templated":true}]}}