{"id":315719,"date":"2025-08-13T07:16:11","date_gmt":"2025-08-13T07:16:11","guid":{"rendered":"https:\/\/www.europesays.com\/fr\/315719\/"},"modified":"2025-08-13T07:16:11","modified_gmt":"2025-08-13T07:16:11","slug":"cyril-hanouna-annonce-larrivee-dun-nouveau-chroniqueur-dans-tout-beau-tout-n9uf-et-on-a-deja-peur-du-resultat","status":"publish","type":"post","link":"https:\/\/www.europesays.com\/fr\/315719\/","title":{"rendered":"Cyril Hanouna annonce l\u2019arriv\u00e9e d\u2019un nouveau chroniqueur dans Tout beau, tout n9uf et on a d\u00e9j\u00e0 peur du r\u00e9sultat"},"content":{"rendered":"<p>Apr\u00e8s plus de dix ans \u00e0 r\u00e9gner sur les soir\u00e9es de C8 avec Touche<br \/>\nPas \u00e0 Mon Poste, <a href=\"https:\/\/www.closermag.fr\/people\/un-dispositif-de-fou-cyril-hanouna-promet-un-retour-en-force-a-froler-la-surchauffe-3569457\" target=\"_blank\" rel=\"noopener\"><br \/>\nCyril Hanouna<\/a> change de camp. L\u2019animateur, qui a marqu\u00e9<br \/>\nl\u2019histoire de la cha\u00eene avec ses d\u00e9bats sans filtre, rejoint<br \/>\n<a href=\"https:\/\/www.closermag.fr\/people\/cyril-hanouna-bientot-sur-w9-cette-animatrice-bien-connue-lui-a-dit-non-et-elle-sen-mord-les-doigts-3569477\" target=\"_blank\" rel=\"noopener\"><br \/>\nle groupe M6.<\/a> D\u00e9sormais, c\u2019est sur W9 que l\u2019animateur officiera<br \/>\nd\u00e8s la rentr\u00e9e, dans une \u00e9mission in\u00e9dite baptis\u00e9e <a href=\"https:\/\/www.closermag.fr\/people\/cyril-hanouna-le-compte-a-rebours-est-enclenche-pour-son-retour-tele-meme-w9-y-va-de-ses-revelations-3570572\" target=\"_blank\" rel=\"noopener\"><br \/>\nTout beau, tout n9uf.<\/a> Et pour marquer le coup, le trublion du<br \/>\nPAF a d\u00e9cid\u00e9 de faire <strong>les choses en grand.<\/strong><\/p>\n<p>Sur X,\u00a0 il a teas\u00e9 l\u2019arriv\u00e9e d\u2019un invit\u00e9 pour le moins<br \/>\ninattendu : <strong>un chroniqueur ChatGPT.<\/strong> \u201cLes<br \/>\nch\u00e9ris, il y aura un chroniqueur Chat GPT dans #TBT9 sur @W9 d\u00e8s le<br \/>\n1er septembre \u00e0 18h45 ! La seule \u00e9mission 3.0 ! Je suis trop press\u00e9<br \/>\nde vous retrouver ! Et merci pour tous vos messages je vous aime<br \/>\nfort\u201d, a \u00e9crit l\u2019animateur, visiblement<br \/>\nenthousiaste.\u00a0<\/p>\n<p>Cyril Hanouna annonce l&rsquo;arriv\u00e9e d&rsquo;un chroniqueur totalement<br \/>\nnum\u00e9rique<\/p>\n<p>Une annonce qui a d\u00e9j\u00e0 fait r\u00e9agir, entre curiosit\u00e9 amus\u00e9e et<br \/>\nscepticisme, certains internautes craignant des s\u00e9quences pour le<br \/>\nmoins impr\u00e9visibles. La cha\u00eene, elle, n\u2019a pas manqu\u00e9 de surfer sur<br \/>\nle buzz. Sur ses r\u00e9seaux sociaux, W9 a qualifi\u00e9 le lancement de<br \/>\n<a href=\"https:\/\/www.closermag.fr\/people\/cyril-hanouna-bientot-sur-w9-le-compte-a-rebours-est-enclenche-et-il-compte-bien-faire-monter-la-sauce-3568809\" target=\"_blank\" rel=\"noopener\"><br \/>\nl&rsquo;\u00e9mission Tout beau, tout n9uf<\/a> d\u2019<strong>\u201c\u00e9v\u00e9nement t\u00e9l\u00e9<br \/>\nde la rentr\u00e9e\u201d<\/strong>, promettant un \u201cnouveau d\u00e9cor, de<br \/>\nnouveaux chroniqueurs, de nouvelles rubriques\u201d et un talk-show<br \/>\n\u201cpopulaire, avec une seule envie : faire rire, r\u00e9agir et<br \/>\nrassembler\u201d.<\/p>\n<blockquote class=\"twitter-tweet\"><p><a class=\"twitter-link\" rel=\"noindex, nofollow noopener\" href=\"https:\/\/twitter.com\/Cyrilhanouna\/status\/1955338227037987312\" target=\"_blank\"><\/p><\/blockquote>\n<p>Le programme sera diffus\u00e9 du lundi au vendredi \u00e0 18h45 d\u00e8s le<br \/>\n1er septembre sur W9. Il b\u00e9n\u00e9ficiera m\u00eame d\u2019une d\u00e9clinaison radio,<br \/>\n<a href=\"https:\/\/www.closermag.fr\/people\/cyril-hanouna-bientot-sur-w9-le-compte-a-rebours-est-enclenche-et-il-compte-bien-faire-monter-la-sauce-3568809\" target=\"_blank\" rel=\"noopener\"><br \/>\nTout Beau Tout Fun,<\/a> sur Fun Radio \u00e0 partir du 2<br \/>\nseptembre.\u00a0<\/p>\n<p>Qui sera pr\u00e9sent sur le plateau de Tout<br \/>\nbeau, tout n9uf ?<\/p>\n<p>C\u00f4t\u00e9 plateau, l\u2019animateur a d\u00e9j\u00e0 commenc\u00e9 \u00e0 composer son \u00e9quipe.<br \/>\nLes fid\u00e8les de TPMP retrouveront des visages connus comme Val\u00e9rie<br \/>\nBena\u00efm, G\u00e9raldine Maillet, <strong>Raymond Aabou ou encore Gilles<br \/>\nVerdez.<\/strong> Le politologue Olivier Dartigolles devrait aussi<br \/>\n\u00eatre de la partie. Mais Cyril Hanouna compte \u00e9galement sur de<br \/>\nnouvelles recrues, comme <a href=\"https:\/\/www.closermag.fr\/tv_tele_realite\/cyril-hanouna-recrute-un-visage-de-la-tele-pour-sa-nouvelle-emission-pourtant-son-passage-dans-tpmp-etait-a-oublier-3569167\" target=\"_blank\" rel=\"noopener\"><br \/>\nJ\u00e9r\u00f4me Anthony<\/a>, l\u2019animateur de Tous en cuisine sur M6, pour<br \/>\ninsuffler un vent de fra\u00eecheur. Pourtant, le casting n\u2019est pas<br \/>\nencore fig\u00e9.<\/p>\n<p>L\u2019animateur lui-m\u00eame a reconnu que la s\u00e9lection n\u2019\u00e9tait pas<br \/>\nsimple : \u201cC&rsquo;est tr\u00e8s compliqu\u00e9 d&rsquo;arr\u00eater les gens, de prendre<br \/>\ndes nouvelles personnes. Mais \u00e0 un moment, il faut renouveler\u2026<br \/>\nC&rsquo;est une nouvelle cha\u00eene, une nouvelle \u00e9mission\u201d, a-t-il confi\u00e9.<br \/>\nEntre la pr\u00e9sence surprise d\u2019un chroniqueur virtuel, le m\u00e9lange de<br \/>\nfigures embl\u00e9matiques et de nouveaux visages, et <strong>l\u2019ambition<br \/>\naffich\u00e9e de s\u00e9duire un public plus large,\u00a0<\/strong><\/p>\n<p><script async src=\"https:\/\/platform.twitter.com\/widgets.js\" charset=\"utf-8\"><\/script><\/p>\n","protected":false},"excerpt":{"rendered":"Apr\u00e8s plus de dix ans \u00e0 r\u00e9gner sur les soir\u00e9es de C8 avec Touche Pas \u00e0 Mon Poste,&hellip;\n","protected":false},"author":2,"featured_media":315720,"comment_status":"","ping_status":"","sticky":false,"template":"","format":"standard","meta":{"footnotes":""},"categories":[1359],"tags":[548,1083,58,59,1011,27,973],"class_list":{"0":"post-315719","1":"post","2":"type-post","3":"status-publish","4":"format-standard","5":"has-post-thumbnail","7":"category-people","8":"tag-article-simple","9":"tag-cyril-hanouna","10":"tag-divertissement","11":"tag-entertainment","12":"tag-fr","13":"tag-france","14":"tag-people"},"share_on_mastodon":{"url":"https:\/\/pubeurope.com\/@fr\/115020233755213260","error":""},"_links":{"self":[{"href":"https:\/\/www.europesays.com\/fr\/wp-json\/wp\/v2\/posts\/315719","targetHints":{"allow":["GET"]}}],"collection":[{"href":"https:\/\/www.europesays.com\/fr\/wp-json\/wp\/v2\/posts"}],"about":[{"href":"https:\/\/www.europesays.com\/fr\/wp-json\/wp\/v2\/types\/post"}],"author":[{"embeddable":true,"href":"https:\/\/www.europesays.com\/fr\/wp-json\/wp\/v2\/users\/2"}],"replies":[{"embeddable":true,"href":"https:\/\/www.europesays.com\/fr\/wp-json\/wp\/v2\/comments?post=315719"}],"version-history":[{"count":0,"href":"https:\/\/www.europesays.com\/fr\/wp-json\/wp\/v2\/posts\/315719\/revisions"}],"wp:featuredmedia":[{"embeddable":true,"href":"https:\/\/www.europesays.com\/fr\/wp-json\/wp\/v2\/media\/315720"}],"wp:attachment":[{"href":"https:\/\/www.europesays.com\/fr\/wp-json\/wp\/v2\/media?parent=315719"}],"wp:term":[{"taxonomy":"category","embeddable":true,"href":"https:\/\/www.europesays.com\/fr\/wp-json\/wp\/v2\/categories?post=315719"},{"taxonomy":"post_tag","embeddable":true,"href":"https:\/\/www.europesays.com\/fr\/wp-json\/wp\/v2\/tags?post=315719"}],"curies":[{"name":"wp","href":"https:\/\/api.w.org\/{rel}","templated":true}]}}