{"id":315723,"date":"2025-08-13T07:18:14","date_gmt":"2025-08-13T07:18:14","guid":{"rendered":"https:\/\/www.europesays.com\/fr\/315723\/"},"modified":"2025-08-13T07:18:14","modified_gmt":"2025-08-13T07:18:14","slug":"de-la-femme-de-menage-aux-romances-passionnees-comment-nos-lectures-semancipent-en-ete-quon-lassume-ou-non","status":"publish","type":"post","link":"https:\/\/www.europesays.com\/fr\/315723\/","title":{"rendered":"De \u00abLa Femme de m\u00e9nage\u00bb aux romances passionn\u00e9es: comment nos lectures s\u2019\u00e9mancipent en \u00e9t\u00e9 (qu\u2019on l\u2019assume ou non)"},"content":{"rendered":"<p>    R\u00e9sum\u00e9 en 20 secondes<\/p>\n<p>        En savoir plus sur ce type de contenu<\/p>\n<p>Ce r\u00e9sum\u00e9 peut avoir \u00e9t\u00e9 \u00e9crit avec l&rsquo;assistance d\u2019une IA g\u00e9n\u00e9rative. <a href=\"https:\/\/www.letemps.ch\/cyber\/l-usage-de-l-ia-generative-par-les-journalistes-du-temps\" target=\"_blank\" rel=\"noopener\">En savoir plus<\/a><\/p>\n<p class=\"article__abstract-call-to-action\" data-ariato=\"TrackableElement\" data-trackable-element-type=\"article_abstract_cta\" data-trackable-element-location=\"article_header\" data-trackable-element-id=\"502889\">\n        <a data-event=\"click-&gt;clicked\" href=\"https:\/\/www.letemps.ch\/abonnements\" target=\"_blank\" rel=\"noopener\">Abonnez-vous<\/a> pour acc\u00e9der au r\u00e9sum\u00e9 en 20 secondes.\n      <\/p>\n<p>Qu\u2019on se le dise: certains d\u2019entre vous, les pieds dans l\u2019eau, ont peut-\u00eatre d\u00e9vor\u00e9 le dernier Goncourt, annot\u00e9 un dense essai philosophique ou replong\u00e9 dans les classiques d\u2019il y a trois si\u00e8cles. Mais il y a aussi les autres (ou les m\u00eames), qui ont gliss\u00e9 La Femme de m\u00e9nage dans leur valise.<\/p>\n<p>\u00abCertains profitent des vacances pour lire une grande \u0153uvre de 800 pages comme\u00a0Les Buddenbrook\u00a0de Thomas Mann ou\u00a0Belle du Seigneur\u00a0d\u2019Albert Cohen\u00bb, commence, taquin, Fran\u00e7ois Duvaut, chef de service \u00e0 Payot Librairie Gen\u00e8ve Rive Gauche. Puisque les ventes ne trompent pas, il partage quelques succ\u00e8s estivaux \u00e0 la mi-ao\u00fbt. A commencer par les biographies: \u00abLes lecteurs aiment s\u2019immerger dans la vie de quelqu\u2019un d\u2019autre. Cet \u00e9t\u00e9, la biographie romanc\u00e9e Gianni le magnifique de St\u00e9phanie des Horts, a \u00e9t\u00e9 tr\u00e8s appr\u00e9ci\u00e9e. Elle parle de la saga Agnelli dans l\u2019Italie des ann\u00e9es 1960.\u00bb Dans un tout autre registre, d\u2019autres r\u00e9cits autobiographiques et intimes ont aussi attir\u00e9 l\u2019\u0153il du lectorat r\u00e9gional en juillet: les chiffres de Mon vrai nom est Elisabeth d\u2019Ad\u00e8le Yon ou du roman de filiation Ce que je sais de toi d\u2019Eric Chacour sont bons. Le professionnel ajoute: \u00abL\u2019essai politique L\u2019Heure des pr\u00e9dateurs de Giuliano da Empoli s\u2019impose logiquement au vu des r\u00e9sultats apr\u00e8s les premiers mois de vente. Ce que je peux dire, c\u2019est que les gens ont envie d\u2019\u00eatre surpris\u00bb, r\u00e9sume le libraire.<\/p>\n","protected":false},"excerpt":{"rendered":"R\u00e9sum\u00e9 en 20 secondes En savoir plus sur ce type de contenu Ce r\u00e9sum\u00e9 peut avoir \u00e9t\u00e9 \u00e9crit&hellip;\n","protected":false},"author":2,"featured_media":315724,"comment_status":"","ping_status":"","sticky":false,"template":"","format":"standard","meta":{"footnotes":""},"categories":[1357],"tags":[1379,58,59,1011,27,1380,301],"class_list":{"0":"post-315723","1":"post","2":"type-post","3":"status-publish","4":"format-standard","5":"has-post-thumbnail","7":"category-livres","8":"tag-books","9":"tag-divertissement","10":"tag-entertainment","11":"tag-fr","12":"tag-france","13":"tag-livres","14":"tag-premium"},"share_on_mastodon":{"url":"https:\/\/pubeurope.com\/@fr\/115020241550335102","error":""},"_links":{"self":[{"href":"https:\/\/www.europesays.com\/fr\/wp-json\/wp\/v2\/posts\/315723","targetHints":{"allow":["GET"]}}],"collection":[{"href":"https:\/\/www.europesays.com\/fr\/wp-json\/wp\/v2\/posts"}],"about":[{"href":"https:\/\/www.europesays.com\/fr\/wp-json\/wp\/v2\/types\/post"}],"author":[{"embeddable":true,"href":"https:\/\/www.europesays.com\/fr\/wp-json\/wp\/v2\/users\/2"}],"replies":[{"embeddable":true,"href":"https:\/\/www.europesays.com\/fr\/wp-json\/wp\/v2\/comments?post=315723"}],"version-history":[{"count":0,"href":"https:\/\/www.europesays.com\/fr\/wp-json\/wp\/v2\/posts\/315723\/revisions"}],"wp:featuredmedia":[{"embeddable":true,"href":"https:\/\/www.europesays.com\/fr\/wp-json\/wp\/v2\/media\/315724"}],"wp:attachment":[{"href":"https:\/\/www.europesays.com\/fr\/wp-json\/wp\/v2\/media?parent=315723"}],"wp:term":[{"taxonomy":"category","embeddable":true,"href":"https:\/\/www.europesays.com\/fr\/wp-json\/wp\/v2\/categories?post=315723"},{"taxonomy":"post_tag","embeddable":true,"href":"https:\/\/www.europesays.com\/fr\/wp-json\/wp\/v2\/tags?post=315723"}],"curies":[{"name":"wp","href":"https:\/\/api.w.org\/{rel}","templated":true}]}}