{"id":31573,"date":"2025-04-17T11:39:26","date_gmt":"2025-04-17T11:39:26","guid":{"rendered":"https:\/\/www.europesays.com\/fr\/31573\/"},"modified":"2025-04-17T11:39:26","modified_gmt":"2025-04-17T11:39:26","slug":"armes-lukraine-simpose-comme-un-leader-du-marche-et-cest-un-probleme","status":"publish","type":"post","link":"https:\/\/www.europesays.com\/fr\/31573\/","title":{"rendered":"Armes: l&rsquo;Ukraine s&rsquo;impose comme un leader du march\u00e9, et c&rsquo;est un \u00ab\u00a0probl\u00e8me\u00a0\u00bb"},"content":{"rendered":"<p>Lors de la Conf\u00e9rence de Munich sur la s\u00e9curit\u00e9, vendredi 14 f\u00e9vrier, la Premi\u00e8re ministre danoise, Mette Frederiksen, a mis en exergue la rapidit\u00e9 et le faible co\u00fbt de la production d&rsquo;armes en <a href=\"https:\/\/www.geo.fr\/geopolitique\/3100-milliards-de-dollars-en-lachant-l-ukraine-donald-trump-pousserait-l-europe-vers-sa-ruine-224646\" target=\"_blank\" rel=\"noopener\">Ukraine<\/a>, qui d\u00e9passe parfois celle des industries des pays europ\u00e9ens.<\/p>\n<p>En cons\u00e9quence, elle a appel\u00e9 les dirigeants europ\u00e9ens \u00e0 prendre conscience d\u2019un ralentissement pr\u00e9occupant de leurs efforts en mati\u00e8re de d\u00e9fense. \u00ab\u00a0Si un pays en guerre peut produire plus rapidement que nous, nous avons un probl\u00e8me\u00a0\u00bb, a averti Mette Frederiksen, plaidant pour une r\u00e9duction des obstacles bureaucratiques afin de renforcer l&rsquo;armement du Vieux Continent tout en acc\u00e9l\u00e9rant l&rsquo;<a href=\"https:\/\/www.geo.fr\/sciences\/contre-les-drones-ce-fusil-aide-les-militaires-a-mieux-viser-grace-a-sa-crosse-motorisee-intelligente-222825\" target=\"_blank\" rel=\"noopener\">aide militaire<\/a> \u00e0 Kiev.<\/p>\n<p>Depuis le d\u00e9but de l&rsquo;invasion russe en f\u00e9vrier 2022, l&rsquo;Ukraine a consid\u00e9rablement d\u00e9velopp\u00e9 son industrie de l&rsquo;armement, produisant localement des missiles, des canons et des drones en quantit\u00e9s croissantes. En 2024, environ 30 % de l&rsquo;\u00e9quipement militaire utilis\u00e9 par l&rsquo;arm\u00e9e ukrainienne \u00e9tait de fabrication nationale, selon le pr\u00e9sident <a href=\"https:\/\/www.geo.fr\/geopolitique\/le-president-ukrainien-volodymyr-zelensky-un-serviteur-du-peuple-venu-des-plateaux-de-television-208524\" target=\"_blank\" rel=\"noopener\">Volodymyr Zelensky<\/a>. Un dynamisme en partie explicable par le besoin pressant de mat\u00e9riel sur le champ de bataille et par la capacit\u00e9 d&rsquo;innovation de l&rsquo;industrie locale, qui a su s&rsquo;adapter rapidement aux exigences du conflit.<\/p>\n<p>\t\t\t\t\t    <img decoding=\"async\" src=\"https:\/\/www.europesays.com\/fr\/wp-content\/uploads\/2025\/04\/sukhoi-su-27-70lqg.jpg\"  class=\"apply-ratio\" title=\"SUKHO\u00cf SU-27 \"\/> \t\t<\/p>\n<p> Ukraine \u2013 Russie : les avions militaires de la guerre\t<\/p>\n<p>\tLe r\u00f4le pr\u00e9pond\u00e9rant des drones dans les conflits actuels<\/p>\n<p>D&rsquo;apr\u00e8s les informations obtenues dimanche 16 f\u00e9vrier par le site am\u00e9ricain <a href=\"https:\/\/www.businessinsider.com\/europe-weapon-making-issue-highlighted-ukraine-being-faster-denmark-pm-2025-2\" target=\"_blank\" rel=\"noopener\">Business Insider<\/a>, l&rsquo;un des secteurs cl\u00e9s de cette mont\u00e9e en puissance est la production de drones, domaine o\u00f9 l&rsquo;Ukraine s&rsquo;impose d\u00e9sormais en tant que leader mondial. En 2024, le pays a fabriqu\u00e9 plus de 1,5 million de <a href=\"https:\/\/www.geo.fr\/geopolitique\/l-armee-russe-visee-par-une-attaque-massive-aux-lunettes-de-drones-fpv-piegees-224596\" target=\"_blank\" rel=\"noopener\">drones FPV<\/a> (\u00ab\u00a0First Person View\u00a0\u00bb ou \u00ab\u00a0vue \u00e0 la premi\u00e8re personne\u00a0\u00bb en fran\u00e7ais), devenus indispensables pour les frappes de pr\u00e9cision. Le pays a \u00e9galement produit 2,5 millions d&rsquo;obus de mortier et d&rsquo;artillerie entre janvier et novembre 2024, surpassant les pr\u00e9visions de l&rsquo;Union europ\u00e9enne, qui vise une production de 2 millions d&rsquo;obus pour 2025.<\/p>\n<p>Confront\u00e9s \u00e0 ce constat, plusieurs responsables europ\u00e9ens ont exhort\u00e9 l&rsquo;UE \u00e0 intensifier ses efforts en la mati\u00e8re. La ministre lituanienne de la D\u00e9fense, Dovil\u0117 \u0160akalien\u0117, a insist\u00e9 sur la n\u00e9cessit\u00e9 d&rsquo;accro\u00eetre significativement les budgets militaires pour r\u00e9duire la \u00ab\u00a0d\u00e9pendance\u00a0\u00bb vis-\u00e0-vis des \u00c9tats-Unis.<\/p>\n<p>Son homologue allemand, Boris Pistorius, a reconnu que l&rsquo;Alliance avait longtemps sous-investi dans sa d\u00e9fense et devait d\u00e9sormais rattraper son retard. Le secr\u00e9taire g\u00e9n\u00e9ral de l&rsquo;<a href=\"https:\/\/www.geo.fr\/geopolitique\/dans-le-ciel-balte-la-danse-des-chasseurs-ultramodernes-de-l-otan-pour-dissuader-la-russie-223835\" target=\"_blank\" rel=\"noopener\">OTAN<\/a>, Mark Rutte, a abond\u00e9 dans ce sens, soulignant que la production europ\u00e9enne restait aussi \u00ab\u00a0largement inf\u00e9rieure\u00a0\u00bb \u00e0 celle de la Russie, qui fabrique plus de munitions en trois mois que l&rsquo;Europe en un an.<\/p>\n<p>Des tensions transatlantiques<\/p>\n<p>Les appels europ\u00e9ens \u00e0 un renforcement de la d\u00e9fense ne convainquent toutefois pas l\u2019ensemble des responsables am\u00e9ricains. Pr\u00e9sent lui aussi \u00e0 Munich, le vice-pr\u00e9sident JD Vance a relativis\u00e9 la menace russe, estimant que les pr\u00e9occupations s\u00e9curitaires de l&rsquo;Europe venaient davantage de \u00ab\u00a0l&rsquo;int\u00e9rieur\u00a0\u00bb que de Moscou. <a href=\"https:\/\/www.geo.fr\/geopolitique\/en-echange-du-soutien-a-l-ukraine-donald-trump-reclame-500-milliards-de-dollars-de-terres-rares-a-kiev-224608\" target=\"_blank\" rel=\"noopener\">Donald Trump<\/a>, quant \u00e0 lui, a longtemps critiqu\u00e9 les faibles d\u00e9penses militaires des membres europ\u00e9ens de l&rsquo;OTAN, allant jusqu&rsquo;\u00e0 menacer de ne pas d\u00e9fendre les pays qui ne respecteraient pas leurs engagements.<\/p>\n<p>Sous pression, certains pays, comme la Pologne et les \u00c9tats baltes, ont d\u00e9cid\u00e9 de prendre les devants en augmentant leur budget de d\u00e9fense \u00e0 des niveaux records, atteignant jusqu&rsquo;\u00e0 5 % du PIB.<\/p>\n","protected":false},"excerpt":{"rendered":"Lors de la Conf\u00e9rence de Munich sur la s\u00e9curit\u00e9, vendredi 14 f\u00e9vrier, la Premi\u00e8re ministre danoise, Mette Frederiksen,&hellip;\n","protected":false},"author":2,"featured_media":31574,"comment_status":"","ping_status":"","sticky":false,"template":"","format":"standard","meta":{"footnotes":""},"categories":[1591],"tags":[10714,10715,11,1924,9930,2120,9929,1887,1146,131,12,1885,1886,132,2475],"class_list":{"0":"post-31573","1":"post","2":"type-post","3":"status-publish","4":"format-standard","5":"has-post-thumbnail","7":"category-russie","8":"tag-actu-russie","9":"tag-actu-ukraine","10":"tag-actualites","11":"tag-armement","12":"tag-armu00e9e","13":"tag-conflit","14":"tag-du00e9fense","15":"tag-federation-de-russie","16":"tag-guerre","17":"tag-guerre-en-ukraine","18":"tag-news","19":"tag-russia","20":"tag-russian-federation","21":"tag-russie","22":"tag-union-europu00e9enne"},"share_on_mastodon":{"url":"https:\/\/pubeurope.com\/@fr\/114353115285124918","error":""},"_links":{"self":[{"href":"https:\/\/www.europesays.com\/fr\/wp-json\/wp\/v2\/posts\/31573","targetHints":{"allow":["GET"]}}],"collection":[{"href":"https:\/\/www.europesays.com\/fr\/wp-json\/wp\/v2\/posts"}],"about":[{"href":"https:\/\/www.europesays.com\/fr\/wp-json\/wp\/v2\/types\/post"}],"author":[{"embeddable":true,"href":"https:\/\/www.europesays.com\/fr\/wp-json\/wp\/v2\/users\/2"}],"replies":[{"embeddable":true,"href":"https:\/\/www.europesays.com\/fr\/wp-json\/wp\/v2\/comments?post=31573"}],"version-history":[{"count":0,"href":"https:\/\/www.europesays.com\/fr\/wp-json\/wp\/v2\/posts\/31573\/revisions"}],"wp:featuredmedia":[{"embeddable":true,"href":"https:\/\/www.europesays.com\/fr\/wp-json\/wp\/v2\/media\/31574"}],"wp:attachment":[{"href":"https:\/\/www.europesays.com\/fr\/wp-json\/wp\/v2\/media?parent=31573"}],"wp:term":[{"taxonomy":"category","embeddable":true,"href":"https:\/\/www.europesays.com\/fr\/wp-json\/wp\/v2\/categories?post=31573"},{"taxonomy":"post_tag","embeddable":true,"href":"https:\/\/www.europesays.com\/fr\/wp-json\/wp\/v2\/tags?post=31573"}],"curies":[{"name":"wp","href":"https:\/\/api.w.org\/{rel}","templated":true}]}}