{"id":315731,"date":"2025-08-13T07:22:14","date_gmt":"2025-08-13T07:22:14","guid":{"rendered":"https:\/\/www.europesays.com\/fr\/315731\/"},"modified":"2025-08-13T07:22:14","modified_gmt":"2025-08-13T07:22:14","slug":"isere-un-nouveau-cas-de-chikungunya-autochtone-confirme-dans-le-departement","status":"publish","type":"post","link":"https:\/\/www.europesays.com\/fr\/315731\/","title":{"rendered":"Is\u00e8re. Un nouveau cas de chikungunya autochtone confirm\u00e9 dans le d\u00e9partement"},"content":{"rendered":"<p class=\"xsm-p emxed-markup\">Le 7\u00a0ao\u00fbt dernier, un cas de chikungunya autochtone a \u00e9t\u00e9 signal\u00e9 sur Eybens \u00e0 l\u2019Agence r\u00e9gionale de sant\u00e9 (ARS) Auvergne-Rh\u00f4ne-Alpes. Ce mardi 12\u00a0ao\u00fbt, il a \u00e9t\u00e9 confirm\u00e9 par le Centre national de r\u00e9f\u00e9rence.\u00a0On parle de cas autochtone quand une personne a contract\u00e9 la maladie sans avoir voyag\u00e9 dans une zone o\u00f9 le virus s\u00e9vit. Sachant que le chikungunya se transmet de personne \u00e0 personne par l\u2019interm\u00e9diaire de la piq\u00fbre d\u2019un moustique tigre, lui-m\u00eame infect\u00e9 par le virus.<\/p>\n<p>Ce contenu est bloqu\u00e9 car vous n&rsquo;avez pas accept\u00e9 les cookies et autres traceurs.<\/p>\n<p>En cliquant sur \u00ab J\u2019accepte \u00bb, les cookies et autres traceurs seront d\u00e9pos\u00e9s et vous pourrez visualiser les contenus  (<a href=\"\" class=\"consentModule_policy\" target=\"_blank\" title=\"Consulter la politique de protection des donn\u00e9es du fournisseur\">plus d&rsquo;informations<\/a>).<\/p>\n<p>En cliquant sur \u00ab J\u2019accepte tous les cookies \u00bb, vous autorisez des d\u00e9p\u00f4ts de cookies et autres traceurs pour le stockage de vos donn\u00e9es sur nos sites et applications \u00e0 des fins de personnalisation et de ciblage publicitaire.<\/p>\n<p class=\"consentModule_secondaryText\">Vous gardez la possibilit\u00e9 de retirer votre consentement \u00e0 tout moment en consultant notre <a href=\"https:\/\/www.ledauphine.com\/protection-des-donnees\" target=\"_blank\" title=\"Consulter notre politique de protection des donn\u00e9es\" rel=\"noopener\">politique de protection des donn\u00e9es<\/a>. <br \/>&#13;<br \/>\n            <a href=\"https:\/\/www.ledauphine.com\/sante\/2025\/08\/12\/javascript:Didomi.notice.show()\" class=\"consentModule_cmp\" target=\"_blank\" rel=\"noopener\">G\u00e9rer mes choix<\/a>&#13;\n        <\/p>\n<p>&#13;<br \/>\n                        J&rsquo;accepte&#13;<br \/>\n            J&rsquo;accepte tous les cookies&#13;\n        <\/p>\n<p class=\"xsm-p emxed-markup\">L\u2019ARS va donc r\u00e9aliser\u00a0une op\u00e9ration de d\u00e9moustication dans la nuit de ce mardi 12 \u00e0 ce mercredi 13 ao\u00fbt. Elle aura lieu autour de la station Esso (\u00e0 proximit\u00e9 du cas rep\u00e9r\u00e9). L\u2019objectif de ce traitement est de <a href=\"https:\/\/www.ledauphine.com\/sante\/2025\/08\/04\/isere-saint-marcellin-cas-importe-de-chikungunya-une-demoustication-dans-la-nuit-de-mardi-a-mercredi\" target=\"_blank\" rel=\"noopener\">limiter les risques de transmission<\/a> \u00e0 d\u2019autres personnes en \u00e9liminant les g\u00eetes larvaires et les moustiques adultes, vecteurs du virus.<\/p>\n<p>En cas de sympt\u00f4mes, il faut consulter<\/p>\n<p class=\"xsm-p emxed-markup\">Les habitants concern\u00e9s par cette op\u00e9ration de d\u00e9moustication ont \u00e9t\u00e9 inform\u00e9s par un flyer dans leur boite aux lettres. En cas de sympt\u00f4mes (fi\u00e8vre, douleur articulaire, maux de t\u00eate), il faut consulter un professionnel de sant\u00e9 pour vous faire d\u00e9pister.<\/p>\n","protected":false},"excerpt":{"rendered":"Le 7\u00a0ao\u00fbt dernier, un cas de chikungunya autochtone a \u00e9t\u00e9 signal\u00e9 sur Eybens \u00e0 l\u2019Agence r\u00e9gionale de sant\u00e9&hellip;\n","protected":false},"author":2,"featured_media":315732,"comment_status":"","ping_status":"","sticky":false,"template":"","format":"standard","meta":{"footnotes":""},"categories":[10],"tags":[112,436,12390,1011,27,72,108,71],"class_list":{"0":"post-315731","1":"post","2":"type-post","3":"status-publish","4":"format-standard","5":"has-post-thumbnail","7":"category-sante","8":"tag-edition-grenoble-agglomeration","9":"tag-environnement","10":"tag-eybens","11":"tag-fr","12":"tag-france","13":"tag-health","14":"tag-isere","15":"tag-sante"},"share_on_mastodon":{"url":"https:\/\/pubeurope.com\/@fr\/115020257256601389","error":""},"_links":{"self":[{"href":"https:\/\/www.europesays.com\/fr\/wp-json\/wp\/v2\/posts\/315731","targetHints":{"allow":["GET"]}}],"collection":[{"href":"https:\/\/www.europesays.com\/fr\/wp-json\/wp\/v2\/posts"}],"about":[{"href":"https:\/\/www.europesays.com\/fr\/wp-json\/wp\/v2\/types\/post"}],"author":[{"embeddable":true,"href":"https:\/\/www.europesays.com\/fr\/wp-json\/wp\/v2\/users\/2"}],"replies":[{"embeddable":true,"href":"https:\/\/www.europesays.com\/fr\/wp-json\/wp\/v2\/comments?post=315731"}],"version-history":[{"count":0,"href":"https:\/\/www.europesays.com\/fr\/wp-json\/wp\/v2\/posts\/315731\/revisions"}],"wp:featuredmedia":[{"embeddable":true,"href":"https:\/\/www.europesays.com\/fr\/wp-json\/wp\/v2\/media\/315732"}],"wp:attachment":[{"href":"https:\/\/www.europesays.com\/fr\/wp-json\/wp\/v2\/media?parent=315731"}],"wp:term":[{"taxonomy":"category","embeddable":true,"href":"https:\/\/www.europesays.com\/fr\/wp-json\/wp\/v2\/categories?post=315731"},{"taxonomy":"post_tag","embeddable":true,"href":"https:\/\/www.europesays.com\/fr\/wp-json\/wp\/v2\/tags?post=315731"}],"curies":[{"name":"wp","href":"https:\/\/api.w.org\/{rel}","templated":true}]}}