{"id":315734,"date":"2025-08-13T07:24:10","date_gmt":"2025-08-13T07:24:10","guid":{"rendered":"https:\/\/www.europesays.com\/fr\/315734\/"},"modified":"2025-08-13T07:24:10","modified_gmt":"2025-08-13T07:24:10","slug":"meghan-markle-premieres-images-de-la-saison-2-de-sa-serie-moquee-et-ca-ne-risque-pas-de-sarranger","status":"publish","type":"post","link":"https:\/\/www.europesays.com\/fr\/315734\/","title":{"rendered":"Meghan Markle : premi\u00e8res images de la saison 2 de sa s\u00e9rie moqu\u00e9e et \u00e7a ne risque pas de s\u2019arranger"},"content":{"rendered":"<p>Cette ann\u00e9e, l\u2019actualit\u00e9 est charg\u00e9e pour Meghan Markle. Entre<br \/>\nle lancement de sa s\u00e9rie, son podcast mais aussi les nouveaux<br \/>\nproduits en lien avec sa marque As Ever, elle n\u2019a plus une minute \u00e0<br \/>\nelle. Sa s\u00e9rie \u201cWith Love Meghan\u201d, diffus\u00e9e sur Netflix, a<br \/>\nd\u2019ailleurs beaucoup fait parler. Cependant, m\u00eame si elle a \u00e9t\u00e9<br \/>\nvivement critiqu\u00e9e, et que <a class=\"qbe-widget\" href=\"https:\/\/www.closermag.fr\/royautes\/meghan-markle-na-pas-fait-recette-cette-grosse-deception-que-doit-affronter-la-duchesse-3565754\" target=\"_blank\" rel=\"noopener noreferrer\">les audiences ne sont pas<br \/>\ndu tout au rendez-vous<\/a>, elle est reprogramm\u00e9e pour une saison<br \/>\n2.<\/p>\n<p>Mardi 12 aout, les premi\u00e8res images ont \u00e9t\u00e9 d\u00e9voil\u00e9es. Et<br \/>\nvisiblement, les internautes ne sont pas vraiment conquis.<\/p>\n<p>\u201cWith Love Meghan\u201d revient pour une saison 2.<\/p>\n<p>\u00c9pouse et m\u00e8re de famille<a class=\"qbe-widget\" href=\"https:\/\/www.closermag.fr\/royautes\/meghan-markle-fait-un-subtil-clin-doeil-au-prince-harry-mais-cest-le-summum-du-cul-cul-la-praline-3570824\" target=\"_blank\" rel=\"noopener noreferrer\">, la duchesse de<br \/>\nSussex<\/a> n\u2019en oublie pas moins sa carri\u00e8re. Autrefois actrice<br \/>\nreconnue, notamment gr\u00e2ce \u00e0 la s\u00e9rie Suits, elle est d\u00e9sormais le<br \/>\npersonnage principal de son histoire dans \u201cWith Love, Meghan\u201d. Le<br \/>\nconcept est simple : <a class=\"qbe-widget\" href=\"https:\/\/www.closermag.fr\/royautes\/archie-et-lilibet-ce-violent-retour-de-boomerang-qui-attend-meghan-markle-3557497\" target=\"_blank\" rel=\"noopener noreferrer\">la m\u00e8re d\u2019Archie et<br \/>\nLilibet<\/a> re\u00e7oit des invit\u00e9s dans une maison lou\u00e9e pr\u00e8s de son<br \/>\nmanoir de Montecito (pour des raisons de confidentialit\u00e9) et<br \/>\npartage des moments de vie. Comme on peut le voir dans <strong>le<br \/>\nteasing de la saison 2<\/strong>, Chrissy Teigan et Jamie Kern Lima<br \/>\nseront de la partie dans les prochains \u00e9pisodes.<\/p>\n<p>Dans le teasing qui dure 27 secondes, Meghan Markle est vue en<br \/>\ntrain de manger du fromage, de faire la cuisine et de r\u00e9v\u00e9ler que<br \/>\nle prince Harry n\u2019aime pas le homard : \u201cVous savez qui n\u00a0\u00bbaime<br \/>\npas le homard ? Mon mari.\u201d \u00c0 la fin de la courte vid\u00e9o, elle<br \/>\nconclut en disant : \u201cJ\u2019\u2019adore ces moments de d\u00e9couverte et de<br \/>\nbeaut\u00e9. Alors soyons curieux ensemble.\u201d D\u00e9couvrir les<br \/>\npr\u00e9f\u00e9rences alimentaires du duc de Sussex suffira-t-il \u00e0 faire<br \/>\nremonter les audiences de la s\u00e9rie ? La belle-fille du roi Charles<br \/>\nIII a \u00e9galement pr\u00e9vu <strong>un \u00e9pisode sp\u00e9cial No\u00ebl,<\/strong> qui<br \/>\nsera diffus\u00e9 en d\u00e9cembre. Comme on peut le lire dans le <a class=\"qbe-widget\" href=\"https:\/\/www.dailymail.co.uk\/news\/royals\/article-14992129\/Trailer-Love-Meghan-season-2-drops-Netflix-deal.html\" target=\"_blank\" rel=\"noopener noreferrer\">Daily Mail<\/a>, il se<br \/>\npourrait que cela entre en conflit avec le concert annuel de chants<br \/>\nde No\u00ebl de la princesse de Galles \u00e0 l&rsquo;abbaye de Westminster.<\/p>\n<p>Meghan Markle : une s\u00e9rie \u201cvide de<br \/>\nsens\u201d ?<\/p>\n<p>Le couple a sign\u00e9 <a class=\"qbe-widget\" href=\"https:\/\/www.closermag.fr\/royautes\/harry-et-meghan-leur-nouveau-projet-netflix-fait-deja-polemique-une-salade-de-mots-3570844\" target=\"_blank\" rel=\"noopener noreferrer\">un nouvel accord avec<br \/>\nNetflix<\/a>, mais <a class=\"qbe-widget\" href=\"https:\/\/www.closermag.fr\/royautes\/harry-et-meghan-netflix-leur-laisse-une-derniere-chance-mais-les-sussex-ont-perdu-des-millions-3570539\" target=\"_blank\" rel=\"noopener noreferrer\">les sommes sont bien<br \/>\nmoins \u00e9lev\u00e9es que le premier<\/a> : \u201cJe pense que Netflix\u00a0a<br \/>\nfait un tr\u00e8s bon travail en s&rsquo;\u00e9loignant de deux personnes tr\u00e8s<br \/>\nch\u00e8res qui n&rsquo;ont pas tenu leurs promesses, et ils ont retir\u00e9 cet<br \/>\naccord de la table, et ils leur en ont donn\u00e9 un modeste\u201d, a<br \/>\nd\u00e9clar\u00e9 L&rsquo;expert en relations publiques Mark Borkowski.<\/p>\n<p>Il faut dire que la saison 1 a essuy\u00e9 de vives critiques,<br \/>\npuisque les t\u00e9l\u00e9spectateurs l\u2019ont qualifi\u00e9e de<br \/>\n\u201csensationnellement absurde et banale\u201d et ont \u00e9galement<br \/>\ndit que c&rsquo;\u00e9tait un programme qui \u201c<strong>vibre d&rsquo;une tristesse<br \/>\nvide de sens\u201d<\/strong>. La saison 2 les fera-t-elle changer<br \/>\nd\u2019avis ? <strong>Rendez-vous le 26 aout sur la plateforme de<br \/>\nstreaming.<\/strong><\/p>\n","protected":false},"excerpt":{"rendered":"Cette ann\u00e9e, l\u2019actualit\u00e9 est charg\u00e9e pour Meghan Markle. Entre le lancement de sa s\u00e9rie, son podcast mais aussi&hellip;\n","protected":false},"author":2,"featured_media":315735,"comment_status":"","ping_status":"","sticky":false,"template":"","format":"standard","meta":{"footnotes":""},"categories":[8],"tags":[548,58,59,1011,27,908],"class_list":{"0":"post-315734","1":"post","2":"type-post","3":"status-publish","4":"format-standard","5":"has-post-thumbnail","7":"category-divertissement","8":"tag-article-simple","9":"tag-divertissement","10":"tag-entertainment","11":"tag-fr","12":"tag-france","13":"tag-meghan-markle"},"share_on_mastodon":{"url":"https:\/\/pubeurope.com\/@fr\/115020265334969597","error":""},"_links":{"self":[{"href":"https:\/\/www.europesays.com\/fr\/wp-json\/wp\/v2\/posts\/315734","targetHints":{"allow":["GET"]}}],"collection":[{"href":"https:\/\/www.europesays.com\/fr\/wp-json\/wp\/v2\/posts"}],"about":[{"href":"https:\/\/www.europesays.com\/fr\/wp-json\/wp\/v2\/types\/post"}],"author":[{"embeddable":true,"href":"https:\/\/www.europesays.com\/fr\/wp-json\/wp\/v2\/users\/2"}],"replies":[{"embeddable":true,"href":"https:\/\/www.europesays.com\/fr\/wp-json\/wp\/v2\/comments?post=315734"}],"version-history":[{"count":0,"href":"https:\/\/www.europesays.com\/fr\/wp-json\/wp\/v2\/posts\/315734\/revisions"}],"wp:featuredmedia":[{"embeddable":true,"href":"https:\/\/www.europesays.com\/fr\/wp-json\/wp\/v2\/media\/315735"}],"wp:attachment":[{"href":"https:\/\/www.europesays.com\/fr\/wp-json\/wp\/v2\/media?parent=315734"}],"wp:term":[{"taxonomy":"category","embeddable":true,"href":"https:\/\/www.europesays.com\/fr\/wp-json\/wp\/v2\/categories?post=315734"},{"taxonomy":"post_tag","embeddable":true,"href":"https:\/\/www.europesays.com\/fr\/wp-json\/wp\/v2\/tags?post=315734"}],"curies":[{"name":"wp","href":"https:\/\/api.w.org\/{rel}","templated":true}]}}