{"id":315738,"date":"2025-08-13T07:26:14","date_gmt":"2025-08-13T07:26:14","guid":{"rendered":"https:\/\/www.europesays.com\/fr\/315738\/"},"modified":"2025-08-13T07:26:14","modified_gmt":"2025-08-13T07:26:14","slug":"quest-ce-que-la-consanguinite-de-lia-ce-phenomene-qui-menace-les-intelligences-artificielles","status":"publish","type":"post","link":"https:\/\/www.europesays.com\/fr\/315738\/","title":{"rendered":"Qu\u2019est-ce que la \u00abconsanguinit\u00e9 de l\u2019IA\u00bb, ce ph\u00e9nom\u00e8ne qui menace les intelligences artificielles"},"content":{"rendered":"<p><strong>D\u00c9CRYPTAGE &#8211; <\/strong>Un ph\u00e9nom\u00e8ne discret mais inqui\u00e9tant serait en train de fragiliser les intelligences artificielles. En cause, un m\u00e9canisme interne qui pourrait, \u00e0 terme, les appauvrir et r\u00e9duire leur fiabilit\u00e9.<\/p>\n<p class=\"fig-paragraph\">Depuis quelques mois, un \u00e9trange sympt\u00f4me intrigue les internautes\u00a0: les images g\u00e9n\u00e9r\u00e9es par\u00a0<a href=\"http:\/\/www.lefigaro.fr\/secteur\/high-tech\/investissements-massifs-moteur-de-recherche-enrichi-comment-sundar-pichai-a-dope-google-a-l-intelligence-artificielle-en-l-espace-d-une-decennie-20250805\" target=\"_blank\" data-fig-type=\"Article\" rel=\"noopener\" data-gtm-custom-categorie=\"navigation\" data-gtm-custom-action=\"crossclick\" data-gtm-custom-label=\"Contextuel\" data-gtm-event=\"customEventSPE\" data-fig-domain=\"LEFIGARO\">intelligence artificielle<\/a>\u00a0se parent d\u2019une teinte jaun\u00e2tre. M\u00e8mes, portraits ou vid\u00e9os\u00a0: ce biais visuel est devenu si r\u00e9pandu que de nombreux tutoriels pour \u00abd\u00e9-jaunifier\u00bb ces images circulent d\u00e9sormais sur internet. Pour les sp\u00e9cialistes, ce n\u2019est pas une question de rendu esth\u00e9tique. Cette uniformisation pourrait bien \u00eatre le signe d\u2019une crise plus profonde qui menace l\u2019IA. La cause\u00a0? Une forme de \u00abconsanguinit\u00e9\u00bb num\u00e9rique qui survient lorsque des mod\u00e8les d\u2019IA s\u2019entra\u00eenent sur des donn\u00e9es\u2026 d\u00e9j\u00e0 produites par d\u2019autres IA. \u00abEntra\u00eener de futures g\u00e9n\u00e9rations de mod\u00e8les sur des g\u00e9n\u00e9rations ant\u00e9rieures finit par provoquer un effondrement de mod\u00e8le\u00bb, explique Alain Goudey, directeur g\u00e9n\u00e9ral adjoint en charge du num\u00e9rique \u00e0 Neoma Business School.<\/p>\n<p class=\"fig-premium-paywall__infos\">\n        Cet article est r\u00e9serv\u00e9 aux abonn\u00e9s.        Il vous reste 89% \u00e0 d\u00e9couvrir.\n    <\/p>\n<p>                <img  data- alt=\"Le Figaro\" class=\"fig-img--complete fig-img\"\/><\/p>\n<p class=\"fig-premium-paywall__title\">Vous avez envie de lire la suite ?<\/p>\n<p class=\"fig-premium-paywall__subtitle\">D\u00e9bloquez tous les articles imm\u00e9diatement.<\/p>\n<p class=\"fig-premium-paywall__connect\">\n                D\u00e9j\u00e0 abonn\u00e9\u00a0?                <a class=\"fig-premium-paywall__connect-link\" href=\"https:\/\/connect.lefigaro.fr\/login?client=horizon_web&amp;type=main&amp;redirect_uri=https%3A%2F%2Fwww.lefigaro.fr%2Fconjoncture%2Fqu-est-ce-que-la-consanguinite-de-l-ia-ce-phenomene-qui-menace-les-intelligences-artificielles-20250813\" data-js-gtm=\"{&quot;customCategorie&quot;: &quot;conversion&quot;, &quot;customAction&quot;: &quot;before_Landing_Connexion_paywall_manuel&quot;, &quot;customLabel&quot;: &quot;bGVmaWdhcm8uZnJfXzFmMDc3OTFiLTZjNDgtNjkxZS1iMzJjLTlkODEwODNhZTJiZF9fQXJ0aWNsZQ==_Qu\u2019est-ce que la \u00abconsanguinit\u00e9 de l\u2019IA\u00bb, ce ph\u00e9nom\u00e8ne qui menace les intelligences artificielles_1025&quot;, &quot;customIDSPE&quot;: &quot;bGVmaWdhcm8uZnJfXzFmMDc3OTFiLTZjNDgtNjkxZS1iMzJjLTlkODEwODNhZTJiZF9fQXJ0aWNsZQ==&quot;, &quot;event&quot;: &quot;customEventSPE&quot;}\" target=\"_blank\" rel=\"noopener\"><br \/>\n                    Connectez-vous<br \/>\n                <\/a>\n            <\/p>\n","protected":false},"excerpt":{"rendered":"D\u00c9CRYPTAGE &#8211; Un ph\u00e9nom\u00e8ne discret mais inqui\u00e9tant serait en train de fragiliser les intelligences artificielles. En cause, un&hellip;\n","protected":false},"author":2,"featured_media":315739,"comment_status":"","ping_status":"","sticky":false,"template":"","format":"standard","meta":{"footnotes":""},"categories":[6],"tags":[35,141,33,34,1011,27,223],"class_list":{"0":"post-315738","1":"post","2":"type-post","3":"status-publish","4":"format-standard","5":"has-post-thumbnail","7":"category-economie","8":"tag-business","9":"tag-chatgpt","10":"tag-economie","11":"tag-economy","12":"tag-fr","13":"tag-france","14":"tag-intelligence-artificielle"},"share_on_mastodon":{"url":"https:\/\/pubeurope.com\/@fr\/115020272965459772","error":""},"_links":{"self":[{"href":"https:\/\/www.europesays.com\/fr\/wp-json\/wp\/v2\/posts\/315738","targetHints":{"allow":["GET"]}}],"collection":[{"href":"https:\/\/www.europesays.com\/fr\/wp-json\/wp\/v2\/posts"}],"about":[{"href":"https:\/\/www.europesays.com\/fr\/wp-json\/wp\/v2\/types\/post"}],"author":[{"embeddable":true,"href":"https:\/\/www.europesays.com\/fr\/wp-json\/wp\/v2\/users\/2"}],"replies":[{"embeddable":true,"href":"https:\/\/www.europesays.com\/fr\/wp-json\/wp\/v2\/comments?post=315738"}],"version-history":[{"count":0,"href":"https:\/\/www.europesays.com\/fr\/wp-json\/wp\/v2\/posts\/315738\/revisions"}],"wp:featuredmedia":[{"embeddable":true,"href":"https:\/\/www.europesays.com\/fr\/wp-json\/wp\/v2\/media\/315739"}],"wp:attachment":[{"href":"https:\/\/www.europesays.com\/fr\/wp-json\/wp\/v2\/media?parent=315738"}],"wp:term":[{"taxonomy":"category","embeddable":true,"href":"https:\/\/www.europesays.com\/fr\/wp-json\/wp\/v2\/categories?post=315738"},{"taxonomy":"post_tag","embeddable":true,"href":"https:\/\/www.europesays.com\/fr\/wp-json\/wp\/v2\/tags?post=315738"}],"curies":[{"name":"wp","href":"https:\/\/api.w.org\/{rel}","templated":true}]}}