{"id":315740,"date":"2025-08-13T07:27:09","date_gmt":"2025-08-13T07:27:09","guid":{"rendered":"https:\/\/www.europesays.com\/fr\/315740\/"},"modified":"2025-08-13T07:27:09","modified_gmt":"2025-08-13T07:27:09","slug":"une-delegation-est-arrivee-au-caire-en-vue-de-discussions-sur-une-treve-dans-lenclave-palestinienne-confirme-le-hamas","status":"publish","type":"post","link":"https:\/\/www.europesays.com\/fr\/315740\/","title":{"rendered":"une d\u00e9l\u00e9gation est arriv\u00e9e au Caire en vue de discussions sur une tr\u00eave dans l\u2019enclave palestinienne, confirme le Hamas"},"content":{"rendered":"<p>   Le ministre de la d\u00e9fense isra\u00e9lien recadre \u00e0 nouveau le chef d\u2019\u00e9tat-major et l\u2019accuse d\u2019outrepasser ses pr\u00e9rogatives             <\/p>\n<p class=\"post__live-container--answer-text post__space-node\">Le ministre de la d\u00e9fense isra\u00e9lien Israel Katz s\u2019en est \u00e0 nouveau pris au chef d\u2019\u00e9tat-major de l\u2019arm\u00e9e mercredi. Dans un communiqu\u00e9 relay\u00e9 notamment par <a href=\"https:\/\/www.haaretz.com\/israel-news\/2025-08-13\/ty-article-live\/netanyahu-if-other-countries-want-to-help-palestinians-they-should-open-their-doors\/00000198-a106-d825-a39a-f3ce42d00000?liveBlogItemId=501975149&amp;utm_source=site&amp;utm_medium=button&amp;utm_campaign=live_blog_item#501975149\" target=\"_blank\" rel=\"noopener nofollow\" title=\"Nouvelle fen\u00eatre\">Haaretz <\/a>et <a href=\"https:\/\/www.timesofisrael.com\/liveblog_entry\/ramping-up-fight-katz-accuses-idf-chief-of-working-with-government-critics-to-bypass-hierarchy\/\" target=\"_blank\" rel=\"noopener nofollow\" title=\"Nouvelle fen\u00eatre\">The Times of Israel<\/a>, il a estim\u00e9 que le comportement d\u2019Eyal Zamir nuisait aux int\u00e9r\u00eats de l\u2019arm\u00e9e isra\u00e9lienne et a assur\u00e9 qu\u2019il surveillait de pr\u00e8s les d\u00e9cisions relatives au personnel militaire.<\/p>\n<p class=\"post__live-container--answer-text post__space-node\">Les deux hommes se sont affront\u00e9s publiquement apr\u00e8s que le ministre a contest\u00e9 les promotions militaires approuv\u00e9es par Eyal Zamir. \u00ab\u00a0Conform\u00e9ment \u00e0 la loi, c\u2019est moi qui d\u00e9cide d\u2019approuver les promotions \u00e0 partir du grade de colonel, et le chef de l\u2019arm\u00e9e isra\u00e9lienne est charg\u00e9 de recommander diff\u00e9rentes options\u00a0\u00bb, a poursuivi Israel Katz dans son communiqu\u00e9.<\/p>\n<p class=\"post__live-container--answer-text post__space-node\">\u00ab\u00a0La tentative de modifier les proc\u00e9dures que nous avons d\u00e9cid\u00e9es, peut-\u00eatre sur la recommandation de conseillers anti-gouvernementaux qui attisent les tensions, et de les remplacer par une tentative de cr\u00e9er des faits accomplis lors de r\u00e9unions improvis\u00e9es, ne r\u00e9ussira pas\u00a0\u00bb, ajoute M. Katz dans sa d\u00e9claration. \u00ab\u00a0Il est regrettable que ce pr\u00e9judice inutile ait \u00e9t\u00e9 inflig\u00e9 aux officiers de l\u2019arm\u00e9e isra\u00e9lienne, dont beaucoup sont des h\u00e9ros qui se sont sacrifi\u00e9s pour la s\u00e9curit\u00e9 d\u2019Isra\u00ebl\u00a0\u00bb, a-t-il poursuivi.<\/p>\n<p class=\"post__live-container--answer-text post__space-node\">Depuis deux semaines, des tensions sont apparues au grand jour entre le chef d\u2019\u00e9tat-major et le gouvernement du premier ministre isra\u00e9lien, Benyamin N\u00e9tanyahou, \u00e0 propos de la suite des op\u00e9rations militaires dans la bande de Gaza pour y lib\u00e9rer les otages isra\u00e9liens et vaincre le Hamas.<\/p>\n<p class=\"post__live-container--answer-text post__space-node\">Selon la presse nationale, le g\u00e9n\u00e9ral Zamir \u00e9tait oppos\u00e9 au plan valid\u00e9 vendredi d\u2019une prise de contr\u00f4le de la bande de Gaza et notamment celui de la ville de Gaza, une zone dens\u00e9ment peupl\u00e9e qui \u00e9chappe pour le moment au contr\u00f4le militaire isra\u00e9lien exerc\u00e9 sur quelque 75\u00a0% du territoire palestinien.<\/p>\n<p class=\"post__live-container--answer-text post__space-node\">Selon Haaretz, Eyal Zamir aurait d\u00e9clar\u00e9 lors de discussions avec des g\u00e9n\u00e9raux et avec des personnalit\u00e9s ext\u00e9rieures \u00e0 l\u2019arm\u00e9e que la famille du premier ministre l\u2019avait pris pour cible apr\u00e8s qu\u2019il s\u2019est oppos\u00e9 au plan pour Gaza, et que l\u2019entourage de Benyamin N\u00e9tanyahou souhaitait le destituer.<\/p>\n","protected":false},"excerpt":{"rendered":"Le ministre de la d\u00e9fense isra\u00e9lien recadre \u00e0 nouveau le chef d\u2019\u00e9tat-major et l\u2019accuse d\u2019outrepasser ses pr\u00e9rogatives Le&hellip;\n","protected":false},"author":2,"featured_media":315741,"comment_status":"","ping_status":"","sticky":false,"template":"","format":"standard","meta":{"footnotes":""},"categories":[5],"tags":[11,1011,27,14,12,28],"class_list":{"0":"post-315740","1":"post","2":"type-post","3":"status-publish","4":"format-standard","5":"has-post-thumbnail","7":"category-international","8":"tag-actualites","9":"tag-fr","10":"tag-france","11":"tag-international","12":"tag-news","13":"tag-world"},"share_on_mastodon":{"url":"https:\/\/pubeurope.com\/@fr\/115020276984606181","error":""},"_links":{"self":[{"href":"https:\/\/www.europesays.com\/fr\/wp-json\/wp\/v2\/posts\/315740","targetHints":{"allow":["GET"]}}],"collection":[{"href":"https:\/\/www.europesays.com\/fr\/wp-json\/wp\/v2\/posts"}],"about":[{"href":"https:\/\/www.europesays.com\/fr\/wp-json\/wp\/v2\/types\/post"}],"author":[{"embeddable":true,"href":"https:\/\/www.europesays.com\/fr\/wp-json\/wp\/v2\/users\/2"}],"replies":[{"embeddable":true,"href":"https:\/\/www.europesays.com\/fr\/wp-json\/wp\/v2\/comments?post=315740"}],"version-history":[{"count":0,"href":"https:\/\/www.europesays.com\/fr\/wp-json\/wp\/v2\/posts\/315740\/revisions"}],"wp:featuredmedia":[{"embeddable":true,"href":"https:\/\/www.europesays.com\/fr\/wp-json\/wp\/v2\/media\/315741"}],"wp:attachment":[{"href":"https:\/\/www.europesays.com\/fr\/wp-json\/wp\/v2\/media?parent=315740"}],"wp:term":[{"taxonomy":"category","embeddable":true,"href":"https:\/\/www.europesays.com\/fr\/wp-json\/wp\/v2\/categories?post=315740"},{"taxonomy":"post_tag","embeddable":true,"href":"https:\/\/www.europesays.com\/fr\/wp-json\/wp\/v2\/tags?post=315740"}],"curies":[{"name":"wp","href":"https:\/\/api.w.org\/{rel}","templated":true}]}}