{"id":31575,"date":"2025-04-17T11:40:09","date_gmt":"2025-04-17T11:40:09","guid":{"rendered":"https:\/\/www.europesays.com\/fr\/31575\/"},"modified":"2025-04-17T11:40:09","modified_gmt":"2025-04-17T11:40:09","slug":"guerre-en-ukraine-le-chef-de-la-diplomatie-americaine-et-le-bras-droit-de-zelensky-recus-a-paris","status":"publish","type":"post","link":"https:\/\/www.europesays.com\/fr\/31575\/","title":{"rendered":"Guerre en Ukraine. Le chef de la diplomatie am\u00e9ricaine et le bras droit de Zelensky re\u00e7us \u00e0 Paris"},"content":{"rendered":"<p>Le chef de la diplomatie am\u00e9ricaine Marco Rubio, accompagn\u00e9 de l&rsquo;\u00e9missaire des Etats-Unis pour l&rsquo;Ukraine Keith Kellogg, a atterri jeudi matin \u00e0 l&rsquo;a\u00e9roport du Bourget, pour sa premi\u00e8re visite en France.<\/p>\n<p>Le secr\u00e9taire d&rsquo;Etat doit rencontrer le pr\u00e9sident <a href=\"https:\/\/www.estrepublicain.fr\/p\/emmanuel-macron\" target=\"_blank\" rel=\"nofollow noopener\">Emmanuel Macron<\/a> et le ministre des Affaires \u00e9trang\u00e8res <a href=\"https:\/\/www.estrepublicain.fr\/p\/jean-noel-barrot\" target=\"_blank\" rel=\"nofollow noopener\">Jean-No\u00ebl Barrot<\/a> pour des discussions portant notamment sur le conflit en Ukraine. L&rsquo;\u00e9missaire sp\u00e9cial de <a href=\"https:\/\/www.estrepublicain.fr\/p\/donald-trump\" target=\"_blank\" rel=\"nofollow noopener\">Donald Trump<\/a> Steve Witkoff est \u00e9galement attendu \u00e0 Paris dans la journ\u00e9e.<\/p>\n<p>  Des repr\u00e9sentants ukrainiens pr\u00e9sents<\/p>\n<p>Le chef de l&rsquo;administration pr\u00e9sidentielle ukrainienne, Andri\u00ef Iermak, a annonc\u00e9 \u00eatre arriv\u00e9 lui aussi \u00e0 Paris ce jeudi, accompagn\u00e9 de deux ministres, en vue de rencontrer des \u00ab repr\u00e9sentants \u00bb am\u00e9ricains et europ\u00e9ens.<\/p>\n<p>Les pourparlers en vue d&rsquo;un cessez-le-feu g\u00e9n\u00e9ral organis\u00e9s par Washington pi\u00e9tinent, plus de trois ans apr\u00e8s le d\u00e9but de l&rsquo;invasion russe en f\u00e9vrier 2022.<\/p>\n<p>  \u00ab Faire le point sur les n\u00e9gociations de paix\u00a0\u00bb<\/p>\n<p><a href=\"https:\/\/www.estrepublicain.fr\/defense-guerre-conflit\/2025\/04\/14\/volodomyr-zelensky-appelle-donald-trump-a-venir-constater-la-devastation-sur-le-terrain\" target=\"_blank\" rel=\"nofollow noopener\">Un bombardement meurtrier russe dimanche contre la ville ukrainienne de Soumy<\/a> (nord-est), qui a tu\u00e9 au moins 35 civils, a rappel\u00e9, selon Washington et Paris, l&rsquo;urgence \u00e0 trouver une issue au conflit. Dans la nuit de mercredi \u00e0 jeudi, une \u00ab attaque massive de drones \u00bb russes a fait trois morts et 30 bless\u00e9s, \u00e0 Dnipro (est), selon le gouverneur local.<\/p>\n<p>\u00ab Ces diff\u00e9rentes rencontres permettront de faire le point sur les n\u00e9gociations de paix visant \u00e0 mettre fin \u00e0 l&rsquo;agression russe de l&rsquo;Ukraine. Elles feront suite aux conversations du pr\u00e9sident de la R\u00e9publique avec le pr\u00e9sident Trump et aux travaux men\u00e9s dans le cadre de la coalition des volontaires \u00bb, a indiqu\u00e9 la pr\u00e9sidence fran\u00e7aise.<\/p>\n<p>Zelensky r\u00e9clame de la \u00ab pression \u00bb sur les \u00ab tueurs \u00bb<\/p>\n<p>Le pr\u00e9sident ukrainien Volodymyr Zelensky a appel\u00e9 jeudi \u00e0 exercer de la \u00ab pression \u00bb sur les \u00ab tueurs \u00bb pour \u00ab mettre fin \u00bb \u00e0 l&rsquo;invasion de son pays par la Russie, au moment o\u00f9 une d\u00e9l\u00e9gation ukrainienne de haut niveau est arriv\u00e9e \u00e0 Paris pour y rencontrer des responsables europ\u00e9ens et am\u00e9ricains.<\/p>\n<p>Le Kremlin a accus\u00e9 jeudi les Europ\u00e9ens de vouloir \u00ab la poursuite de la guerre \u00bb. \u00ab Malheureusement, ce que nous voyons de la part des Europ\u00e9ens, c&rsquo;est une focalisation sur la poursuite de la guerre \u00bb, a d\u00e9clar\u00e9 le porte-parole de la pr\u00e9sidence russe, Dmitri Peskov.<\/p>\n","protected":false},"excerpt":{"rendered":"Le chef de la diplomatie am\u00e9ricaine Marco Rubio, accompagn\u00e9 de l&rsquo;\u00e9missaire des Etats-Unis pour l&rsquo;Ukraine Keith Kellogg, a&hellip;\n","protected":false},"author":2,"featured_media":31576,"comment_status":"","ping_status":"","sticky":false,"template":"","format":"standard","meta":{"footnotes":""},"categories":[1590],"tags":[11,3206,1777,674,107,329,12,220],"class_list":{"0":"post-31575","1":"post","2":"type-post","3":"status-publish","4":"format-standard","5":"has-post-thumbnail","7":"category-ukraine","8":"tag-actualites","9":"tag-defense-guerre-conflit","10":"tag-eu","11":"tag-europe","12":"tag-fil-info","13":"tag-france-monde","14":"tag-news","15":"tag-ukraine"},"share_on_mastodon":{"url":"https:\/\/pubeurope.com\/@fr\/114353119257065430","error":""},"_links":{"self":[{"href":"https:\/\/www.europesays.com\/fr\/wp-json\/wp\/v2\/posts\/31575","targetHints":{"allow":["GET"]}}],"collection":[{"href":"https:\/\/www.europesays.com\/fr\/wp-json\/wp\/v2\/posts"}],"about":[{"href":"https:\/\/www.europesays.com\/fr\/wp-json\/wp\/v2\/types\/post"}],"author":[{"embeddable":true,"href":"https:\/\/www.europesays.com\/fr\/wp-json\/wp\/v2\/users\/2"}],"replies":[{"embeddable":true,"href":"https:\/\/www.europesays.com\/fr\/wp-json\/wp\/v2\/comments?post=31575"}],"version-history":[{"count":0,"href":"https:\/\/www.europesays.com\/fr\/wp-json\/wp\/v2\/posts\/31575\/revisions"}],"wp:featuredmedia":[{"embeddable":true,"href":"https:\/\/www.europesays.com\/fr\/wp-json\/wp\/v2\/media\/31576"}],"wp:attachment":[{"href":"https:\/\/www.europesays.com\/fr\/wp-json\/wp\/v2\/media?parent=31575"}],"wp:term":[{"taxonomy":"category","embeddable":true,"href":"https:\/\/www.europesays.com\/fr\/wp-json\/wp\/v2\/categories?post=31575"},{"taxonomy":"post_tag","embeddable":true,"href":"https:\/\/www.europesays.com\/fr\/wp-json\/wp\/v2\/tags?post=31575"}],"curies":[{"name":"wp","href":"https:\/\/api.w.org\/{rel}","templated":true}]}}