{"id":315750,"date":"2025-08-13T07:33:13","date_gmt":"2025-08-13T07:33:13","guid":{"rendered":"https:\/\/www.europesays.com\/fr\/315750\/"},"modified":"2025-08-13T07:33:13","modified_gmt":"2025-08-13T07:33:13","slug":"las-nancy-lorraine-attire-le-meilleur-lateral-droit-du-national-2024-2025-rayan-bamba-prete-par-rennes","status":"publish","type":"post","link":"https:\/\/www.europesays.com\/fr\/315750\/","title":{"rendered":"l\u2019AS Nancy Lorraine attire le meilleur lat\u00e9ral droit du National 2024-2025, Rayan Bamba, pr\u00eat\u00e9 par Rennes"},"content":{"rendered":"<p>C\u2019est un dossier sur lequel l\u2019ASNL a pass\u00e9 un nombre d\u2019heures incalculable. D\u00e8s les premi\u00e8res r\u00e9unions au sujet <a href=\"https:\/\/www.estrepublicain.fr\/sport\/2025\/06\/25\/as-nancy-lorraine-le-point-sur-l-effectif-apres-la-premiere-signature-et-les-annonces-de-depart\" target=\"_blank\" rel=\"noopener\">de ce Mercato estival 2025<\/a> , Rayan Bamba a \u00e9t\u00e9 cibl\u00e9 comme une priorit\u00e9 de recrutement du directeur sportif Micha\u00ebl Chr\u00e9tien, du coach Pablo Correa et de l\u2019ensemble du staff, \u00e0 un poste o\u00f9 il y avait un besoin imp\u00e9ratif de renfort.<\/p>\n<p>Et pour cause, comme la saison derni\u00e8re, Nancy comptait, jusque-l\u00e0, un seul sp\u00e9cialiste du r\u00f4le sous contrat pro, en l\u2019occurrence <a href=\"https:\/\/www.estrepublicain.fr\/sport\/2024\/06\/15\/qui-est-adrien-julloux-le-lateral-droit-recrute-par-l-as-nancy-lorraine\" target=\"_blank\" rel=\"noopener\">Adrien Julloux<\/a>. Un poste doubl\u00e9 jusque-l\u00e0 par le jeune Enzo Tacafred, amateur.<\/p>\n<p>  Barr\u00e9 \u00e0 Rennes<\/p>\n<p>L\u2019ASNL aurait aim\u00e9 valider l\u2019arriv\u00e9e de Rayan Bamba plus t\u00f4t dans ce Mercato mais elle a d\u00fb faire preuve de patience pour arriver \u00e0 ses fins, cette semaine, sauf mauvaise surprise. D\u00e9sign\u00e9 meilleur lat\u00e9ral droit du National 2024-2025, Rayan Bamba est revenu de son pr\u00eat \u00e0 Concarneau, en juin, pour prolonger de deux ans son contrat pro avec le Stade Rennais, son club formateur. Il a, d\u2019ailleurs, suivi la pr\u00e9paration de Rennes, en pensant peut-\u00eatre avoir sa chance en L1.<\/p>\n<p>Mais les Rennais ont recrut\u00e9 l\u2019ancien Lensois Przemys\u0142aw Frankowski pour occuper le couloir droit de leur d\u00e9fense. Il y avait du monde pour r\u00e9cup\u00e9rer Rayan Bamba en pr\u00eat, pour cette saison 2025-2026, mais c\u2019est donc Nancy qui est parvenu \u00e0 convaincre le joueur \u00e2g\u00e9 de 21 ans. Un jeune dont les qualit\u00e9s semblent compl\u00e8tement adapt\u00e9es <a href=\"https:\/\/www.estrepublicain.fr\/sport\/2025\/07\/16\/l-as-nancy-lorraine-va-changer-de-systeme-tactique\" target=\"_blank\" rel=\"noopener\">au syst\u00e8me tactique mis en place par Pablo Correa en ce d\u00e9but de saison<\/a>\u00a0 avec des lat\u00e9raux tr\u00e8s offensifs dans une d\u00e9fense comptant trois hommes dans l\u2019axe.<\/p>\n","protected":false},"excerpt":{"rendered":"C\u2019est un dossier sur lequel l\u2019ASNL a pass\u00e9 un nombre d\u2019heures incalculable. D\u00e8s les premi\u00e8res r\u00e9unions au sujet&hellip;\n","protected":false},"author":2,"featured_media":315751,"comment_status":"","ping_status":"","sticky":false,"template":"","format":"standard","meta":{"footnotes":""},"categories":[9635],"tags":[1111,11,3703,1704,1777,674,107,1701,17649,1795,63,1011,27,775,1702,1703,12,3456,25,517,1700],"class_list":{"0":"post-315750","1":"post","2":"type-post","3":"status-publish","4":"format-standard","5":"has-post-thumbnail","7":"category-nancy","8":"tag-actu","9":"tag-actualites","10":"tag-asnl","11":"tag-edition-nancy-et-agglomeration","12":"tag-eu","13":"tag-europe","14":"tag-fil-info","15":"tag-fil-info-sport","16":"tag-fil-print","17":"tag-fil-web","18":"tag-football","19":"tag-fr","20":"tag-france","21":"tag-grand-est","22":"tag-nancy","23":"tag-nancy-ville-54b","24":"tag-news","25":"tag-region-lorraine","26":"tag-republique-francaise","27":"tag-sport","28":"tag-sport-lorrain"},"share_on_mastodon":{"url":"https:\/\/pubeurope.com\/@fr\/115020300429506190","error":""},"_links":{"self":[{"href":"https:\/\/www.europesays.com\/fr\/wp-json\/wp\/v2\/posts\/315750","targetHints":{"allow":["GET"]}}],"collection":[{"href":"https:\/\/www.europesays.com\/fr\/wp-json\/wp\/v2\/posts"}],"about":[{"href":"https:\/\/www.europesays.com\/fr\/wp-json\/wp\/v2\/types\/post"}],"author":[{"embeddable":true,"href":"https:\/\/www.europesays.com\/fr\/wp-json\/wp\/v2\/users\/2"}],"replies":[{"embeddable":true,"href":"https:\/\/www.europesays.com\/fr\/wp-json\/wp\/v2\/comments?post=315750"}],"version-history":[{"count":0,"href":"https:\/\/www.europesays.com\/fr\/wp-json\/wp\/v2\/posts\/315750\/revisions"}],"wp:featuredmedia":[{"embeddable":true,"href":"https:\/\/www.europesays.com\/fr\/wp-json\/wp\/v2\/media\/315751"}],"wp:attachment":[{"href":"https:\/\/www.europesays.com\/fr\/wp-json\/wp\/v2\/media?parent=315750"}],"wp:term":[{"taxonomy":"category","embeddable":true,"href":"https:\/\/www.europesays.com\/fr\/wp-json\/wp\/v2\/categories?post=315750"},{"taxonomy":"post_tag","embeddable":true,"href":"https:\/\/www.europesays.com\/fr\/wp-json\/wp\/v2\/tags?post=315750"}],"curies":[{"name":"wp","href":"https:\/\/api.w.org\/{rel}","templated":true}]}}