{"id":315758,"date":"2025-08-13T07:39:06","date_gmt":"2025-08-13T07:39:06","guid":{"rendered":"https:\/\/www.europesays.com\/fr\/315758\/"},"modified":"2025-08-13T07:39:06","modified_gmt":"2025-08-13T07:39:06","slug":"des-bouchons-recenses-autour-de-caen-et-de-rouen-la-circulation-en-normandie-est-classee-rouge-2","status":"publish","type":"post","link":"https:\/\/www.europesays.com\/fr\/315758\/","title":{"rendered":"Des bouchons recens\u00e9s autour de Caen et de Rouen, la circulation en Normandie est class\u00e9e rouge"},"content":{"rendered":"<p>Bison fut\u00e9 avait annonc\u00e9 que ce samedi 9\u00a0ao\u00fbt 2025, le trafic routier serait rouge dans les cinq d\u00e9partements de Normandie dans le sens des d\u00e9parts avec <strong>\u00ab\u00a0une circulation tr\u00e8s difficile\u00a0\u00bb<\/strong>.<\/p>\n<p><strong>Lire aussi :<\/strong>\u00a0<a href=\"https:\/\/cherbourg.maville.com\/actu\/actudet_-trois-morts-dans-un-accident-de-la-route-a-brix-dans-la-manche-la-rd-50-fermee-a-la-circulation-_10-6929919_actu.Htm\" target=\"_blank\" rel=\"noopener\">Trois morts dans un accident de la route \u00e0 Brix dans la Manche, la RD 50 ferm\u00e9e \u00e0 la circulation<\/a><\/p>\n<p>\t<img decoding=\"async\" src=\"https:\/\/www.europesays.com\/fr\/wp-content\/uploads\/2025\/08\/P35397979D6929917G_px_640_.jpg\" alt=\"photo ce samedi 9\u00a0ao\u00fbt, un pic de bouchons routiers a \u00e9t\u00e9 atteint avec 27,8\u00a0km de circulation tr\u00e8s difficile autour de caen.  \u00a9  capture d\u2019\u00e9cran bison fut\u00e9\" width=\"640\" title=\" Ce samedi 9\u00a0ao\u00fbt, un pic de bouchons routiers a \u00e9t\u00e9 atteint avec 27,8\u00a0km de circulation tr\u00e8s difficile autour de Caen.   Capture d\u2019\u00e9cran Bison fut\u00e9 \"\/><\/p>\n<p class=\"elmt-legende\"> Ce samedi 9\u00a0ao\u00fbt, un pic de bouchons routiers a \u00e9t\u00e9 atteint avec 27,8\u00a0km de circulation tr\u00e8s difficile autour de Caen.   Capture d\u2019\u00e9cran Bison fut\u00e9 <\/p>\n<p><strong>Lire aussi<\/strong> : <a href=\"https:\/\/rennes.maville.com\/actu\/actudet_-plus-de-1-200-kilometres-de-bouchons-ce-samedi-une-grande-partie-de-la-france-classee-rouge-_54135-6929885_actu.Htm\" target=\"_blank\" rel=\"noopener\">Plus de 1 200 kilom\u00e8tres de bouchons ce samedi, une grande partie de la France class\u00e9e rouge<\/a><\/p>\n<p>Jusqu\u2019\u00e0 11,4\u00a0km de bouchons ont \u00e9t\u00e9 enregistr\u00e9s en Seine-Maritime \u00e0 11\u00a0h\u00a020 sur la N338, voie rapide de la m\u00e9tropole Rouen Normandie souvent appel\u00e9e Sud III,\u00a0et sur la N31\u00a0de Rouen vers Reims. \u00c0 11\u00a0h\u00a040, un pic de 27,8\u00a0km de bouchons a \u00e9t\u00e9 enregistr\u00e9 autour de Caen (Calvados), sur l\u2019A84 et sur le p\u00e9riph\u00e9rique.<\/p>\n<p><strong>Lire aussi\u00a0:<\/strong>\u00a0<a href=\"https:\/\/caen.maville.com\/actu\/actudet_-rouge-pour-les-departs-orange-pour-les-retours-un-samedi-difficile-sur-les-routes-de-normandie-_4-6928805_actu.Htm\" target=\"_blank\" rel=\"noopener\">Rouge pour les d\u00e9parts, orange pour les retours\u00a0: un samedi difficile sur les routes de Normandie<\/a><\/p>\n<p>Ce\u00a0samedi, la\u00a0Normandie\u00a0demeure\u00a0en\u00a0rouge\u00a0dans\u00a0le\u00a0sens\u00a0des\u00a0d\u00e9parts\u00a0et\u00a0en\u00a0orange\u00a0dans\u00a0le\u00a0sens\u00a0des\u00a0arriv\u00e9es. Demain, dimanche, Bison fut\u00e9 annonce une circulation redevenue fluide dans les deux sens.<\/p>\n<p>\u00a0<\/p>\n","protected":false},"excerpt":{"rendered":"Bison fut\u00e9 avait annonc\u00e9 que ce samedi 9\u00a0ao\u00fbt 2025, le trafic routier serait rouge dans les cinq d\u00e9partements&hellip;\n","protected":false},"author":2,"featured_media":308063,"comment_status":"","ping_status":"","sticky":false,"template":"","format":"standard","meta":{"footnotes":""},"categories":[9587],"tags":[1111,11,7051,7050,5492,3542,44827,1777,674,1011,27,12,5161,42622,25,9590,7289],"class_list":{"0":"post-315758","1":"post","2":"type-post","3":"status-publish","4":"format-standard","5":"has-post-thumbnail","7":"category-rouen","8":"tag-actu","9":"tag-actualites","10":"tag-autour","11":"tag-bouchons","12":"tag-caen","13":"tag-circulation","14":"tag-classee","15":"tag-eu","16":"tag-europe","17":"tag-fr","18":"tag-france","19":"tag-news","20":"tag-normandie","21":"tag-recenses","22":"tag-republique-francaise","23":"tag-rouen","24":"tag-rouge"},"share_on_mastodon":{"url":"https:\/\/pubeurope.com\/@fr\/115020324167810882","error":""},"_links":{"self":[{"href":"https:\/\/www.europesays.com\/fr\/wp-json\/wp\/v2\/posts\/315758","targetHints":{"allow":["GET"]}}],"collection":[{"href":"https:\/\/www.europesays.com\/fr\/wp-json\/wp\/v2\/posts"}],"about":[{"href":"https:\/\/www.europesays.com\/fr\/wp-json\/wp\/v2\/types\/post"}],"author":[{"embeddable":true,"href":"https:\/\/www.europesays.com\/fr\/wp-json\/wp\/v2\/users\/2"}],"replies":[{"embeddable":true,"href":"https:\/\/www.europesays.com\/fr\/wp-json\/wp\/v2\/comments?post=315758"}],"version-history":[{"count":0,"href":"https:\/\/www.europesays.com\/fr\/wp-json\/wp\/v2\/posts\/315758\/revisions"}],"wp:featuredmedia":[{"embeddable":true,"href":"https:\/\/www.europesays.com\/fr\/wp-json\/wp\/v2\/media\/308063"}],"wp:attachment":[{"href":"https:\/\/www.europesays.com\/fr\/wp-json\/wp\/v2\/media?parent=315758"}],"wp:term":[{"taxonomy":"category","embeddable":true,"href":"https:\/\/www.europesays.com\/fr\/wp-json\/wp\/v2\/categories?post=315758"},{"taxonomy":"post_tag","embeddable":true,"href":"https:\/\/www.europesays.com\/fr\/wp-json\/wp\/v2\/tags?post=315758"}],"curies":[{"name":"wp","href":"https:\/\/api.w.org\/{rel}","templated":true}]}}