{"id":315759,"date":"2025-08-13T07:43:12","date_gmt":"2025-08-13T07:43:12","guid":{"rendered":"https:\/\/www.europesays.com\/fr\/315759\/"},"modified":"2025-08-13T07:43:12","modified_gmt":"2025-08-13T07:43:12","slug":"lisere-et-grenoble-toujours-en-vigilance-rouge-canicule-des-records-de-chaleur-battus","status":"publish","type":"post","link":"https:\/\/www.europesays.com\/fr\/315759\/","title":{"rendered":"L&rsquo;Is\u00e8re et Grenoble toujours en vigilance rouge canicule, des records de chaleur battus"},"content":{"rendered":"<p>            Par<br \/>\n        <strong><br \/>\n            <a href=\"https:\/\/actu.fr\/auteur\/redaction-grenoble\" title=\"Consulter tous les articles de R\u00e9daction Grenoble\" target=\"_blank\" rel=\"noopener\">R\u00e9daction Grenoble<\/a><br \/>\n        <\/strong><\/p>\n<p>        Publi\u00e9 le<\/p>\n<p>            13 ao\u00fbt 2025 \u00e0 9h25        <\/p>\n<p>Deuxi\u00e8me jour de <a href=\"https:\/\/actu.fr\/meteo\/canicule-meteo-france-place-l-isere-en-vigilance-rouge-des-mardi-des-records-probables_63023199.html\" target=\"_blank\" rel=\"noopener\">vigilance rouge canicule<\/a> pour l\u2019Is\u00e8re, mercredi 13 ao\u00fbt. Le mercure devrait <strong>continuer de grimper<\/strong>, alors que la barre des 20\u00b0C \u00e9tait d\u00e9j\u00e0 largement d\u00e9pass\u00e9e sur une large partie nord du d\u00e9partement \u00e0 5 heures du matin, selon les derni\u00e8res donn\u00e9es de <a href=\"https:\/\/actu.fr\/tag\/meteo-france\" target=\"_blank\" rel=\"noopener\">M\u00e9t\u00e9o-France<\/a>.<\/p>\n<p class=\" wall-content\">Hier, mardi, \u00ab\u00a0les temp\u00e9ratures maximales ont \u00e9t\u00e9 comprises 37\u00b0C et 42 \u00b0C, tr\u00e8s localement un peu plus. Le seuil des 40\u00b0C a \u00e9t\u00e9 atteint sur l\u2019ensemble du Nord-Is\u00e8re, la vall\u00e9e du Rh\u00f4ne et approch\u00e9 sur le Lyonnais\u00a0\u00bb, pr\u00e9cise le service m\u00e9t\u00e9orologique.<\/p>\n<p>Des records sont tomb\u00e9s mardi<\/p>\n<p class=\" wall-content\">\u00c9galement, des <strong>records de temp\u00e9rature<\/strong> ont \u00e9t\u00e9 battus d\u00e8s mardi. En Is\u00e8re, c\u2019est <a href=\"https:\/\/actu.fr\/auvergne-rhone-alpes\/sablons_38349\" target=\"_blank\" rel=\"noopener\">Sablons<\/a>, au sud de Lyon, qui a retenu l\u2019attention avec <strong>41,8\u00b0C<\/strong> mesur\u00e9s, \u00ab\u00a0record absolu \u00e9gal\u00e9 avec le 22 ao\u00fbt 2023\u00a0\u00bb depuis le d\u00e9but des mesures sur site en 1969, indique M\u00e9t\u00e9o-France.<\/p>\n<p>    <a href=\"https:\/\/www.google.com\/maps\/embed?pb=!1m18!1m12!1m3!1d67248.87883278032!2d4.736009689453625!3d45.32453127458167!2m3!1f0!2f0!3f0!3m2!1i1024!2i768!4f13.1!3m3!1m2!1s0x47f517c9bbc0a91f%3A0x9247dfe071981d83!2sSablons!5e0!3m2!1sfr!2sfr!4v1755068912881!5m2!1sfr!2sfr\" title=\"Ouvrie le lien\" target=\"_blank\" rel=\"noopener\">Cliquez ici pour visualiser le contenu<\/a><\/p>\n<p class=\" wall-content\">\u00c0 <a href=\"https:\/\/actu.fr\/auvergne-rhone-alpes\/grenoble_38185\" target=\"_blank\" rel=\"noopener\">Grenoble<\/a>, la maximale relev\u00e9e mardi \u00e9tait de 39,7\u00b0C et \u00ab\u00a0les temp\u00e9ratures ont aussi atteints des valeurs tr\u00e8s \u00e9lev\u00e9es en montagne avec des maximales entre 34 et 35\u00b0C \u00e0 1 000 m d\u2019altitude.\u00a0\u00bb<\/p>\n<p>Fin de la vigilance rouge jeudi<\/p>\n<p class=\" wall-content\">Pour cette journ\u00e9e de mercredi, \u00ab\u00a0des records annuels de temp\u00e9ratures [sont] susceptibles d\u2019\u00eatre d\u00e9pass\u00e9s par endroits sur le <a href=\"https:\/\/actu.fr\/auvergne-rhone-alpes\/rhone_69\" target=\"_blank\" rel=\"noopener\">Rh\u00f4ne<\/a> et l\u2019Is\u00e8re\u00a0\u00bb, avertit M\u00e9t\u00e9o-France. \u00c0 Grenoble,\u00a0les 40\u00b0C sont annonc\u00e9s dans l\u2019apr\u00e8s-midi.<\/p>\n<p class=\" wall-content\">Les maximales devraient toutefois \u00eatre observ\u00e9es dans la vall\u00e9e du Rh\u00f4ne, avec <strong>jusqu\u2019\u00e0 42\u00b0C<\/strong> attendus \u00e0 <a href=\"https:\/\/actu.fr\/auvergne-rhone-alpes\/vienne_38544\" target=\"_blank\" rel=\"noopener\">Vienne<\/a> ou Roussillon.<\/p>\n<p class=\" wall-content\">L\u2019Is\u00e8re devrait <strong>repasser en vigilance orange<\/strong> canicule d\u00e8s demain, jeudi 14 ao\u00fbt \u00e0 6 heures, alors que les temp\u00e9ratures vont amorcer une l\u00e9g\u00e8re baisse.<\/p>\n<p class=\" wall-content\">Suivez toute l\u2019actualit\u00e9 de vos villes et m\u00e9dias favoris en vous inscrivant \u00e0 <a href=\"https:\/\/moncompte.actu.fr\" title=\"D\u00e9couvez Mon Actu\" rel=\"nofollow noopener\" data-trk=\"{&quot;cta&quot;:{&quot;action&quot;:&quot;https:\\\/\\\/moncompte.actu.fr&quot;,&quot;category&quot;:&quot;mon compte&quot;,&quot;from&quot;:&quot;article footer&quot;,&quot;name&quot;:&quot;Mon actu&quot;,&quot;type&quot;:&quot;cta&quot;}}\" target=\"_blank\">Mon Actu<\/a>.<\/p>\n","protected":false},"excerpt":{"rendered":"Par R\u00e9daction Grenoble Publi\u00e9 le 13 ao\u00fbt 2025 \u00e0 9h25 Deuxi\u00e8me jour de vigilance rouge canicule pour l\u2019Is\u00e8re,&hellip;\n","protected":false},"author":2,"featured_media":315760,"comment_status":"","ping_status":"","sticky":false,"template":"","format":"standard","meta":{"footnotes":""},"categories":[9566],"tags":[1111,11,2430,6698,1777,674,1011,27,2731,2487,2357,12,25],"class_list":{"0":"post-315759","1":"post","2":"type-post","3":"status-publish","4":"format-standard","5":"has-post-thumbnail","7":"category-grenoble","8":"tag-actu","9":"tag-actualites","10":"tag-auvergne-rhone-alpes","11":"tag-canicule","12":"tag-eu","13":"tag-europe","14":"tag-fr","15":"tag-france","16":"tag-grenoble","17":"tag-meteo","18":"tag-meteo-france","19":"tag-news","20":"tag-republique-francaise"},"share_on_mastodon":{"url":"https:\/\/pubeurope.com\/@fr\/115020340105752955","error":""},"_links":{"self":[{"href":"https:\/\/www.europesays.com\/fr\/wp-json\/wp\/v2\/posts\/315759","targetHints":{"allow":["GET"]}}],"collection":[{"href":"https:\/\/www.europesays.com\/fr\/wp-json\/wp\/v2\/posts"}],"about":[{"href":"https:\/\/www.europesays.com\/fr\/wp-json\/wp\/v2\/types\/post"}],"author":[{"embeddable":true,"href":"https:\/\/www.europesays.com\/fr\/wp-json\/wp\/v2\/users\/2"}],"replies":[{"embeddable":true,"href":"https:\/\/www.europesays.com\/fr\/wp-json\/wp\/v2\/comments?post=315759"}],"version-history":[{"count":0,"href":"https:\/\/www.europesays.com\/fr\/wp-json\/wp\/v2\/posts\/315759\/revisions"}],"wp:featuredmedia":[{"embeddable":true,"href":"https:\/\/www.europesays.com\/fr\/wp-json\/wp\/v2\/media\/315760"}],"wp:attachment":[{"href":"https:\/\/www.europesays.com\/fr\/wp-json\/wp\/v2\/media?parent=315759"}],"wp:term":[{"taxonomy":"category","embeddable":true,"href":"https:\/\/www.europesays.com\/fr\/wp-json\/wp\/v2\/categories?post=315759"},{"taxonomy":"post_tag","embeddable":true,"href":"https:\/\/www.europesays.com\/fr\/wp-json\/wp\/v2\/tags?post=315759"}],"curies":[{"name":"wp","href":"https:\/\/api.w.org\/{rel}","templated":true}]}}