{"id":315761,"date":"2025-08-13T07:44:45","date_gmt":"2025-08-13T07:44:45","guid":{"rendered":"https:\/\/www.europesays.com\/fr\/315761\/"},"modified":"2025-08-13T07:44:45","modified_gmt":"2025-08-13T07:44:45","slug":"une-croix-gammee-et-des-injures-homophobes-taguees-sur-un-radar-en-ille-et-vilaine","status":"publish","type":"post","link":"https:\/\/www.europesays.com\/fr\/315761\/","title":{"rendered":"Une croix gamm\u00e9e et des injures homophobes tagu\u00e9es sur un radar en Ille-et-Vilaine"},"content":{"rendered":"<p>Une croix gamm\u00e9e et des injures \u00e0 caract\u00e8re homophobe peintes <a href=\"https:\/\/angers.maville.com\/actu\/actudet_-infographies.-radars-automatiques-vandalises-votre-departement-est-il-particulierement-touche-_9-6002758_actu.Htm\" target=\"_self\" rel=\"noopener\">sur un radar<\/a>. C\u2019est le triste spectacle que l\u2019on peut observer sur la D974, peu avant l\u2019entr\u00e9e de Val-d\u2019Iz\u00e9, pr\u00e8s de Vitr\u00e9 (Ille-et-Vilaine). Les tags ont \u00e9t\u00e9 vus pour la premi\u00e8re fois dans la soir\u00e9e du dimanche 10\u00a0ao\u00fbt 2025, comme l\u2019indique le  <a href=\"https:\/\/actu.fr\/bretagne\/val-d-ize_35347\/ille-et-vilaine-une-croix-gammee-et-des-injures-taguees-sur-un-radar_63021192.html\" target=\"_self\" rel=\"noopener\">Journal de Vitr\u00e9<\/a> . Une grande bande noire a aussi \u00e9t\u00e9 peinte au niveau de l\u2019objectif.<\/p>\n<p>L\u2019appareil automatique avait \u00e9t\u00e9 install\u00e9 r\u00e9cemment sur la route entre Livr\u00e9-sur-Changeon et Val-d\u2019Iz\u00e9, non loin de l\u2019oratoire Notre-Dame-de-Bon-Secours. Pr\u00e9venue lundi matin, la premi\u00e8re adjointe Lisiane Huet s\u2019est rendue sur place pour constater l\u2019acte de vandalisme. <strong>\u00ab\u00a0Les tags vont \u00eatre nettoy\u00e9s en d\u00e9but d\u2019apr\u00e8s-midi par un agent communal\u00a0\u00bb<\/strong>, pr\u00e9cise-t-elle.<\/p>\n<p>La gendarmerie pr\u00e9venue<\/p>\n<p>Concernant la d\u00e9cision de porter plainte ou non, le maire Bruno Delva indique\u00a0: <strong>\u00ab\u00a0Je ne sais pas si la commune est habilit\u00e9e parce que le radar ne nous appartient pas et n\u2019a pas \u00e9t\u00e9 plac\u00e9 ici de notre fait. Je regrette ces incivilit\u00e9s \u00e0 r\u00e9p\u00e9tition.\u00a0\u00bb<\/strong> La gendarmerie a, dans tous les cas, \u00e9t\u00e9 pr\u00e9venue.<\/p>\n<p>Le fait de tracer des inscriptions, des signes ou des dessins sur ce type d\u2019\u00e9quipement est puni d\u2019une amende 15\u00a0000\u00a0\u20ac et d\u2019une peine de travail d\u2019int\u00e9r\u00eat g\u00e9n\u00e9ral.<\/p>\n<p>\u00a0<\/p>\n","protected":false},"excerpt":{"rendered":"Une croix gamm\u00e9e et des injures \u00e0 caract\u00e8re homophobe peintes sur un radar. C\u2019est le triste spectacle que&hellip;\n","protected":false},"author":2,"featured_media":315762,"comment_status":"","ping_status":"","sticky":false,"template":"","format":"standard","meta":{"footnotes":""},"categories":[2821],"tags":[1111,11,829,19026,1777,674,1011,27,45463,45464,848,22106,12,27760,3086,584,25,45465],"class_list":{"0":"post-315761","1":"post","2":"type-post","3":"status-publish","4":"format-standard","5":"has-post-thumbnail","7":"category-rennes","8":"tag-actu","9":"tag-actualites","10":"tag-bretagne","11":"tag-croix","12":"tag-eu","13":"tag-europe","14":"tag-fr","15":"tag-france","16":"tag-gammee","17":"tag-homophobes","18":"tag-ille-et-vilaine","19":"tag-injures","20":"tag-news","21":"tag-radar","22":"tag-redon","23":"tag-rennes","24":"tag-republique-francaise","25":"tag-taguees"},"share_on_mastodon":{"url":"https:\/\/pubeurope.com\/@fr\/115020343885589065","error":""},"_links":{"self":[{"href":"https:\/\/www.europesays.com\/fr\/wp-json\/wp\/v2\/posts\/315761","targetHints":{"allow":["GET"]}}],"collection":[{"href":"https:\/\/www.europesays.com\/fr\/wp-json\/wp\/v2\/posts"}],"about":[{"href":"https:\/\/www.europesays.com\/fr\/wp-json\/wp\/v2\/types\/post"}],"author":[{"embeddable":true,"href":"https:\/\/www.europesays.com\/fr\/wp-json\/wp\/v2\/users\/2"}],"replies":[{"embeddable":true,"href":"https:\/\/www.europesays.com\/fr\/wp-json\/wp\/v2\/comments?post=315761"}],"version-history":[{"count":0,"href":"https:\/\/www.europesays.com\/fr\/wp-json\/wp\/v2\/posts\/315761\/revisions"}],"wp:featuredmedia":[{"embeddable":true,"href":"https:\/\/www.europesays.com\/fr\/wp-json\/wp\/v2\/media\/315762"}],"wp:attachment":[{"href":"https:\/\/www.europesays.com\/fr\/wp-json\/wp\/v2\/media?parent=315761"}],"wp:term":[{"taxonomy":"category","embeddable":true,"href":"https:\/\/www.europesays.com\/fr\/wp-json\/wp\/v2\/categories?post=315761"},{"taxonomy":"post_tag","embeddable":true,"href":"https:\/\/www.europesays.com\/fr\/wp-json\/wp\/v2\/tags?post=315761"}],"curies":[{"name":"wp","href":"https:\/\/api.w.org\/{rel}","templated":true}]}}