{"id":315765,"date":"2025-08-13T07:46:13","date_gmt":"2025-08-13T07:46:13","guid":{"rendered":"https:\/\/www.europesays.com\/fr\/315765\/"},"modified":"2025-08-13T07:46:13","modified_gmt":"2025-08-13T07:46:13","slug":"souffelweyersheim-un-homme-de-23-ans-condamne-pour-avoir-essaye-denlever-une-femme-en-pleine-rue","status":"publish","type":"post","link":"https:\/\/www.europesays.com\/fr\/315765\/","title":{"rendered":"Souffelweyersheim. Un homme de 23 ans condamn\u00e9 pour avoir essay\u00e9 d\u2019enlever une femme en pleine rue"},"content":{"rendered":"<p>\u00ab\u00a0Doit-on juger les fous\u00a0? C\u2019est presque un dossier du bac de philo\u00a0\u00bb, lance M e Juliette Thomann. Son client, un jeune homme de 23 ans, reste mutique face aux juges, les \u00e9paules enroul\u00e9es vers l\u2019avant, le regard vide et les bras crois\u00e9s. \u00ab\u00a0Je ne pr\u00e9f\u00e8re pas r\u00e9pondre.\u00a0\u00bb Ce seront quasiment les seuls mots qu\u2019il prononcera, en boucle.<\/p>\n<p>Depuis le d\u00e9but de l\u2019enqu\u00eate, le pr\u00e9venu nie en bloc. Les experts ont d\u00e9cel\u00e9 chez lui des \u00ab\u00a0sympt\u00f4mes schizophr\u00e9niques\u00a0\u00bb, des \u00ab\u00a0troubles psychotiques d\u00e9lirants\u00a0\u00bb et un \u00ab\u00a0effondrement psychiatrique\u00a0\u00bb.<\/p>\n<p>\u00ab\u00a0J\u2019ai hurl\u00e9 tout ce que je pouvais\u00a0\u00bb<\/p>\n<p>Le 17\u00a0mai&#8230;<\/p>\n","protected":false},"excerpt":{"rendered":"\u00ab\u00a0Doit-on juger les fous\u00a0? C\u2019est presque un dossier du bac de philo\u00a0\u00bb, lance M e Juliette Thomann. Son&hellip;\n","protected":false},"author":2,"featured_media":315766,"comment_status":"","ping_status":"","sticky":false,"template":"","format":"standard","meta":{"footnotes":""},"categories":[2820],"tags":[1111,11,271,272,2880,1777,674,274,107,1011,27,775,3035,12,25,16322,640,3265],"class_list":{"0":"post-315765","1":"post","2":"type-post","3":"status-publish","4":"format-standard","5":"has-post-thumbnail","7":"category-strasbourg","8":"tag-actu","9":"tag-actualites","10":"tag-crime","11":"tag-delit-et-contravention","12":"tag-edition-strasbourg","13":"tag-eu","14":"tag-europe","15":"tag-faits-divers-justice","16":"tag-fil-info","17":"tag-fr","18":"tag-france","19":"tag-grand-est","20":"tag-la-matinale-strasbourg","21":"tag-news","22":"tag-republique-francaise","23":"tag-souffelweyersheim","24":"tag-strasbourg","25":"tag-strasbourg-nord"},"share_on_mastodon":{"url":"https:\/\/pubeurope.com\/@fr\/115020351636914192","error":""},"_links":{"self":[{"href":"https:\/\/www.europesays.com\/fr\/wp-json\/wp\/v2\/posts\/315765","targetHints":{"allow":["GET"]}}],"collection":[{"href":"https:\/\/www.europesays.com\/fr\/wp-json\/wp\/v2\/posts"}],"about":[{"href":"https:\/\/www.europesays.com\/fr\/wp-json\/wp\/v2\/types\/post"}],"author":[{"embeddable":true,"href":"https:\/\/www.europesays.com\/fr\/wp-json\/wp\/v2\/users\/2"}],"replies":[{"embeddable":true,"href":"https:\/\/www.europesays.com\/fr\/wp-json\/wp\/v2\/comments?post=315765"}],"version-history":[{"count":0,"href":"https:\/\/www.europesays.com\/fr\/wp-json\/wp\/v2\/posts\/315765\/revisions"}],"wp:featuredmedia":[{"embeddable":true,"href":"https:\/\/www.europesays.com\/fr\/wp-json\/wp\/v2\/media\/315766"}],"wp:attachment":[{"href":"https:\/\/www.europesays.com\/fr\/wp-json\/wp\/v2\/media?parent=315765"}],"wp:term":[{"taxonomy":"category","embeddable":true,"href":"https:\/\/www.europesays.com\/fr\/wp-json\/wp\/v2\/categories?post=315765"},{"taxonomy":"post_tag","embeddable":true,"href":"https:\/\/www.europesays.com\/fr\/wp-json\/wp\/v2\/tags?post=315765"}],"curies":[{"name":"wp","href":"https:\/\/api.w.org\/{rel}","templated":true}]}}