{"id":315772,"date":"2025-08-13T07:50:11","date_gmt":"2025-08-13T07:50:11","guid":{"rendered":"https:\/\/www.europesays.com\/fr\/315772\/"},"modified":"2025-08-13T07:50:11","modified_gmt":"2025-08-13T07:50:11","slug":"pourquoi-des-tournesols-envahissent-ils-les-parterres-dans-toute-la-ville-de-nantes","status":"publish","type":"post","link":"https:\/\/www.europesays.com\/fr\/315772\/","title":{"rendered":"Pourquoi des tournesols envahissent-ils les parterres dans toute la ville de Nantes\u00a0?"},"content":{"rendered":"<p>Peut-\u00eatre avez-vous d\u00e9j\u00e0 crois\u00e9, au d\u00e9tour d\u2019une rue de Nantes (Loire-Atlantique), de grands tournesols pouss\u00e9s l\u00e0 comme par magie. Derri\u00e8re ces semis discrets, une campagne de communication et un joli projet floral, sem\u00e9 d\u2019enthousiasme.<\/p>\n<p>Depuis quelques semaines, des tournesols ont myst\u00e9rieusement envahi les parterres nantais. Pr\u00e8s de l\u2019arr\u00eat de tram Bouffay, \u00e0 c\u00f4t\u00e9 du Jardin des plantes, sur l\u2019\u00eele de Nantes\u2026 Tous sont accompagn\u00e9s d\u2019une petite pancarte orange, assortie d\u2019un brin de po\u00e9sie et d\u2019un myst\u00e9rieux hashtag\u00a0: Bomba Graines.<\/p>\n<p>Derri\u00e8re cette chasse au tr\u00e9sor fleurie, Ysabelle Res, une amoureuse des tournesols, rayonne sous son chapeau fleuri \u2014 un clin d\u2019\u0153il joyeux que la fondatrice de Bomba Graines partage volontiers sur ses r\u00e9seaux sociaux. Elle se d\u00e9crit comme une artisane, cr\u00e9atrice de bombes \u00e0 graines biologiques qu\u2019elle fabrique dans son atelier \u00e0 Nantes.<\/p>\n<p>L\u2019objectif\u00a0: permettre \u00e0 chacun de semer des fleurs sur son passage, que ce soit sur le chemin des courses ou au d\u00e9tour d\u2019une balade \u00e0 v\u00e9lo. Le tout gr\u00e2ce de petites boules d\u2019argile, de compost et de graines\u00a0: pr\u00eates \u00e0 \u00eatre sem\u00e9es, mais jamais garanties. Car la nature a ses lois \u2014 pluie, soleil, sol fertile\u2026 Parfois, \u00e7a pousse. Parfois non. Et c\u2019est aussi \u00e7a la beaut\u00e9 du vivant.<\/p>\n<p>\u00a0<\/p>\n","protected":false},"excerpt":{"rendered":"Peut-\u00eatre avez-vous d\u00e9j\u00e0 crois\u00e9, au d\u00e9tour d\u2019une rue de Nantes (Loire-Atlantique), de grands tournesols pouss\u00e9s l\u00e0 comme par&hellip;\n","protected":false},"author":2,"featured_media":315773,"comment_status":"","ping_status":"","sticky":false,"template":"","format":"standard","meta":{"footnotes":""},"categories":[2818],"tags":[1111,11,45467,1777,674,1011,27,766,12,45468,2636,25,3272,45466,4824],"class_list":{"0":"post-315772","1":"post","2":"type-post","3":"status-publish","4":"format-standard","5":"has-post-thumbnail","7":"category-nantes","8":"tag-actu","9":"tag-actualites","10":"tag-envahissent-ils","11":"tag-eu","12":"tag-europe","13":"tag-fr","14":"tag-france","15":"tag-nantes","16":"tag-news","17":"tag-parterres","18":"tag-pays-de-la-loire","19":"tag-republique-francaise","20":"tag-saint-nazaire","21":"tag-tournesols","22":"tag-ville"},"share_on_mastodon":{"url":"https:\/\/pubeurope.com\/@fr\/115020367442608363","error":""},"_links":{"self":[{"href":"https:\/\/www.europesays.com\/fr\/wp-json\/wp\/v2\/posts\/315772","targetHints":{"allow":["GET"]}}],"collection":[{"href":"https:\/\/www.europesays.com\/fr\/wp-json\/wp\/v2\/posts"}],"about":[{"href":"https:\/\/www.europesays.com\/fr\/wp-json\/wp\/v2\/types\/post"}],"author":[{"embeddable":true,"href":"https:\/\/www.europesays.com\/fr\/wp-json\/wp\/v2\/users\/2"}],"replies":[{"embeddable":true,"href":"https:\/\/www.europesays.com\/fr\/wp-json\/wp\/v2\/comments?post=315772"}],"version-history":[{"count":0,"href":"https:\/\/www.europesays.com\/fr\/wp-json\/wp\/v2\/posts\/315772\/revisions"}],"wp:featuredmedia":[{"embeddable":true,"href":"https:\/\/www.europesays.com\/fr\/wp-json\/wp\/v2\/media\/315773"}],"wp:attachment":[{"href":"https:\/\/www.europesays.com\/fr\/wp-json\/wp\/v2\/media?parent=315772"}],"wp:term":[{"taxonomy":"category","embeddable":true,"href":"https:\/\/www.europesays.com\/fr\/wp-json\/wp\/v2\/categories?post=315772"},{"taxonomy":"post_tag","embeddable":true,"href":"https:\/\/www.europesays.com\/fr\/wp-json\/wp\/v2\/tags?post=315772"}],"curies":[{"name":"wp","href":"https:\/\/api.w.org\/{rel}","templated":true}]}}