{"id":315778,"date":"2025-08-13T07:53:19","date_gmt":"2025-08-13T07:53:19","guid":{"rendered":"https:\/\/www.europesays.com\/fr\/315778\/"},"modified":"2025-08-13T07:53:19","modified_gmt":"2025-08-13T07:53:19","slug":"les-anti-lgv-denoncent-des-dommages-collateraux-des-travaux-au-sud-de-bordeaux","status":"publish","type":"post","link":"https:\/\/www.europesays.com\/fr\/315778\/","title":{"rendered":"Les anti LGV d\u00e9noncent des dommages collat\u00e9raux des travaux au sud de Bordeaux"},"content":{"rendered":"<p class=\"wp-block-post-excerpt__excerpt\">Malgr\u00e9 l\u2019interdiction de manifester en vigilance rouge canicule, des riverains et opposants aux am\u00e9nagements ferroviaires au sud de Bordeaux (AFSB) se sont rassembl\u00e9s ce mardi \u00e0 Cadaujac, apr\u00e8s avoir constat\u00e9 des \u00ab\u00a0irr\u00e9gularit\u00e9s\u00a0\u00bb, selon eux, dans la conduite des travaux. <\/p>\n<p><a href=\"https:\/\/rue89bordeaux.com\/category\/kiosque-abonne\/\" rel=\"tag noopener\" target=\"_blank\">\u00c9dition abonn\u00e9s<\/a>, <a href=\"https:\/\/rue89bordeaux.com\/category\/reportage\/\" rel=\"tag noopener\" target=\"_blank\">Reportage<\/a><\/p>\n<p>Simon Barth\u00e9l\u00e9my<\/p>\n<p>Publi\u00e9 le 13 ao\u00fbt 2025\u00a0\u00a0\u00b7\u00a0\u00a0<\/p>\n<p>Imprim\u00e9 le 13 ao\u00fbt 2025 \u00e0 09h53\u00a0\u00a0\u00b7\u00a0\u00a0<\/p>\n<p>\t\t\t\t\t4\u00a0minutes\n<\/p>\n<p>Ce mardi 12 aout, les gendarmes attendent les manifestants au tournant \u00e0 Cadaujac. Des dizaines de personnes ont r\u00e9pondu \u00e0 l\u2019appel de LGV Non Merci contre des travaux \u00ab\u00a0ill\u00e9gaux\u00a0\u00bb, selon ce collectif f\u00e9d\u00e9rant les associations hostiles \u00e0 la ligne nouvelle Bordeaux-Toulouse. <\/p>\n<p>Mais ils doivent quitter les lieux, menac\u00e9s par la gendarmerie d\u2019amendes de 135\u20ac pour participation \u00e0 un rassemblement, interdit dans l\u2019espace public par la pr\u00e9fecture pendant la vigilance rouge canicule.    <\/p>\n<p>\t\tJeu du chat et de la souris<\/p>\n<p>Apr\u00e8s s\u2019\u00eatre rabattus sur le parking du stade de Saint-M\u00e9dard-d\u2019Eyrans, \u00e0 quelques kilom\u00e8tres de l\u00e0, toujours sous surveillance d\u2019une patrouille de gendarmerie, une cinquantaine de personnes sont finalement invit\u00e9es \u00e0 se r\u00e9unir au ch\u00e2teau des Millefleurs, \u00e0 Cadaujac. Ses propri\u00e9taires sont des opposants de longue date \u00e0 la ligne \u00e0 grande vitesse Bordeaux-Toulouse, dont les TGV doivent passer sous leurs fen\u00eatres. <\/p>\n<p><img loading=\"lazy\" decoding=\"async\" width=\"792\" height=\"602\" src=\"https:\/\/www.europesays.com\/fr\/wp-content\/uploads\/2025\/08\/cadaujac-lgv-non-merci-792x602.jpeg\" alt=\"\" class=\"wp-image-168296\"  \/> R\u00e9union de militants au ch\u00e2teau de Millefleurs Photo\u00a0: SB\/Rue89 Bordeaux<\/p>\n<p>Les gendarmes sont toujours devant le portail, par lequel s\u2019engouffrent les v\u00e9hicules des manifestants, conc\u00e9dant qu\u2019ils ne peuvent emp\u00eacher un rassemblement dans une propri\u00e9t\u00e9 priv\u00e9e. Celui-ci consiste en une s\u00e9rie de prises de paroles, d\u00e9marr\u00e9e sur la terrasse de la demeure. <\/p>\n<blockquote class=\"wp-block-quote is-layout-flow wp-block-quote-is-layout-flow\">\n<p>\u00ab\u00a0Nous \u00e9tions venus pour constater que des actes ill\u00e9gaux ont \u00e9t\u00e9 commis, commence Jean Olivier, des Amis de la Terre Midi-Pyr\u00e9n\u00e9es. <a href=\"https:\/\/rue89bordeaux.com\/2025\/04\/pas-de-suspension-des-travaux-pour-les-amenagements-ferroviaires-au-sud-de-bordeaux\/\" target=\"_blank\" rel=\"noreferrer noopener\">En rejetant le r\u00e9f\u00e9r\u00e9-suspension le tribunal administratif de Bordeaux<\/a> avait estim\u00e9 que l\u2019urgence n\u2019\u00e9tait pas caract\u00e9ris\u00e9e car SNCF R\u00e9seau s\u2019\u00e9tait engag\u00e9 \u00e0 ne pas faire de travaux avant l\u2019automne dans les marais de Cadaujac, une zone humide reconnue <a href=\"https:\/\/rue89bordeaux.com\/2025\/06\/les-premiers-lachers-de-visons-deurope-auront-lieu-en-nouvelle-aquitaine-ou-de-grands-projets-menacent-lespece\/\" target=\"_blank\" rel=\"noreferrer noopener\">comme \u00e9tant un habitat du vison d\u2019Europe<\/a>. Or un chantier est bien en cours.\u00a0\u00bb<\/p>\n<\/blockquote>\n<p>Rue89 Bordeaux a besoin de vos dons<\/p>\n<p>Mille mercis \u00e0 nos 131 donateurs ! Gr\u00e2ce \u00e0 vous, nous avons atteint notre objectif initial de 10\u202f000\u202f\u20ac. Ce soutien va nous permettre de renflouer notre tr\u00e9sorerie, apr\u00e8s le d\u00e9sengagement en 2025 d\u2019un annonceur important \u2013 Bordeaux M\u00e9tropole \u2013 et de r\u00e9gler nos factures en attente.<br \/>Cependant, la cagnotte reste ouverte jusqu\u2019\u00e0 fin septembre afin de vous laisser l\u2019occasion de continuer \u00e0 soutenir votre m\u00e9dia ind\u00e9pendant. Chaque don est d\u00e9ductible des imp\u00f4ts \u00e0 hauteur de 66\u202f%. En recevoir davantage nous permettra de consolider nos finances, d\u2019envisager une rentr\u00e9e sereine, et surtout, d\u2019enrichir nos contenus et de renforcer notre r\u00e9daction.<\/p>\n<p><\/p>\n<p><img loading=\"lazy\" decoding=\"async\" width=\"480\" height=\"480\" src=\"https:\/\/www.europesays.com\/fr\/wp-content\/uploads\/2025\/04\/23-paywall.png\" alt=\"Abonnez-vous\" class=\"wp-image-128439\" style=\"aspect-ratio:1;width:210px;height:auto\"  \/><\/p>\n<p>Cet article fait partie de l\u2019\u00e9dition abonn\u00e9s. Pour lire la suite, profitez d\u2019une offre d\u00e9couverte \u00e0 1\u20ac.<\/p>\n<p class=\"has-gray-700-color has-text-color has-medium-font-size\">Contribuez \u00e0 consolider un m\u00e9dia ind\u00e9pendant \u00e0 Bordeaux, en capacit\u00e9 d\u2019enqu\u00eater sur les enjeux locaux.<\/p>\n<p>\t\t\t<a href=\"https:\/\/rue89bordeaux.com\/\" class=\"custom-logo-link\" rel=\"home noopener\" target=\"_blank\"><img loading=\"lazy\" decoding=\"async\" width=\"290\" height=\"49\" src=\"https:\/\/www.europesays.com\/fr\/wp-content\/uploads\/2025\/04\/logo.png\" class=\"custom-logo\" alt=\"Rue89Bordeaux Enqu\u00eates et informations de proximit\u00e9\"  \/><\/a><\/p>\n<p>\n\t\t\t\tAbonnez-vous maintenant pour suivre l\u2019actualit\u00e9 locale.\t\t\t<\/p>\n<p class=\"font-bold font-serif-heading mb-2 text-4xl\">\n\t\t\t\t\t\tL\u2019investigation locale \u00e0 port\u00e9e de main.\n\t\t\t\t\t<\/p>\n<p>\n\t\t\t\t\t\tAbonnez-vous et profitez d\u2019un acc\u00e8s illimit\u00e9 \u00e0 Rue89Bordeaux. Annulez quand vous voulez.\n\t\t\t\t\t<\/p>\n<p class=\"xl:text-sm\">\n\t\t\t\t\tD\u00e9j\u00e0 abonn\u00e9\u00a0?<br \/>\n\t\t\t\t\t<a class=\"border border-transparent text-center transition-colors duration-instant focus:border-info focus:rounded focus:shadow-focus cursor-pointer text-black hover:text-gray-700 active:bg-black-700 font-semibold inline-block\" href=\"https:\/\/rue89bordeaux.com\/user\/login\/?redirect=\/2025\/08\/les-anti-lgv-denoncent-des-dommages-collateraux-des-travaux-au-sud-de-bordeaux\/\" target=\"_blank\" rel=\"noopener\">Connectez-vous<\/a>\t\t\t\t<\/p>\n<p>\n\t\t\t\tChoisissez votre formule\u00a0:\n\t\t\t<\/p>\n<p>\t\t\t\tFermer<\/p>\n","protected":false},"excerpt":{"rendered":"Malgr\u00e9 l\u2019interdiction de manifester en vigilance rouge canicule, des riverains et opposants aux am\u00e9nagements ferroviaires au sud de&hellip;\n","protected":false},"author":2,"featured_media":315779,"comment_status":"","ping_status":"","sticky":false,"template":"","format":"standard","meta":{"footnotes":""},"categories":[2817],"tags":[1111,11,7130,1997,1777,674,1011,27,6200,12,2219,25],"class_list":{"0":"post-315778","1":"post","2":"type-post","3":"status-publish","4":"format-standard","5":"has-post-thumbnail","7":"category-bordeaux","8":"tag-actu","9":"tag-actualites","10":"tag-afsb","11":"tag-bordeaux","12":"tag-eu","13":"tag-europe","14":"tag-fr","15":"tag-france","16":"tag-lgv-bordeaux-toulouse","17":"tag-news","18":"tag-nouvelle-aquitaine","19":"tag-republique-francaise"},"share_on_mastodon":{"url":"https:\/\/pubeurope.com\/@fr\/115020379303259006","error":""},"_links":{"self":[{"href":"https:\/\/www.europesays.com\/fr\/wp-json\/wp\/v2\/posts\/315778","targetHints":{"allow":["GET"]}}],"collection":[{"href":"https:\/\/www.europesays.com\/fr\/wp-json\/wp\/v2\/posts"}],"about":[{"href":"https:\/\/www.europesays.com\/fr\/wp-json\/wp\/v2\/types\/post"}],"author":[{"embeddable":true,"href":"https:\/\/www.europesays.com\/fr\/wp-json\/wp\/v2\/users\/2"}],"replies":[{"embeddable":true,"href":"https:\/\/www.europesays.com\/fr\/wp-json\/wp\/v2\/comments?post=315778"}],"version-history":[{"count":0,"href":"https:\/\/www.europesays.com\/fr\/wp-json\/wp\/v2\/posts\/315778\/revisions"}],"wp:featuredmedia":[{"embeddable":true,"href":"https:\/\/www.europesays.com\/fr\/wp-json\/wp\/v2\/media\/315779"}],"wp:attachment":[{"href":"https:\/\/www.europesays.com\/fr\/wp-json\/wp\/v2\/media?parent=315778"}],"wp:term":[{"taxonomy":"category","embeddable":true,"href":"https:\/\/www.europesays.com\/fr\/wp-json\/wp\/v2\/categories?post=315778"},{"taxonomy":"post_tag","embeddable":true,"href":"https:\/\/www.europesays.com\/fr\/wp-json\/wp\/v2\/tags?post=315778"}],"curies":[{"name":"wp","href":"https:\/\/api.w.org\/{rel}","templated":true}]}}