{"id":315782,"date":"2025-08-13T07:55:12","date_gmt":"2025-08-13T07:55:12","guid":{"rendered":"https:\/\/www.europesays.com\/fr\/315782\/"},"modified":"2025-08-13T07:55:12","modified_gmt":"2025-08-13T07:55:12","slug":"coup-de-chaud-pour-64-enfants-dans-un-bus-en-panne-de-climatisation","status":"publish","type":"post","link":"https:\/\/www.europesays.com\/fr\/315782\/","title":{"rendered":"coup de chaud pour 64 enfants dans un bus en panne de climatisation"},"content":{"rendered":"<p><img decoding=\"async\" class=\"\" style=\"width:100%\" src=\"https:\/\/www.europesays.com\/fr\/wp-content\/uploads\/2025\/08\/Pompiers_21755067152178.webp.webp\" alt=\"Secours\"\/><\/p>\n<p>Les pompiers mobilis\u00e9s au p\u00e9age de Toulouse Nord ce mardi 12 Aout 2025<\/p>\n<p>Cr\u00e9dit : DR<\/p>\n<p>Coup de chaud pour des enfants qui se rendaient \u00e0 Castelnaudary, ce mardi (12 Ao\u00fbt 2025).<\/p>\n<p>Les pompiers de la Haute-Garonne sont intervenus au niveau du p\u00e9age de Toulouse-Nord, sur le p\u00e9riph\u00e9rique int\u00e9rieur. 64 enfants se trouvaient dans un bus dont la climatisation est tomb\u00e9e en panne, en pleine p\u00e9riode de canicule et alors que le d\u00e9partement de la Haute-Garonne \u00e9tait hier en alerte rouge face \u00e0 une vague de chaleur accablante.<\/p>\n<p>Les pompiers ont pris en charge 4 d\u2019entre eux qui \u00e9taient en hyperthermie et qui ont \u00e9t\u00e9 \u00e9vacu\u00e9s vers un service d&rsquo;accueil d&rsquo;urgence. Selon les secours, ils \u00e9taient en \u00ab\u00a0urgence relative\u00a0\u00bb.<\/p>\n<p>Il s&rsquo;agissait d&rsquo;enfants \u00e2g\u00e9s de 12 ans environ. Ils sont rest\u00e9s bloqu\u00e9s avec leurs 7 accompagnants et le chauffeur de bus au p\u00e9age de Toulouse Nord, vers 17 heures.<\/p>\n<p>Les 60 autres enfants ont \u00e9t\u00e9 transport\u00e9s vers une salle climatis\u00e9e en attendant un bus de d\u00e9pannage.<\/p>\n","protected":false},"excerpt":{"rendered":"Les pompiers mobilis\u00e9s au p\u00e9age de Toulouse Nord ce mardi 12 Aout 2025 Cr\u00e9dit : DR Coup de&hellip;\n","protected":false},"author":2,"featured_media":315783,"comment_status":"","ping_status":"","sticky":false,"template":"","format":"standard","meta":{"footnotes":""},"categories":[2816],"tags":[1111,11,7048,45469,31363,1719,1777,674,1011,27,12,2680,1311,25,2312],"class_list":{"0":"post-315782","1":"post","2":"type-post","3":"status-publish","4":"format-standard","5":"has-post-thumbnail","7":"category-toulouse","8":"tag-actu","9":"tag-actualites","10":"tag-bus","11":"tag-castelnaudary","12":"tag-climatisation","13":"tag-enfants","14":"tag-eu","15":"tag-europe","16":"tag-fr","17":"tag-france","18":"tag-news","19":"tag-occitanie","20":"tag-pompiers","21":"tag-republique-francaise","22":"tag-toulouse"},"share_on_mastodon":{"url":"https:\/\/pubeurope.com\/@fr\/115020387127695599","error":""},"_links":{"self":[{"href":"https:\/\/www.europesays.com\/fr\/wp-json\/wp\/v2\/posts\/315782","targetHints":{"allow":["GET"]}}],"collection":[{"href":"https:\/\/www.europesays.com\/fr\/wp-json\/wp\/v2\/posts"}],"about":[{"href":"https:\/\/www.europesays.com\/fr\/wp-json\/wp\/v2\/types\/post"}],"author":[{"embeddable":true,"href":"https:\/\/www.europesays.com\/fr\/wp-json\/wp\/v2\/users\/2"}],"replies":[{"embeddable":true,"href":"https:\/\/www.europesays.com\/fr\/wp-json\/wp\/v2\/comments?post=315782"}],"version-history":[{"count":0,"href":"https:\/\/www.europesays.com\/fr\/wp-json\/wp\/v2\/posts\/315782\/revisions"}],"wp:featuredmedia":[{"embeddable":true,"href":"https:\/\/www.europesays.com\/fr\/wp-json\/wp\/v2\/media\/315783"}],"wp:attachment":[{"href":"https:\/\/www.europesays.com\/fr\/wp-json\/wp\/v2\/media?parent=315782"}],"wp:term":[{"taxonomy":"category","embeddable":true,"href":"https:\/\/www.europesays.com\/fr\/wp-json\/wp\/v2\/categories?post=315782"},{"taxonomy":"post_tag","embeddable":true,"href":"https:\/\/www.europesays.com\/fr\/wp-json\/wp\/v2\/tags?post=315782"}],"curies":[{"name":"wp","href":"https:\/\/api.w.org\/{rel}","templated":true}]}}