{"id":315784,"date":"2025-08-13T07:56:12","date_gmt":"2025-08-13T07:56:12","guid":{"rendered":"https:\/\/www.europesays.com\/fr\/315784\/"},"modified":"2025-08-13T07:56:12","modified_gmt":"2025-08-13T07:56:12","slug":"roubaix-un-pere-et-son-fils-frappes-de-plusieurs-coups-de-poing-par-deux-hommes-ivres","status":"publish","type":"post","link":"https:\/\/www.europesays.com\/fr\/315784\/","title":{"rendered":"Roubaix. Un p\u00e8re et son fils frapp\u00e9s de plusieurs coups de poing par deux hommes ivres"},"content":{"rendered":"<p>            Par<br \/>\n        <strong><br \/>\n            <a href=\"https:\/\/actu.fr\/auteur\/hervine-mahaud\" title=\"Consulter tous les articles de Hervine Mahaud\" rel=\"nofollow noopener\" target=\"_blank\">Hervine Mahaud<\/a><br \/>\n        <\/strong><\/p>\n<p>        Publi\u00e9 le<\/p>\n<p>            13 ao\u00fbt 2025 \u00e0 8h30        <\/p>\n<p>Lundi 11\u00a0ao\u00fbt 2025, vers 20\u2009h\u200940, <b>deux hommes ont \u00e9t\u00e9 interpell\u00e9s<\/b> rue Lacroix \u00e0 <a href=\"https:\/\/actu.fr\/hauts-de-france\/roubaix_59512\" rel=\"nofollow noopener\" target=\"_blank\">Roubaix<\/a>, dans la <a href=\"https:\/\/actu.fr\/lille\/\" rel=\"nofollow noopener\" target=\"_blank\">m\u00e9tropole de Lille<\/a> (Nord), pour <b>violences volontaires<\/b>. Les suspects, \u00e2g\u00e9s de 46\u00a0ans pour l\u2019un et de 30\u00a0ans pour l\u2019autre, pr\u00e9sentaient tous deux un <b>\u00e9tat d\u2019ivresse manifeste<\/b>. Ils s\u2019en seraient pris \u00e0 deux autres hommes, un p\u00e8re et son fils, dans l\u2019ascenseur d\u2019un immeuble.<\/p>\n<p>Les deux individus donnent plusieurs coups de poing aux victimes<\/p>\n<p class=\" wall-content\">Alert\u00e9s par un appel au 17, les policiers se sont rendus sur place et ont trouv\u00e9 les deux individus en pleine discussion confuse, tenant des propos incoh\u00e9rents.<\/p>\n<p class=\" wall-content\">La requ\u00e9rante, \u00e0 l\u2019origine de l\u2019appel, leur raconte alors ce qui s\u2019\u00e9tait pass\u00e9\u2009: un peu plus t\u00f4t dans la soir\u00e9e, son fils et son conjoint se trouvaient dans l\u2019ascenseur de l\u2019immeuble lorsque les deux hommes, visiblement \u00e9m\u00e9ch\u00e9s, leur auraient ass\u00e9n\u00e9 <b>plusieurs coups de poing<\/b>.<\/p>\n<p class=\" wall-content\">Les victimes, entendues par les forces de l\u2019ordre, ont confirm\u00e9 les faits. Les deux suspects ont \u00e9t\u00e9 interpell\u00e9s sur place et plac\u00e9s en garde \u00e0 vue.<\/p>\n<p class=\" wall-content\">L\u2019enqu\u00eate devra d\u00e9sormais \u00e9tablir les circonstances exactes de cette agression et d\u00e9terminer si les deux hommes interpell\u00e9s connaissaient ou non leurs victimes avant les faits.<\/p>\n<p class=\" wall-content\">Suivez toute l\u2019actualit\u00e9 de vos villes et m\u00e9dias favoris en vous inscrivant \u00e0 <a href=\"https:\/\/moncompte.actu.fr\" title=\"D\u00e9couvez Mon Actu\" rel=\"nofollow noopener\" data-trk=\"{&quot;cta&quot;:{&quot;action&quot;:&quot;https:\\\/\\\/moncompte.actu.fr&quot;,&quot;category&quot;:&quot;mon compte&quot;,&quot;from&quot;:&quot;article footer&quot;,&quot;name&quot;:&quot;Mon actu&quot;,&quot;type&quot;:&quot;cta&quot;}}\" target=\"_blank\">Mon Actu<\/a>.<\/p>\n","protected":false},"excerpt":{"rendered":"Par Hervine Mahaud Publi\u00e9 le 13 ao\u00fbt 2025 \u00e0 8h30 Lundi 11\u00a0ao\u00fbt 2025, vers 20\u2009h\u200940, deux hommes ont&hellip;\n","protected":false},"author":2,"featured_media":315785,"comment_status":"","ping_status":"","sticky":false,"template":"","format":"standard","meta":{"footnotes":""},"categories":[2815],"tags":[1111,11,1777,674,118,1011,27,811,1307,12,1072,25],"class_list":{"0":"post-315784","1":"post","2":"type-post","3":"status-publish","4":"format-standard","5":"has-post-thumbnail","7":"category-lille","8":"tag-actu","9":"tag-actualites","10":"tag-eu","11":"tag-europe","12":"tag-faits-divers","13":"tag-fr","14":"tag-france","15":"tag-hauts-de-france","16":"tag-lille","17":"tag-news","18":"tag-police","19":"tag-republique-francaise"},"share_on_mastodon":{"url":"https:\/\/pubeurope.com\/@fr\/115020391002872096","error":""},"_links":{"self":[{"href":"https:\/\/www.europesays.com\/fr\/wp-json\/wp\/v2\/posts\/315784","targetHints":{"allow":["GET"]}}],"collection":[{"href":"https:\/\/www.europesays.com\/fr\/wp-json\/wp\/v2\/posts"}],"about":[{"href":"https:\/\/www.europesays.com\/fr\/wp-json\/wp\/v2\/types\/post"}],"author":[{"embeddable":true,"href":"https:\/\/www.europesays.com\/fr\/wp-json\/wp\/v2\/users\/2"}],"replies":[{"embeddable":true,"href":"https:\/\/www.europesays.com\/fr\/wp-json\/wp\/v2\/comments?post=315784"}],"version-history":[{"count":0,"href":"https:\/\/www.europesays.com\/fr\/wp-json\/wp\/v2\/posts\/315784\/revisions"}],"wp:featuredmedia":[{"embeddable":true,"href":"https:\/\/www.europesays.com\/fr\/wp-json\/wp\/v2\/media\/315785"}],"wp:attachment":[{"href":"https:\/\/www.europesays.com\/fr\/wp-json\/wp\/v2\/media?parent=315784"}],"wp:term":[{"taxonomy":"category","embeddable":true,"href":"https:\/\/www.europesays.com\/fr\/wp-json\/wp\/v2\/categories?post=315784"},{"taxonomy":"post_tag","embeddable":true,"href":"https:\/\/www.europesays.com\/fr\/wp-json\/wp\/v2\/tags?post=315784"}],"curies":[{"name":"wp","href":"https:\/\/api.w.org\/{rel}","templated":true}]}}