{"id":315786,"date":"2025-08-13T07:57:16","date_gmt":"2025-08-13T07:57:16","guid":{"rendered":"https:\/\/www.europesays.com\/fr\/315786\/"},"modified":"2025-08-13T07:57:16","modified_gmt":"2025-08-13T07:57:16","slug":"nice-rejoint-lol-et-lille","status":"publish","type":"post","link":"https:\/\/www.europesays.com\/fr\/315786\/","title":{"rendered":"Nice rejoint l&rsquo;OL et Lille"},"content":{"rendered":"<p>                            <img width=\"770\" height=\"433\" src=\"https:\/\/www.europesays.com\/fr\/wp-content\/uploads\/2025\/08\/AFP__20241201__36NY2FZ__v1__HighRes__FblFraLigue1LyonNice-e1733411813645-770x433.jpg\" class=\"attachment-article size-article wp-post-image\" alt=\"Corentin Tolisso lors d'OL - Nice\" decoding=\"async\" fetchpriority=\"high\"  \/><\/p>\n<p>Corentin Tolisso lors d\u2019OL \u2013 Nice (Photo by Alex MARTIN \/ AFP)<\/p>\n<p>Pas au niveau de la Ligue des champions, Nice sera le troisi\u00e8me club fran\u00e7ais \u00e0 jouer la Ligue Europa avec l&rsquo;OL et Lille. Trois autres \u00e9quipes rejoignent les Lyonnais.<\/p>\n<p>Comme presque chaque ann\u00e9e, les \u00e9quipes fran\u00e7aises n&rsquo;arrivent pas \u00e0 passer les tours pr\u00e9liminaires en Ligue des champions. Si en 2024-2025, Lille y \u00e9tait parvenu, ce n&rsquo;est pas le cas de l&rsquo;OGC Nice cette saison. Quatri\u00e8me de Ligue 1 lors de l&rsquo;exercice pr\u00e9c\u00e9dent, la formation azur\u00e9enne disputait ces derniers jours le 3e tour qualificatif de la comp\u00e9tition. <\/p>\n<p>L&rsquo;OL et Lille mieux arm\u00e9s que Nice pour l&rsquo;Europe ?<\/p>\n<p>Oppos\u00e9s \u00e0 Benfica, les Aiglons, certes tr\u00e8s diminu\u00e9s, n&rsquo;ont pas \u00e9t\u00e9 capables de rivaliser. Deux d\u00e9faites sur le m\u00eame score, 2-0, et d\u00e9j\u00e0 la fin de l&rsquo;aventure en C1. Ils pourront se consoler en se disant qu&rsquo;ils participeront \u00e0 la Ligue Europa, puisqu&rsquo;ils glanent tout de m\u00eame un billet pour la phase de classement. <\/p>\n<p>Les Ni\u00e7ois rejoignent ainsi l&rsquo;Olympique lyonnais et le LOSC, eux aussi qualifi\u00e9s pour l&rsquo;\u00e9preuve qui d\u00e9butera le 24 septembre. Nous aurons donc trois \u00e9curies fran\u00e7aises en C3. Ce qui, au vu du parcours des hommes de Franck <strong>Haise <\/strong>l&rsquo;an dernier (35es sur 36), n&rsquo;est pas gage de r\u00e9ussite.<\/p>\n<p>17 \u00e9quipes d\u00e9j\u00e0 qualifi\u00e9es<\/p>\n<p>En plus de Nice, trois autres clubs sont revers\u00e9s de la Ligue des champions apr\u00e8s le 3e tour pr\u00e9liminaires : Feyenoord, RB Salzbourg et Viktoria Plzen. Ce qui porte d\u00e9sormais \u00e0 17* le nombre de concurrents ayant leur place pour la prochaine Ligue Europa. Le tirage au sort aura lieu <a href=\"https:\/\/www.olympique-et-lyonnais.com\/ligue-europa-lol-connaitra-ses-adversaires-le-29-aout,374271.html\" target=\"_blank\" rel=\"noopener\">le 29 ao\u00fbt<\/a>, le lendemain des barrages.<\/p>\n<p>*Nous retrouvons aussi Aston Villa, Nottingham Forest, l&rsquo;AS Roma, Bologne, le Real Betis, le Celta Vigo, Stuttgart, Fribourg, Go Ahead Eagles, Porto et le Dynamo Zagreb.<\/p>\n","protected":false},"excerpt":{"rendered":"Corentin Tolisso lors d\u2019OL \u2013 Nice (Photo by Alex MARTIN \/ AFP) Pas au niveau de la Ligue&hellip;\n","protected":false},"author":2,"featured_media":315787,"comment_status":"","ping_status":"","sticky":false,"template":"","format":"standard","meta":{"footnotes":""},"categories":[2815],"tags":[1111,11,1777,674,1011,27,811,5843,1307,12,2401,25],"class_list":{"0":"post-315786","1":"post","2":"type-post","3":"status-publish","4":"format-standard","5":"has-post-thumbnail","7":"category-lille","8":"tag-actu","9":"tag-actualites","10":"tag-eu","11":"tag-europe","12":"tag-fr","13":"tag-france","14":"tag-hauts-de-france","15":"tag-ligue-europa","16":"tag-lille","17":"tag-news","18":"tag-nice","19":"tag-republique-francaise"},"share_on_mastodon":{"url":"https:\/\/pubeurope.com\/@fr\/115020394921755900","error":""},"_links":{"self":[{"href":"https:\/\/www.europesays.com\/fr\/wp-json\/wp\/v2\/posts\/315786","targetHints":{"allow":["GET"]}}],"collection":[{"href":"https:\/\/www.europesays.com\/fr\/wp-json\/wp\/v2\/posts"}],"about":[{"href":"https:\/\/www.europesays.com\/fr\/wp-json\/wp\/v2\/types\/post"}],"author":[{"embeddable":true,"href":"https:\/\/www.europesays.com\/fr\/wp-json\/wp\/v2\/users\/2"}],"replies":[{"embeddable":true,"href":"https:\/\/www.europesays.com\/fr\/wp-json\/wp\/v2\/comments?post=315786"}],"version-history":[{"count":0,"href":"https:\/\/www.europesays.com\/fr\/wp-json\/wp\/v2\/posts\/315786\/revisions"}],"wp:featuredmedia":[{"embeddable":true,"href":"https:\/\/www.europesays.com\/fr\/wp-json\/wp\/v2\/media\/315787"}],"wp:attachment":[{"href":"https:\/\/www.europesays.com\/fr\/wp-json\/wp\/v2\/media?parent=315786"}],"wp:term":[{"taxonomy":"category","embeddable":true,"href":"https:\/\/www.europesays.com\/fr\/wp-json\/wp\/v2\/categories?post=315786"},{"taxonomy":"post_tag","embeddable":true,"href":"https:\/\/www.europesays.com\/fr\/wp-json\/wp\/v2\/tags?post=315786"}],"curies":[{"name":"wp","href":"https:\/\/api.w.org\/{rel}","templated":true}]}}