{"id":315790,"date":"2025-08-13T07:59:10","date_gmt":"2025-08-13T07:59:10","guid":{"rendered":"https:\/\/www.europesays.com\/fr\/315790\/"},"modified":"2025-08-13T07:59:10","modified_gmt":"2025-08-13T07:59:10","slug":"il-a-tres-bien-joue-avec-macron-a-marseille-lenigme-benoit-payan","status":"publish","type":"post","link":"https:\/\/www.europesays.com\/fr\/315790\/","title":{"rendered":"\u00ab\u00a0Il a tr\u00e8s bien jou\u00e9 avec Macron\u00a0\u00bb\u00a0: \u00e0 Marseille, l&rsquo;\u00e9nigme\u00a0Beno\u00eet Payan"},"content":{"rendered":"<p>Au-dessus de sa t\u00eate, une petite toile de la S\u00e9r\u00e9nissime log\u00e9e dans un cadre dor\u00e9. Devant lui, une impressionnante rang\u00e9e d&rsquo;encres japonaises destin\u00e9es \u00e0 la correspondance officielle comme aux courriers intimes. \u00c7\u00e0\u00a0et l\u00e0, une \u00e9clectique collection de bibelots, un coquillage, un presse-papiers surmont\u00e9 d&rsquo;un petit lion. Hormis une climatisation pouss\u00e9e \u00e0 l&rsquo;exc\u00e8s et la c\u00e9l\u00e8bre lampe Snoopy, pris\u00e9e des amateurs de design, le bureau de <a class=\"Link\" href=\"https:\/\/www.lepoint.fr\/politique\/le-socialiste-benoit-payan-elu-maire-de-marseille-20-12-2020-2406664_20.php\" title=\"\" data-gtm=\"click:capsule\" data-capsule=\"Lien\" rel=\"nofollow noopener\" target=\"_blank\">Beno\u00eet Payan<\/a>, vue plongeante sur le Vieux-Port, ressemble davantage \u00e0 celui d&rsquo;un riche armateur sorti d&rsquo;un roman de Dumas. Signe d&rsquo;une d\u00e9licieuse sophistication ou d\u00e9corum pompeux destin\u00e9 \u00e0 enivrer le visiteur\u00a0?<\/p>\n<p>Difficile \u00e0 \u00e9valuer tant Payan, discret sur la sc\u00e8ne nationale, laisse libre cours aux sp\u00e9culations. \u00ab\u00a0Je ne cherche pas \u00e0 \u00eatre connu, confesse-t-il au&#8230;<\/p>\n<p>Toute l\u2019actualit\u00e9 \u00e0 1\u20ac le premier mois<\/p>\n<p><a href=\"https:\/\/abo.lepoint.fr\/?provenance=21EDI020098\" class=\"btn\" title=\"S&#039;abonner\" data-gtm=\"click:abo|display:abo\" data-campaign=\"paywall_maison\" rel=\"nofollow noopener\" target=\"_blank\">S&rsquo;abonner<\/a><\/p>\n<p>ou<\/p>\n<p>La newsletter politique<\/p>\n<p class=\"period\">Tous les lundis \u00e0 11h30<\/p>\n<p>Recevez en avant-premi\u00e8re les informations et analyses politiques de la r\u00e9daction du Point.<\/p>\n<p>Merci !<br \/>Votre inscription a bien \u00e9t\u00e9 prise en compte avec l&rsquo;adresse email :<\/p>\n<p>Pour d\u00e9couvrir toutes nos autres newsletters, rendez-vous ici : <a href=\"https:\/\/moncompte.lepoint.fr\/\" title=\"\" rel=\"nofollow noopener\" target=\"_blank\">MonCompte<\/a><\/p>\n<p>En vous inscrivant, vous acceptez les <a href=\"https:\/\/www.lepoint.fr\/html\/cgu\/\" title=\"Conditions g\u00e9n\u00e9rales d&#039;utilisation\" rel=\"nofollow noopener\" target=\"_blank\">conditions g\u00e9n\u00e9rales d\u2019utilisations<\/a> et notre <a href=\"https:\/\/www.lepoint.fr\/html\/politique-de-protection-donnees-personnelles\/\" title=\"Politique de confidentialit\u00e9\" rel=\"nofollow noopener\" target=\"_blank\">politique de confidentialit\u00e9<\/a>.<\/p>\n","protected":false},"excerpt":{"rendered":"Au-dessus de sa t\u00eate, une petite toile de la S\u00e9r\u00e9nissime log\u00e9e dans un cadre dor\u00e9. Devant lui, une&hellip;\n","protected":false},"author":2,"featured_media":315791,"comment_status":"","ping_status":"","sticky":false,"template":"","format":"standard","meta":{"footnotes":""},"categories":[2814],"tags":[1111,11,1777,674,1011,27,884,12,882,25],"class_list":{"0":"post-315790","1":"post","2":"type-post","3":"status-publish","4":"format-standard","5":"has-post-thumbnail","7":"category-marseille","8":"tag-actu","9":"tag-actualites","10":"tag-eu","11":"tag-europe","12":"tag-fr","13":"tag-france","14":"tag-marseille","15":"tag-news","16":"tag-provence-alpes-cote-dazur","17":"tag-republique-francaise"},"share_on_mastodon":{"url":"https:\/\/pubeurope.com\/@fr\/115020402976179065","error":""},"_links":{"self":[{"href":"https:\/\/www.europesays.com\/fr\/wp-json\/wp\/v2\/posts\/315790","targetHints":{"allow":["GET"]}}],"collection":[{"href":"https:\/\/www.europesays.com\/fr\/wp-json\/wp\/v2\/posts"}],"about":[{"href":"https:\/\/www.europesays.com\/fr\/wp-json\/wp\/v2\/types\/post"}],"author":[{"embeddable":true,"href":"https:\/\/www.europesays.com\/fr\/wp-json\/wp\/v2\/users\/2"}],"replies":[{"embeddable":true,"href":"https:\/\/www.europesays.com\/fr\/wp-json\/wp\/v2\/comments?post=315790"}],"version-history":[{"count":0,"href":"https:\/\/www.europesays.com\/fr\/wp-json\/wp\/v2\/posts\/315790\/revisions"}],"wp:featuredmedia":[{"embeddable":true,"href":"https:\/\/www.europesays.com\/fr\/wp-json\/wp\/v2\/media\/315791"}],"wp:attachment":[{"href":"https:\/\/www.europesays.com\/fr\/wp-json\/wp\/v2\/media?parent=315790"}],"wp:term":[{"taxonomy":"category","embeddable":true,"href":"https:\/\/www.europesays.com\/fr\/wp-json\/wp\/v2\/categories?post=315790"},{"taxonomy":"post_tag","embeddable":true,"href":"https:\/\/www.europesays.com\/fr\/wp-json\/wp\/v2\/tags?post=315790"}],"curies":[{"name":"wp","href":"https:\/\/api.w.org\/{rel}","templated":true}]}}