{"id":315794,"date":"2025-08-13T08:01:13","date_gmt":"2025-08-13T08:01:13","guid":{"rendered":"https:\/\/www.europesays.com\/fr\/315794\/"},"modified":"2025-08-13T08:01:13","modified_gmt":"2025-08-13T08:01:13","slug":"toute-lactualite-de-ce-mercredi-13-aout-2025-a-lyon","status":"publish","type":"post","link":"https:\/\/www.europesays.com\/fr\/315794\/","title":{"rendered":"Toute l&rsquo;actualit\u00e9 de ce mercredi 13 aout 2025 \u00e0 Lyon"},"content":{"rendered":"<p>A la une de l\u2019info \u00e0 Lyon : les Jardins de Pr\u00e9 Gaudry \u00e0 Gerland, la cohabitation interg\u00e9n\u00e9rationnelle comme solution de logement pour les \u00e9tudiants\u2026<\/p>\n<p>ECOUTEZ LE 1\/4H LYONNAIS\u2026 Toute l\u2019actualit\u00e9 de ce mercredi 13 aout 2025<\/p>\n<p>LE \/4H LYONNAIS | mercredi 13 aout 2025<\/p>\n<p>Durant cet \u00e9t\u00e9, on vous propose un <strong>1\/4H LYONNAIS<\/strong> dans une forme un peu exceptionnelle. Avec des reportages \u00e0 travers la ville pour vous faire d\u00e9couvrir, des lieux, des personnalit\u00e9s, des activit\u00e9s\u2026<\/p>\n<p>Il fait chaud dans la capitale des Gaules ! Le d\u00e9partement du Rh\u00f4ne et la M\u00e9tropole de Lyon sont pass\u00e9s en <strong>vigilance rouge canicule<\/strong>. Et pour lutter, la Ville de Lyon prend des mesures. Certains <strong>mus\u00e9es<\/strong> sont <strong>gratuits<\/strong>, les parcs restent ouverts plus longtemps.\u00a0Certains toute la nuit, comme le <strong>parc Blandan<\/strong> Mais la m\u00e9tropole de Lyon rappelle \u00e9galement que de nombreux \u00eelots de fra\u00eecheur existent\u2026Des <strong>espaces v\u00e9g\u00e9talis\u00e9s<\/strong> comme dans le 7\u00e8me arrondissement de Lyon o\u00f9 les <strong>Jardins de Pr\u00e9 Gaudry<\/strong> offrent <strong>bancs, tables, fontaines, ombre<\/strong>\u2026 Un reportage de <strong>Th\u00e9ophile Eliot<\/strong><\/p>\n<p>Notre invit\u00e9 : <strong>Pierre Athanaze<\/strong>, vice-pr\u00e9sident de la <strong>M\u00e9tropole de Lyon<\/strong>, \u00e0 l\u2019<strong>Environnement<\/strong><\/p>\n<p>Ecoutez aussi : <a href=\"https:\/\/www.lyondemain.fr\/hirondelle-centre-soins-animaux-canicule\/\" target=\"_blank\" rel=\"noreferrer noopener nofollow\">L\u2019Hirondelle : la canicule fragilise aussi les animaux sauvages<\/a><\/p>\n<blockquote class=\"instagram-media\" data-instgrm-captioned=\"\" data-instgrm-permalink=\"https:\/\/www.instagram.com\/p\/DNSKXI0Imyb\/?utm_source=ig_embed&amp;utm_campaign=loading\" data-instgrm-version=\"14\" style=\" background:#FFF; border:0; border-radius:3px; box-shadow:0 0 1px 0 rgba(0,0,0,0.5),0 1px 10px 0 rgba(0,0,0,0.15); margin: 1px; max-width:540px; min-width:326px; padding:0; width:99.375%; width:-webkit-calc(100% - 2px); width:calc(100% - 2px);\"\/>\n<p>Egalement dans l\u2019actualit\u00e9 de ce mercredi 13 aout<\/p>\n<p>2\u00e8me grand reportage dans ce 1\/4H LYONNAIS sp\u00e9cial \u00e9t\u00e9 :\u00a0<strong>le Pari Solidaire<\/strong><\/p>\n<p>Les<strong> \u00e9tudiants<\/strong> ont d\u00e9j\u00e0 en ligne de mire la <strong>rentr\u00e9e universitaire<\/strong>. Avec en toile de fonds : le casse-t\u00eate de <strong>trouver un logement<\/strong>. La <strong>cohabitation interg\u00e9n\u00e9rationnelle<\/strong>, qui met en relation des <strong>\u00e9tudiants<\/strong> et des<strong> seniors<\/strong>, est une <strong>solution d\u2019h\u00e9bergement innovante<\/strong> qui gagne en popularit\u00e9.\u00a0<\/p>\n<blockquote class=\"instagram-media\" data-instgrm-captioned=\"\" data-instgrm-permalink=\"https:\/\/www.instagram.com\/p\/C0wdrzNh6uH\/?utm_source=ig_embed&amp;utm_campaign=loading\" data-instgrm-version=\"14\" style=\" background:#FFF; border:0; border-radius:3px; box-shadow:0 0 1px 0 rgba(0,0,0,0.5),0 1px 10px 0 rgba(0,0,0,0.15); margin: 1px; max-width:540px; min-width:326px; padding:0; width:99.375%; width:-webkit-calc(100% - 2px); width:calc(100% - 2px);\"\/>\n<p>Le concept est simple : un <strong>senior<\/strong> offre une chambre \u00e0 un <strong>\u00e9tudiant<\/strong> en \u00e9change d\u2019une pr\u00e9sence rassurante, de petits services ou d\u2019un <strong>loyer mod\u00e9r\u00e9<\/strong>.\u00a0Cette initiative, souvent encadr\u00e9e par des associations comme <strong>le Pari Solidaire<\/strong>, r\u00e9pond \u00e0 un <strong>double enjeu social<\/strong>. La <strong>lutte contre la solitude des personnes \u00e2g\u00e9es<\/strong> et la <strong>difficult\u00e9 pour les jeunes de trouver un logement abordable<\/strong>.<\/p>\n<p>Notre invit\u00e9e : <strong>Brigitte Louison<\/strong>, directrice du <strong>Pari Solidaire Lyon<\/strong><\/p>\n<p>Pour se renseigner, rendez-vous sur <a href=\"https:\/\/open.acast.com\/networks\/60076454795a1c638da16bc1\/shows\/659b4b9eb55ace0017820bac\/episodes\/www.leparisolidaire.org\" rel=\"noreferrer noopener nofollow\" target=\"_blank\">ici<\/a><\/p>\n<p>Ecoutez aussi : <a href=\"https:\/\/www.lyondemain.fr\/actualite-de-ce-mardi-12-aout-lyon-info-hirondelle-programme-marguerite\/\" target=\"_blank\" rel=\"noreferrer noopener nofollow\">Toute l\u2019actualit\u00e9 de ce mardi 12 aout 2025 \u00e0 Lyon<\/a><\/p>\n<p><img fetchpriority=\"high\" decoding=\"async\" width=\"1200\" height=\"675\" src=\"https:\/\/www.europesays.com\/fr\/wp-content\/uploads\/2025\/08\/actualite-de-ce-mercredi-13-aout-2025.jpg\" alt=\"actualit\u00e9 de ce mercredi 13 aout 2025 info \u00e0 Lyon\" class=\"wp-image-251016\"  \/>Retrouvez aussi le Quart d\u2019Heure Lyonnais de Lyon Demain sur les antennes de Radio Pluriel (Lyon). Radio Salam (Lyon, Saint-Etienne et Bourg) et Radio Arm\u00e9nie (Lyon et Vienne)<br \/>\nJ\u2019aime \u00e7a\u00a0:<\/p>\n<p>J\u2019aime chargement\u2026<\/p>\n<p><a class=\"sd-link-color\"\/><\/p>\n<p>\n\tArticles similaires\n<\/p>\n<p>\t\t\t\t<img decoding=\"async\" src=\"https:\/\/www.europesays.com\/fr\/wp-content\/uploads\/2025\/08\/1755072073_41_7866158698e17e8ed633c05e8f8e7fe5d9e057ad78661c4dc34e413abb6b9f19\" alt=\"G\u00e9rald Bouchon\"\/><\/p>\n<p>Pionnier des radios libres, passionn\u00e9 de radio, journaliste et dirigeant de m\u00e9dias \u00e9co-responsables..<\/p>\n<p>\t\t\t<script async src=\"\/\/www.instagram.com\/embed.js\"><\/script><\/p>\n","protected":false},"excerpt":{"rendered":"A la une de l\u2019info \u00e0 Lyon : les Jardins de Pr\u00e9 Gaudry \u00e0 Gerland, la cohabitation interg\u00e9n\u00e9rationnelle&hellip;\n","protected":false},"author":2,"featured_media":315795,"comment_status":"","ping_status":"","sticky":false,"template":"","format":"standard","meta":{"footnotes":""},"categories":[1889],"tags":[1111,11,3570,2430,6698,45470,45471,13050,45472,6379,1777,674,1011,27,33054,45473,39586,2428,10510,12,38413,25,3552,10792],"class_list":{"0":"post-315794","1":"post","2":"type-post","3":"status-publish","4":"format-standard","5":"has-post-thumbnail","7":"category-lyon","8":"tag-actu","9":"tag-actualites","10":"tag-arbres","11":"tag-auvergne-rhone-alpes","12":"tag-canicule","13":"tag-cohabitation","14":"tag-cohabitation-solidaire","15":"tag-colocation","16":"tag-colocation-solidaire","17":"tag-etudiants","18":"tag-eu","19":"tag-europe","20":"tag-fr","21":"tag-france","22":"tag-ilots-de-fraicheur","23":"tag-jardins-de-pre-gaudry","24":"tag-logement-etudiant","25":"tag-lyon","26":"tag-metropole-de-lyon","27":"tag-news","28":"tag-pierre-athanaze","29":"tag-republique-francaise","30":"tag-seniors","31":"tag-vegetalisation"},"share_on_mastodon":{"url":"https:\/\/pubeurope.com\/@fr\/115020410616235518","error":""},"_links":{"self":[{"href":"https:\/\/www.europesays.com\/fr\/wp-json\/wp\/v2\/posts\/315794","targetHints":{"allow":["GET"]}}],"collection":[{"href":"https:\/\/www.europesays.com\/fr\/wp-json\/wp\/v2\/posts"}],"about":[{"href":"https:\/\/www.europesays.com\/fr\/wp-json\/wp\/v2\/types\/post"}],"author":[{"embeddable":true,"href":"https:\/\/www.europesays.com\/fr\/wp-json\/wp\/v2\/users\/2"}],"replies":[{"embeddable":true,"href":"https:\/\/www.europesays.com\/fr\/wp-json\/wp\/v2\/comments?post=315794"}],"version-history":[{"count":0,"href":"https:\/\/www.europesays.com\/fr\/wp-json\/wp\/v2\/posts\/315794\/revisions"}],"wp:featuredmedia":[{"embeddable":true,"href":"https:\/\/www.europesays.com\/fr\/wp-json\/wp\/v2\/media\/315795"}],"wp:attachment":[{"href":"https:\/\/www.europesays.com\/fr\/wp-json\/wp\/v2\/media?parent=315794"}],"wp:term":[{"taxonomy":"category","embeddable":true,"href":"https:\/\/www.europesays.com\/fr\/wp-json\/wp\/v2\/categories?post=315794"},{"taxonomy":"post_tag","embeddable":true,"href":"https:\/\/www.europesays.com\/fr\/wp-json\/wp\/v2\/tags?post=315794"}],"curies":[{"name":"wp","href":"https:\/\/api.w.org\/{rel}","templated":true}]}}