{"id":315796,"date":"2025-08-13T08:03:14","date_gmt":"2025-08-13T08:03:14","guid":{"rendered":"https:\/\/www.europesays.com\/fr\/315796\/"},"modified":"2025-08-13T08:03:14","modified_gmt":"2025-08-13T08:03:14","slug":"le-trafic-tres-perturbe-sur-le-rer-b-en-raison-dun-mouvement-social-inopine","status":"publish","type":"post","link":"https:\/\/www.europesays.com\/fr\/315796\/","title":{"rendered":"le trafic \u00abtr\u00e8s perturb\u00e9\u00bb sur le RER B en raison d\u2019un mouvement social \u00abinopin\u00e9\u00bb"},"content":{"rendered":"<p>Des retards, des suppressions de trains et des modifications de dessertes sont \u00e0 pr\u00e9voir, indique le RER B sur les r\u00e9seaux sociaux.<\/p>\n<p class=\"fig-paragraph\">Matin\u00e9e difficile pour les usagers franciliens du\u00a0<a href=\"http:\/\/www.lefigaro.fr\/histoire\/archives\/25-juillet-1995-l-attentat-du-rer-b-a-saint-michel-ou-le-retour-du-terrorisme-aveugle-20250725\" target=\"_blank\" data-fig-type=\"Article\" rel=\"noopener nofollow\" data-gtm-custom-categorie=\"navigation\" data-gtm-custom-action=\"crossclick\" data-gtm-custom-label=\"Contextuel\" data-gtm-event=\"customEventSPE\" data-fig-domain=\"LEFIGARO\">RER B<\/a>. Ce mercredi matin, le trafic est \u00abfortement perturb\u00e9 sur l\u2019ensemble de la ligne\u00bb, pr\u00e9vient le compte du RER B sur X (ex-Twitter). La faute \u00e0 \u00abun mouvement social local inopin\u00e9\u00bb, de la part de conducteurs \u00e0 la gare de Mitry-Claye (Seine-et-Marne), explique-t-il.<\/p>\n<p class=\"fig-paragraph\">Des retards, des suppressions de trains et des modifications de dessertes sont \u00e0 pr\u00e9voir, indique le RER B, sans plus de pr\u00e9cisions. L\u2019association d\u2019usagers Plus de trains \u00e9voque aussi \u00abune gr\u00e8ve non anticip\u00e9e\/d\u00e9p\u00f4t de sac de certains conducteurs attach\u00e9s \u00e0 Mitry\u00bb, qui \u00abfait que plus d\u2019un RER sur 2 semble supprim\u00e9\u00bb.<\/p>\n<p>                                    <a class=\"fig-a11y-skip a11y-hidden\" href=\"#fig-a11y-skip-main-inarticle\"><br \/>\n        Passer la publicit\u00e9<br \/>\n    <\/a><\/p>\n<p class=\"fig-paragraph\">Plus t\u00f4t dans la matin\u00e9e, d\u00e8s le d\u00e9but du service, le trafic sur la ligne \u00e9tait d\u00e9j\u00e0 perturb\u00e9 \u00aben r\u00e9percussion d\u2019un rallongement de dur\u00e9e de chantier \u00e0 Ch\u00e2telet-Les Halles\u00bb. Des difficult\u00e9s pour les voyageurs qui s\u2019ajoutent \u00e0 celles li\u00e9es aux\u00a0<a href=\"http:\/\/www.lefigaro.fr\/conjoncture\/metro-rer-tram-quelles-seront-les-lignes-concernees-par-les-grands-travaux-de-l-ete-2025-20250430\" target=\"_blank\" data-fig-type=\"NewsFlash\" rel=\"noopener nofollow\" data-gtm-custom-categorie=\"navigation\" data-gtm-custom-action=\"crossclick\" data-gtm-custom-label=\"Contextuel\" data-gtm-event=\"customEventSPE\" data-fig-domain=\"LEFIGARO\">travaux d\u2019\u00e9t\u00e9 sur la ligne<\/a>\u00a0: depuis le 15 juillet et jusqu\u2019au 27 ao\u00fbt, la circulation est interrompue sur la ligne entre La Croix de Berny et Massy-Palaiseau. De vendredi 15 au dimanche 17 ao\u00fbt, le trafic sera \u00e9galement interrompu entre Mitry-Claye et Gare du Nord. Enfin, jeudi 14 ao\u00fbt, puis du 18 au 22 ao\u00fbt inclus, il n\u2019y aura plus de trains \u00e0 partir de 22h45 entre Denfert-Rochereau et A\u00e9roport CDG2\/Mitry-Claye en raison de travaux d\u2019entretien.<\/p>\n","protected":false},"excerpt":{"rendered":"Des retards, des suppressions de trains et des modifications de dessertes sont \u00e0 pr\u00e9voir, indique le RER B&hellip;\n","protected":false},"author":2,"featured_media":315797,"comment_status":"","ping_status":"","sticky":false,"template":"","format":"standard","meta":{"footnotes":""},"categories":[1592],"tags":[1111,11,1777,674,1011,27,662,12,626,25,17235,2216],"class_list":{"0":"post-315796","1":"post","2":"type-post","3":"status-publish","4":"format-standard","5":"has-post-thumbnail","7":"category-ile-de-france","8":"tag-actu","9":"tag-actualites","10":"tag-eu","11":"tag-europe","12":"tag-fr","13":"tag-france","14":"tag-ile-de-france","15":"tag-news","16":"tag-paris","17":"tag-republique-francaise","18":"tag-rer-b","19":"tag-transports-en-commun"},"share_on_mastodon":{"url":"https:\/\/pubeurope.com\/@fr\/115020418456924967","error":""},"_links":{"self":[{"href":"https:\/\/www.europesays.com\/fr\/wp-json\/wp\/v2\/posts\/315796","targetHints":{"allow":["GET"]}}],"collection":[{"href":"https:\/\/www.europesays.com\/fr\/wp-json\/wp\/v2\/posts"}],"about":[{"href":"https:\/\/www.europesays.com\/fr\/wp-json\/wp\/v2\/types\/post"}],"author":[{"embeddable":true,"href":"https:\/\/www.europesays.com\/fr\/wp-json\/wp\/v2\/users\/2"}],"replies":[{"embeddable":true,"href":"https:\/\/www.europesays.com\/fr\/wp-json\/wp\/v2\/comments?post=315796"}],"version-history":[{"count":0,"href":"https:\/\/www.europesays.com\/fr\/wp-json\/wp\/v2\/posts\/315796\/revisions"}],"wp:featuredmedia":[{"embeddable":true,"href":"https:\/\/www.europesays.com\/fr\/wp-json\/wp\/v2\/media\/315797"}],"wp:attachment":[{"href":"https:\/\/www.europesays.com\/fr\/wp-json\/wp\/v2\/media?parent=315796"}],"wp:term":[{"taxonomy":"category","embeddable":true,"href":"https:\/\/www.europesays.com\/fr\/wp-json\/wp\/v2\/categories?post=315796"},{"taxonomy":"post_tag","embeddable":true,"href":"https:\/\/www.europesays.com\/fr\/wp-json\/wp\/v2\/tags?post=315796"}],"curies":[{"name":"wp","href":"https:\/\/api.w.org\/{rel}","templated":true}]}}