{"id":315798,"date":"2025-08-13T08:04:09","date_gmt":"2025-08-13T08:04:09","guid":{"rendered":"https:\/\/www.europesays.com\/fr\/315798\/"},"modified":"2025-08-13T08:04:09","modified_gmt":"2025-08-13T08:04:09","slug":"une-greve-inopinee-des-conducteurs-du-rer-b-perturbe-fortement-le-trafic-des-trains","status":"publish","type":"post","link":"https:\/\/www.europesays.com\/fr\/315798\/","title":{"rendered":"une gr\u00e8ve \u00ab\u00a0inopin\u00e9e\u00a0\u00bb des conducteurs du RER B perturbe fortement le trafic des trains"},"content":{"rendered":"<p>            Par<br \/>\n        <strong><br \/>\n            <a href=\"https:\/\/actu.fr\/auteur\/redaction-paris\" title=\"Consulter tous les articles de R\u00e9daction Paris\" rel=\"nofollow noopener\" target=\"_blank\">R\u00e9daction Paris<\/a><br \/>\n        <\/strong><\/p>\n<p>        Publi\u00e9 le<\/p>\n<p>            13 ao\u00fbt 2025 \u00e0 9h53        <\/p>\n<p>Surprise sur les rails. Les usagers du <a href=\"https:\/\/actu.fr\/tag\/rer-b\" rel=\"nofollow noopener\" target=\"_blank\">RER B<\/a> n\u2019ont pas pu prendre leur train ce mercredi 13 ao\u00fbt 2025 dans la matin\u00e9e. Le trafic est fortement perturb\u00e9 sur l\u2019ensemble de la ligne en raison d\u2019un <strong>\u00ab\u00a0mouvement social inopin\u00e9\u00a0\u00bb<\/strong>, pr\u00e9vient le compte X du RER B. \u00ab\u00a0Des retards, des modifications de dessertes et des suppressions de trains sont \u00e0 pr\u00e9voir\u00a0\u00bb, poursuit-il.<\/p>\n<p class=\" wall-content\">Un mouvement social <strong>des conducteurs de Mitry-Claye<\/strong> est \u00e0 l\u2019origine de l\u2019interruption du trafic. T\u00f4t dans la matin\u00e9e, vers 5h30, un rallongement de la dur\u00e9e de chantier \u00e0 Ch\u00e2telet-Les Halles avait, par ailleurs, d\u00e9j\u00e0 <a href=\"https:\/\/actu.fr\/ile-de-france\/paris_75056\/ratp-et-sncf-les-perturbations-attendues-dans-les-transports-a-paris-et-en-ile-de-france-cette-semaine-22_63019739.html\" rel=\"nofollow noopener\" target=\"_blank\">impact\u00e9 la circulation des trains<\/a>.<\/p>\n<p class=\" wall-content\">Pour l\u2019heure, aucune estimation de reprise du trafic n\u2019est indiqu\u00e9e.<\/p>\n<p>Des travaux toute la semaine<\/p>\n<p class=\" wall-content\">Ce mouvement de gr\u00e8ve intervient \u00e0 la surprise g\u00e9n\u00e9rale sur cette ligne en travaux depuis le d\u00e9but de la semaine.<\/p>\n<p class=\" wall-content\">\n<p class=\" wall-content\">Pour rappel, <strong>trois chantiers s\u2019enchev\u00eatrent<\/strong> sur les rails du RER B cette semaine du lundi 11 ao\u00fbt au dimanche 17 ao\u00fbt 2025.\u00a0<\/p>\n<p class=\" wall-content\">En journ\u00e9e, le trafic est arr\u00eat\u00e9 entre Gare du Nord et Mitry-Claye ainsi qu\u2019entre La Croix de Berny et Massy-Palaiseau, o\u00f9 les travaux s\u2019\u00e9talent en semaine et en week-end. Enfin, la nuit \u00e0 partir de 22h45, les trains ne circulent pas entre Denfert-Rocherau et les deux terminus, Mitry-Claye et A\u00e9roport Charles-de-Gaulle.<\/p>\n<p class=\" wall-content\">\n<p class=\" wall-content\">.<\/p>\n<p class=\" wall-content\">Suivez toute l\u2019actualit\u00e9 de vos villes et m\u00e9dias favoris en vous inscrivant \u00e0 <a href=\"https:\/\/moncompte.actu.fr\" title=\"D\u00e9couvez Mon Actu\" rel=\"nofollow noopener\" data-trk=\"{&quot;cta&quot;:{&quot;action&quot;:&quot;https:\\\/\\\/moncompte.actu.fr&quot;,&quot;category&quot;:&quot;mon compte&quot;,&quot;from&quot;:&quot;article footer&quot;,&quot;name&quot;:&quot;Mon actu&quot;,&quot;type&quot;:&quot;cta&quot;}}\" target=\"_blank\">Mon Actu<\/a>.<\/p>\n","protected":false},"excerpt":{"rendered":"Par R\u00e9daction Paris Publi\u00e9 le 13 ao\u00fbt 2025 \u00e0 9h53 Surprise sur les rails. Les usagers du RER&hellip;\n","protected":false},"author":2,"featured_media":310823,"comment_status":"","ping_status":"","sticky":false,"template":"","format":"standard","meta":{"footnotes":""},"categories":[1888],"tags":[1111,1928,11,1927,1777,674,1011,27,12,1926,626,1925,25,17235,104,2803],"class_list":{"0":"post-315798","1":"post","2":"type-post","3":"status-publish","4":"format-standard","5":"has-post-thumbnail","7":"category-paris","8":"tag-actu","9":"tag-actu-paris","10":"tag-actualites","11":"tag-actualites-paris","12":"tag-eu","13":"tag-europe","14":"tag-fr","15":"tag-france","16":"tag-news","17":"tag-news-paris","18":"tag-paris","19":"tag-paris-news","20":"tag-republique-francaise","21":"tag-rer-b","22":"tag-societe","23":"tag-transport"},"share_on_mastodon":{"url":"https:\/\/pubeurope.com\/@fr\/115020422441309578","error":""},"_links":{"self":[{"href":"https:\/\/www.europesays.com\/fr\/wp-json\/wp\/v2\/posts\/315798","targetHints":{"allow":["GET"]}}],"collection":[{"href":"https:\/\/www.europesays.com\/fr\/wp-json\/wp\/v2\/posts"}],"about":[{"href":"https:\/\/www.europesays.com\/fr\/wp-json\/wp\/v2\/types\/post"}],"author":[{"embeddable":true,"href":"https:\/\/www.europesays.com\/fr\/wp-json\/wp\/v2\/users\/2"}],"replies":[{"embeddable":true,"href":"https:\/\/www.europesays.com\/fr\/wp-json\/wp\/v2\/comments?post=315798"}],"version-history":[{"count":0,"href":"https:\/\/www.europesays.com\/fr\/wp-json\/wp\/v2\/posts\/315798\/revisions"}],"wp:featuredmedia":[{"embeddable":true,"href":"https:\/\/www.europesays.com\/fr\/wp-json\/wp\/v2\/media\/310823"}],"wp:attachment":[{"href":"https:\/\/www.europesays.com\/fr\/wp-json\/wp\/v2\/media?parent=315798"}],"wp:term":[{"taxonomy":"category","embeddable":true,"href":"https:\/\/www.europesays.com\/fr\/wp-json\/wp\/v2\/categories?post=315798"},{"taxonomy":"post_tag","embeddable":true,"href":"https:\/\/www.europesays.com\/fr\/wp-json\/wp\/v2\/tags?post=315798"}],"curies":[{"name":"wp","href":"https:\/\/api.w.org\/{rel}","templated":true}]}}