{"id":315799,"date":"2025-08-13T08:05:21","date_gmt":"2025-08-13T08:05:21","guid":{"rendered":"https:\/\/www.europesays.com\/fr\/315799\/"},"modified":"2025-08-13T08:05:21","modified_gmt":"2025-08-13T08:05:21","slug":"a-quoi-ressemble-son-tres-bel-appartement-dans-un-quartier-cossu-de-paris","status":"publish","type":"post","link":"https:\/\/www.europesays.com\/fr\/315799\/","title":{"rendered":"\u00e0 quoi ressemble son tr\u00e8s bel appartement dans un quartier cossu de Paris ?"},"content":{"rendered":"<p>S\u2019il est mondialement connu pour ses cr\u00e9ations sucr\u00e9es, Pierre Herm\u00e9 cultive aussi un sens aigu du beau et de l\u2019esth\u00e9tisme dans son cadre de vie. Et pour s\u2019installer, le chef p\u00e2tissier a choisi une adresse qui lui ressemble : <strong>le 17\u1d49 arrondissement de Paris<\/strong>, \u00e0 deux pas de son Atelier de Cr\u00e9ation, rue Fortuny. Un choix \u00e9vident pour celui qui, depuis longtemps, arpente les avenues cossues de la Rive Droite. \u201cMon Atelier de Cr\u00e9ation est situ\u00e9 dans le 17\u1d49 arrondissement comme mon logement, c\u2019est un quartier dans lequel je me sens bien\u201d, confie-t-il \u00e0 C\u00f4t\u00e9 Maison. En franchissant le seuil de son appartement haussmannien, impossible de ne pas remarquer la belle union entre<strong> l\u2019architecture classique et un mobilier contemporain.<\/strong> Ici, les pi\u00e8ces sont r\u00e9chauff\u00e9es par des notes bordeaux, violettes ou dor\u00e9es, que le chef affectionne particuli\u00e8rement. \u201cJ\u2019aime les int\u00e9rieurs o\u00f9 il y a de la couleur, en somme o\u00f9 il y a de la vie\u201d, explique-t-il.<\/p>\n<p>Pierre Herm\u00e9 ouvre les portes de son appartement parisien<\/p>\n<p>A-t-il une couleur pr\u00e9f\u00e9r\u00e9e dans toutes ces carnations ? \u201c<strong>Je n&rsquo;ai pas une seule couleur f\u00e9tiche<\/strong> mais il y a un faisceau de nuances que j&rsquo;aime particuli\u00e8rement. Par exemple, on trouve dans mon s\u00e9jour le fauteuil Mushroom de Pierre Paulin en version violet. J&rsquo;ai \u00e9galement fait fabriquer des tapis chez Tai Ping qui sont inject\u00e9s de mordor\u00e9, et mes fauteuils de chez Knoll sont plut\u00f4t bordeaux. Donc j&rsquo;ai mari\u00e9 des couleurs assez diff\u00e9rentes\u201d, (&#8230;)<\/p>\n<p><a href=\"https:\/\/www.closermag.fr\/people\/pierre-herme-a-quoi-ressemble-son-tres-bel-appartement-dans-un-quartier-cossu-de-paris-3570887\" rel=\"nofollow noopener\" target=\"_blank\" data-ylk=\"slk:Lire la suite sur Closer;elm:context_link;itc:0;sec:content-canvas\" class=\"link \">Lire la suite sur Closer<\/a><\/p>\n<p><a href=\"https:\/\/www.closermag.fr\/people\/son-cl-sur-les-coulles-antoine-dulery-lache-des-propos-tres-crus-en-pleine-interview-sourire-gene-de-son-interlocuteur-3570902\" rel=\"nofollow noopener\" target=\"_blank\" data-ylk=\"slk:&quot;Son c*l sur les cou*lles&quot; : Antoine Dul\u00e9ry l\u00e2che des propos tr\u00e8s crus en pleine interview, sourire g\u00ean\u00e9 de son interlocuteur;elm:context_link;itc:0;sec:content-canvas\" class=\"link \">\u00ab\u00a0Son c*l sur les cou*lles\u00a0\u00bb : Antoine Dul\u00e9ry l\u00e2che des propos tr\u00e8s crus en pleine interview, sourire g\u00ean\u00e9 de son interlocuteur<\/a><br \/><a href=\"https:\/\/www.closermag.fr\/people\/je-suis-arrivee-en-jet-vitaa-ironise-sur-sa-fortune-personnelle-et-fait-un-clin-doeil-a-kylian-mbappe-3570926\" rel=\"nofollow noopener\" target=\"_blank\" data-ylk=\"slk:\u201cJe suis arriv\u00e9e en jet\u201d : Vitaa ironise sur sa fortune personnelle et fait un clin d\u2019oeil \u00e0 Kylian Mbapp\u00e9;elm:context_link;itc:0;sec:content-canvas\" class=\"link \">\u201cJe suis arriv\u00e9e en jet\u201d : Vitaa ironise sur sa fortune personnelle et fait un clin d\u2019oeil \u00e0 Kylian Mbapp\u00e9<\/a><br \/><a href=\"https:\/\/www.closermag.fr\/people\/julian-bugier-sa-femme-claire-fournier-aux-anges-trop-heureuse-davoir-pu-realiser-ce-reve-3570915\" rel=\"nofollow noopener\" target=\"_blank\" data-ylk=\"slk:Julian Bugier : sa femme Claire Fournier aux anges, \u201ctrop heureuse d\u2019avoir pu r\u00e9aliser ce r\u00eave\u201d;elm:context_link;itc:0;sec:content-canvas\" class=\"link \">Julian Bugier : sa femme Claire Fournier aux anges, \u201ctrop heureuse d\u2019avoir pu r\u00e9aliser ce r\u00eave\u201d<\/a><br \/><a href=\"https:\/\/www.closermag.fr\/people\/divorce-au-psg-une-page-se-tourne-et-ca-fait-reagir-kylian-mbappe-sans-tarder-3570914\" rel=\"nofollow noopener\" target=\"_blank\" data-ylk=\"slk:Divorce au PSG ! Une page se tourne et \u00e7a fait r\u00e9agir Kylian Mbapp\u00e9 sans tarder;elm:context_link;itc:0;sec:content-canvas\" class=\"link \">Divorce au PSG ! Une page se tourne et \u00e7a fait r\u00e9agir Kylian Mbapp\u00e9 sans tarder<\/a><br \/><a href=\"https:\/\/www.closermag.fr\/beaute\/gel-lacte-liner-pop-decouvrez-le-jury-des-lectrices-du-8-aout-2025-3570603\" rel=\"nofollow noopener\" target=\"_blank\" data-ylk=\"slk:Gel lact\u00e9, liner pop... D\u00e9couvrez le jury des lectrices du 8 ao\u00fbt 2025;elm:context_link;itc:0;sec:content-canvas\" class=\"link \">Gel lact\u00e9, liner pop&#8230; D\u00e9couvrez le jury des lectrices du 8 ao\u00fbt 2025<\/a><\/p>\n","protected":false},"excerpt":{"rendered":"S\u2019il est mondialement connu pour ses cr\u00e9ations sucr\u00e9es, Pierre Herm\u00e9 cultive aussi un sens aigu du beau et&hellip;\n","protected":false},"author":2,"featured_media":315800,"comment_status":"","ping_status":"","sticky":false,"template":"","format":"standard","meta":{"footnotes":""},"categories":[1888],"tags":[1111,1928,11,1927,45474,1777,674,1011,27,12,1926,626,1925,45475,25],"class_list":{"0":"post-315799","1":"post","2":"type-post","3":"status-publish","4":"format-standard","5":"has-post-thumbnail","7":"category-paris","8":"tag-actu","9":"tag-actu-paris","10":"tag-actualites","11":"tag-actualites-paris","12":"tag-atelier-de-creation","13":"tag-eu","14":"tag-europe","15":"tag-fr","16":"tag-france","17":"tag-news","18":"tag-news-paris","19":"tag-paris","20":"tag-paris-news","21":"tag-pierre-herme","22":"tag-republique-francaise"},"share_on_mastodon":{"url":"https:\/\/pubeurope.com\/@fr\/115020426602376339","error":""},"_links":{"self":[{"href":"https:\/\/www.europesays.com\/fr\/wp-json\/wp\/v2\/posts\/315799","targetHints":{"allow":["GET"]}}],"collection":[{"href":"https:\/\/www.europesays.com\/fr\/wp-json\/wp\/v2\/posts"}],"about":[{"href":"https:\/\/www.europesays.com\/fr\/wp-json\/wp\/v2\/types\/post"}],"author":[{"embeddable":true,"href":"https:\/\/www.europesays.com\/fr\/wp-json\/wp\/v2\/users\/2"}],"replies":[{"embeddable":true,"href":"https:\/\/www.europesays.com\/fr\/wp-json\/wp\/v2\/comments?post=315799"}],"version-history":[{"count":0,"href":"https:\/\/www.europesays.com\/fr\/wp-json\/wp\/v2\/posts\/315799\/revisions"}],"wp:featuredmedia":[{"embeddable":true,"href":"https:\/\/www.europesays.com\/fr\/wp-json\/wp\/v2\/media\/315800"}],"wp:attachment":[{"href":"https:\/\/www.europesays.com\/fr\/wp-json\/wp\/v2\/media?parent=315799"}],"wp:term":[{"taxonomy":"category","embeddable":true,"href":"https:\/\/www.europesays.com\/fr\/wp-json\/wp\/v2\/categories?post=315799"},{"taxonomy":"post_tag","embeddable":true,"href":"https:\/\/www.europesays.com\/fr\/wp-json\/wp\/v2\/tags?post=315799"}],"curies":[{"name":"wp","href":"https:\/\/api.w.org\/{rel}","templated":true}]}}