{"id":315805,"date":"2025-08-13T08:08:10","date_gmt":"2025-08-13T08:08:10","guid":{"rendered":"https:\/\/www.europesays.com\/fr\/315805\/"},"modified":"2025-08-13T08:08:10","modified_gmt":"2025-08-13T08:08:10","slug":"la-russie-sest-appropriee-environ-15-millions-de-tonnes-de-cereales-ukrainiennes-dans-les-territoires-temporairement-occupes","status":"publish","type":"post","link":"https:\/\/www.europesays.com\/fr\/315805\/","title":{"rendered":"La Russie s\u2019est appropri\u00e9e environ 15 millions de tonnes de c\u00e9r\u00e9ales ukrainiennes dans les territoires temporairement occup\u00e9s"},"content":{"rendered":"<p>La F\u00e9d\u00e9ration de Russie continue d\u2019exporter ill\u00e9galement des c\u00e9r\u00e9ales depuis les territoires temporairement occup\u00e9s de l\u2019Ukraine et, au total, depuis le d\u00e9but de l\u2019invasion \u00e0 grande \u00e9chelle, elle s\u2019est d\u00e9j\u00e0 appropri\u00e9e environ 15 millions de tonnes de c\u00e9r\u00e9ales ukrainiennes, rapporte le Centre de lutte contre la d\u00e9sinformation aupr\u00e8s du Conseil national de s\u00e9curit\u00e9 et de d\u00e9fense de l\u2019Ukraine.<\/p>\n<p style=\"text-align: justify;\">\u00ab Le Kremlin continue d\u2019exporter ill\u00e9galement des c\u00e9r\u00e9ales depuis les territoires temporairement occup\u00e9s de l\u2019Ukraine, en les int\u00e9grant \u00e0 son propre syst\u00e8me d\u2019exportation. Selon les estimations du minist\u00e8re de l\u2019\u00c9conomie de l\u2019Ukraine, depuis le d\u00e9but de l\u2019invasion \u00e0 grande \u00e9chelle, la Russie s\u2019est appropri\u00e9 environ 15 millions de tonnes de c\u00e9r\u00e9ales ukrainiennes, et ce chiffre continue d\u2019augmenter \u00bb, indique le communiqu\u00e9.<\/p>\n<p style=\"text-align: justify;\">Il est pr\u00e9cis\u00e9 qu\u2019\u00e0 Zaporijjia occup\u00e9e, le pays agresseur rach\u00e8te les c\u00e9r\u00e9ales aux agriculteurs \u00e0 des prix tr\u00e8s bas. M\u00eame les volumes minimaux de r\u00e9colte qui devraient couvrir les besoins locaux et les semailles sont achemin\u00e9s vers les ports de Rostov-sur-le-Don. Les c\u00e9r\u00e9ales sont m\u00e9lang\u00e9es \u00e0 celles de production russe, puis exp\u00e9di\u00e9es \u00e0 l\u2019exportation, ce qui complique leur tra\u00e7abilit\u00e9 et permet au pays agresseur de contourner les sanctions.<\/p>\n<p style=\"text-align: justify;\">Selon le Centre, en 2023 et 2024, les c\u00e9r\u00e9ales provenant des r\u00e9gions occup\u00e9es d\u2019Ukraine repr\u00e9sentaient environ 3 % de la r\u00e9colte totale de la F\u00e9d\u00e9ration de Russie. Le Kremlin pr\u00e9voit actuellement d\u2019augmenter cette part, car en Russie m\u00eame, cette ann\u00e9e, la s\u00e9cheresse, les sanctions et l\u2019acc\u00e8s limit\u00e9 aux \u00e9quipements devraient aboutir \u00e0 une \u00ab r\u00e9colte modeste \u00bb. Les ventes de c\u00e9r\u00e9ales en juin ont d\u00e9j\u00e0 diminu\u00e9 de 34,5 %.<\/p>\n<p style=\"text-align: justify;\">Comme l\u2019a rapport\u00e9 l\u2019agence Ukrinform, au 8 ao\u00fbt 2025, l\u2019Ukraine avait d\u00e9j\u00e0 r\u00e9colt\u00e9 19,91 millions de tonnes de c\u00e9r\u00e9ales et de l\u00e9gumineuses pr\u00e9coces sur une superficie de 5,3 millions d\u2019hectares.<\/p>\n","protected":false},"excerpt":{"rendered":"La F\u00e9d\u00e9ration de Russie continue d\u2019exporter ill\u00e9galement des c\u00e9r\u00e9ales depuis les territoires temporairement occup\u00e9s de l\u2019Ukraine et, au&hellip;\n","protected":false},"author":2,"featured_media":315806,"comment_status":"","ping_status":"","sticky":false,"template":"","format":"standard","meta":{"footnotes":""},"categories":[1591],"tags":[11,1887,12,1885,1886,132],"class_list":{"0":"post-315805","1":"post","2":"type-post","3":"status-publish","4":"format-standard","5":"has-post-thumbnail","7":"category-russie","8":"tag-actualites","9":"tag-federation-de-russie","10":"tag-news","11":"tag-russia","12":"tag-russian-federation","13":"tag-russie"},"share_on_mastodon":{"url":"https:\/\/pubeurope.com\/@fr\/115020438185677995","error":""},"_links":{"self":[{"href":"https:\/\/www.europesays.com\/fr\/wp-json\/wp\/v2\/posts\/315805","targetHints":{"allow":["GET"]}}],"collection":[{"href":"https:\/\/www.europesays.com\/fr\/wp-json\/wp\/v2\/posts"}],"about":[{"href":"https:\/\/www.europesays.com\/fr\/wp-json\/wp\/v2\/types\/post"}],"author":[{"embeddable":true,"href":"https:\/\/www.europesays.com\/fr\/wp-json\/wp\/v2\/users\/2"}],"replies":[{"embeddable":true,"href":"https:\/\/www.europesays.com\/fr\/wp-json\/wp\/v2\/comments?post=315805"}],"version-history":[{"count":0,"href":"https:\/\/www.europesays.com\/fr\/wp-json\/wp\/v2\/posts\/315805\/revisions"}],"wp:featuredmedia":[{"embeddable":true,"href":"https:\/\/www.europesays.com\/fr\/wp-json\/wp\/v2\/media\/315806"}],"wp:attachment":[{"href":"https:\/\/www.europesays.com\/fr\/wp-json\/wp\/v2\/media?parent=315805"}],"wp:term":[{"taxonomy":"category","embeddable":true,"href":"https:\/\/www.europesays.com\/fr\/wp-json\/wp\/v2\/categories?post=315805"},{"taxonomy":"post_tag","embeddable":true,"href":"https:\/\/www.europesays.com\/fr\/wp-json\/wp\/v2\/tags?post=315805"}],"curies":[{"name":"wp","href":"https:\/\/api.w.org\/{rel}","templated":true}]}}