{"id":315809,"date":"2025-08-13T08:10:15","date_gmt":"2025-08-13T08:10:15","guid":{"rendered":"https:\/\/www.europesays.com\/fr\/315809\/"},"modified":"2025-08-13T08:10:15","modified_gmt":"2025-08-13T08:10:15","slug":"aux-etats-unis-le-spectre-de-la-stagflation-menace-leconomie","status":"publish","type":"post","link":"https:\/\/www.europesays.com\/fr\/315809\/","title":{"rendered":"Aux \u00c9tats-Unis, le spectre de la stagflation menace l\u2019\u00e9conomie"},"content":{"rendered":"<p>Logo minifi\u00e9 dor\u00e9 La Provence<\/p>\n<p class=\"rev-margin-0 rev-text-xs-bold\">Ce contenu est r\u00e9serv\u00e9 aux abonn\u00e9s<\/p>\n<p>Rebond de l\u2019inflation et croissance en berne : avec la guerre commerciale de Donald Trump, tous les ingr\u00e9dients semblent \u00eatre r\u00e9unis pour un retour de la stagflation outre-Atlantique.<\/p>\n<p class=\"rev-margin-0 rev-text-xs-normal\">Publi\u00e9 le 13\/08\/25 \u00e0 06:00<\/p>\n<p><img alt=\"Lors de l\u2019annonce des droits de douane de Donald Trump d\u00e9but avril, de nombreux observateurs avaient d\u00e9j\u00e0 partag\u00e9 leurs craintes d\u2019un possible risque de stagnation.\" fetchpriority=\"high\" loading=\"eager\" decoding=\"async\" data-nimg=\"fill\" class=\"TwicCore_img__i9TC1\" style=\"position:absolute;height:100%;width:100%;left:0;top:0;right:0;bottom:0;color:transparent\"   src=\"https:\/\/www.europesays.com\/fr\/wp-content\/uploads\/2025\/08\/2615020.jpg\"\/><\/p>\n<p class=\"rev-margin-0 rev-text-xs-normal\">Lors de l\u2019annonce des droits de douane de Donald Trump d\u00e9but avril, de nombreux observateurs avaient d\u00e9j\u00e0 partag\u00e9 leurs craintes d\u2019un possible risque de stagnation.<\/p>\n<p class=\"rev-margin-0 rev-text-xs-bold\">Carlos Barria<\/p>\n","protected":false},"excerpt":{"rendered":"Logo minifi\u00e9 dor\u00e9 La Provence Ce contenu est r\u00e9serv\u00e9 aux abonn\u00e9s Rebond de l\u2019inflation et croissance en berne&hellip;\n","protected":false},"author":2,"featured_media":315810,"comment_status":"","ping_status":"","sticky":false,"template":"","format":"standard","meta":{"footnotes":""},"categories":[1589],"tags":[17,11,1007,33,73,1866,30481,1147,12,45476,45477,1864,1865,1863,308],"class_list":{"0":"post-315809","1":"post","2":"type-post","3":"status-publish","4":"format-standard","5":"has-post-thumbnail","7":"category-etats-unis","8":"tag-17","9":"tag-actualites","10":"tag-aux","11":"tag-economie","12":"tag-etats-unis","13":"tag-etats-unis-damerique","14":"tag-leconomie","15":"tag-menace","16":"tag-news","17":"tag-spectre","18":"tag-stagflation","19":"tag-united-states","20":"tag-united-states-of-america","21":"tag-us","22":"tag-usa"},"share_on_mastodon":{"url":"https:\/\/pubeurope.com\/@fr\/115020446400833989","error":""},"_links":{"self":[{"href":"https:\/\/www.europesays.com\/fr\/wp-json\/wp\/v2\/posts\/315809","targetHints":{"allow":["GET"]}}],"collection":[{"href":"https:\/\/www.europesays.com\/fr\/wp-json\/wp\/v2\/posts"}],"about":[{"href":"https:\/\/www.europesays.com\/fr\/wp-json\/wp\/v2\/types\/post"}],"author":[{"embeddable":true,"href":"https:\/\/www.europesays.com\/fr\/wp-json\/wp\/v2\/users\/2"}],"replies":[{"embeddable":true,"href":"https:\/\/www.europesays.com\/fr\/wp-json\/wp\/v2\/comments?post=315809"}],"version-history":[{"count":0,"href":"https:\/\/www.europesays.com\/fr\/wp-json\/wp\/v2\/posts\/315809\/revisions"}],"wp:featuredmedia":[{"embeddable":true,"href":"https:\/\/www.europesays.com\/fr\/wp-json\/wp\/v2\/media\/315810"}],"wp:attachment":[{"href":"https:\/\/www.europesays.com\/fr\/wp-json\/wp\/v2\/media?parent=315809"}],"wp:term":[{"taxonomy":"category","embeddable":true,"href":"https:\/\/www.europesays.com\/fr\/wp-json\/wp\/v2\/categories?post=315809"},{"taxonomy":"post_tag","embeddable":true,"href":"https:\/\/www.europesays.com\/fr\/wp-json\/wp\/v2\/tags?post=315809"}],"curies":[{"name":"wp","href":"https:\/\/api.w.org\/{rel}","templated":true}]}}