{"id":315811,"date":"2025-08-13T08:11:15","date_gmt":"2025-08-13T08:11:15","guid":{"rendered":"https:\/\/www.europesays.com\/fr\/315811\/"},"modified":"2025-08-13T08:11:15","modified_gmt":"2025-08-13T08:11:15","slug":"expulser-maintenant-faire-appel-plus-tard-le-royaume-uni-accelere-sa-repression-contre-les-ressortissants-etrangers","status":"publish","type":"post","link":"https:\/\/www.europesays.com\/fr\/315811\/","title":{"rendered":"\u00ab\u00a0Expulser maintenant, faire appel plus tard\u00a0\u00bb\u00a0: le Royaume-Uni acc\u00e9l\u00e8re sa r\u00e9pression contre les ressortissants \u00e9trangers"},"content":{"rendered":"<p>Le gouvernement travailliste dirig\u00e9 par le <a href=\"https:\/\/www.humanite.fr\/monde\/berlin\/berlin-londres-paris-une-nouvelle-alliance-militariste-et-liberale-pour-faire-front-contre-trump-et-la-russie\" target=\"_blank\" rel=\"noopener\">droitier Keir Starmer<\/a> a fait de la lutte contre l\u2019immigration l\u2019un de ses <a href=\"https:\/\/www.humanite.fr\/monde\/immigration\/royaume-uni-les-travaillistes-propagent-un-vieux-message-de-peur-et-dhostilite-apres-lannonce-du-gouvernement-daugmenter-les-expulsions-de-mi\" target=\"_blank\" rel=\"noopener\">gages \u00e0 une extr\u00eame droite toujours plus puissante<\/a>.\u00a0Le minist\u00e8re de l\u2019Int\u00e9rieur britannique a ainsi annonc\u00e9, dimanche 10\u00a0ao\u00fbt, vouloir acc\u00e9l\u00e9rer l\u2019expulsion de ressortissants \u00e9trangers condamn\u00e9s. Londres a, pour cela, \u00e9tendu son programme <a href=\"https:\/\/www.humanite.fr\/monde\/france\/en-visite-officielle-au-royaume-uni-macron-donne-des-gages-pour-reprimer-les-traversees-clandestines-de-la-manche\" target=\"_blank\" rel=\"noopener\">\u00ab\u00a0Expulser maintenant, faire appel plus tard\u00a0\u00bb<\/a> \u00e0 quinze nouveaux pays.<\/p>\n<p>Ce programme, qui permet au Royaume-Uni d\u2019expulser des ressortissants \u00e9trangers sans attendre qu\u2019ils purgent leur peine de prison dans le pays, tout en leur permettant de faire appel dans leur pays d\u2019origine, \u00e9tait en place avec huit pays dont la Tanzanie, l\u2019Estonie ou le Belize. Les quinze nouveaux \u00c9tats sont <a href=\"https:\/\/www.humanite.fr\/monde\/angola\/en-angola-la-repression-des-manifestations-contre-la-hausse-du-prix-des-carburants-bascule-vire-aux-executions-sommaires\" target=\"_blank\" rel=\"noopener\">l\u2019Angola<\/a>, <a href=\"https:\/\/www.humanite.fr\/monde\/australie\/vol-a-main-armee-violences-et-sequestration-plus-de-30-personnes-arretees-pour-des-guets-apens-homophobes-en-australie\" target=\"_blank\" rel=\"noopener\">l\u2019Australie<\/a>, le Botswana, Brunei, la Bulgarie, le Canada, le Guyana, l\u2019Inde, l\u2019Indon\u00e9sie, le Kenya, la Lettonie, le Liban, la Malaisie, l\u2019Ouganda et la Zambie.<\/p>\n<p>\u00ab\u00a0Des criminels \u00e9trangers ont exploit\u00e9 notre syst\u00e8me d\u2019immigration\u00a0\u00bb<\/p>\n<p>Soit un total de vingt-trois pays, qui pourrait encore s\u2019allonger. Des discussions avec plusieurs autres pays sont en cours, a pr\u00e9cis\u00e9 le communiqu\u00e9 du minist\u00e8re de l\u2019Int\u00e9rieur. \u00ab\u00a0Pendant bien trop longtemps, des criminels \u00e9trangers ont exploit\u00e9 notre syst\u00e8me d\u2019immigration restant au Royaume-Uni pendant des mois, voire des ann\u00e9es, pendant que leurs appels s\u2019\u00e9ternisaient, a ainsi lanc\u00e9 la garde des Sceaux britannique, Yvette Cooper. Cela doit cesser.\u00a0\u00bb Un rappel aux propos de Keir Starmer, qui avait promis, en mai dernier, de <a href=\"https:\/\/www.humanite.fr\/monde\/exiles\/trois-ans-apres-la-mort-de-31-migrants-dans-la-manche-la-gestion-de-la-frontiere-jugee-au-royaume-uni\" target=\"_blank\" rel=\"noopener\">\u00ab\u00a0reprendre le contr\u00f4le des fronti\u00e8res\u00a0\u00bb<\/a>, agitant le spectre\u00a0d\u2019une Grande-Bretagne devenue \u00ab\u00a0une \u00eele d\u2019\u00e9trangers\u00a0\u00bb.<\/p>\n<p>Professeur d\u2019\u00e9conomie politique \u00e0 l\u2019universit\u00e9 de Londres, Ashok Kumar pointait plut\u00f4t, dans nos colonnes, des \u00ab\u00a0<a href=\"https:\/\/www.humanite.fr\/monde\/royaume-uni\/au-royaume-uni-lextreme-droite-se-dechaine-apres-le-drame-de-southport\" target=\"_blank\" rel=\"noopener\">ann\u00e9es de peur raciste, de politique anti-immigr\u00e9s et de langage antimusulman<\/a> qui ont atteint un pic apr\u00e8s qu\u2019Isra\u00ebl a commenc\u00e9 son g\u00e9nocide \u00e0 Gaza\u00a0\u00bb. Depuis juillet 2024, date de l\u2019arriv\u00e9e au pouvoir des Travaillistes, pr\u00e8s de 5\u00a0200 ressortissants condamn\u00e9s ont ainsi \u00e9t\u00e9 expuls\u00e9s, soit une hausse de 14\u00a0% sur un an, selon le Home Office. En pratique, la d\u00e9cision de savoir si ces personnes purgeront leur peine \u00e0 l\u2019\u00e9tranger d\u00e9pendra du pays vers lequel elles sont envoy\u00e9es, a indiqu\u00e9 le minist\u00e8re de la Justice \u00e0 la BBC.<\/p>\n<p>Concr\u00e8tement, cela signifie que certains d\u2019entre eux pourraient \u00eatre libres d\u00e8s leur arriv\u00e9e dans leur pays de destination. L\u2019objectif du gouvernement britannique rel\u00e8ve donc d\u2019une politique r\u00e9pressive et symbolique envers les populations issues de l\u2019immigration, et ce, plus qu\u2019un d\u00e9sir d\u2019application de la justice.<\/p>\n<p>Les Travaillistes justifient aussi leur d\u00e9cision par\u2026 des pr\u00e9occupations \u00e9conomiques. Ces derniers affirment ainsi qu\u2019une place en prison co\u00fbte en moyenne 54\u00a0000\u00a0livres par an (soit plus de 62\u00a0000\u00a0euros). La remise en cause du syst\u00e8me judiciaire n\u2019est, elle, cependant pas abord\u00e9e. Le gouvernement pr\u00e9f\u00e8re donc expulser \u00e0 tour de bras afin de r\u00e9aliser des \u00e9conomies et de survivre politiquement. Soit un <a href=\"https:\/\/www.humanite.fr\/monde\/extreme-droite\/grande-bretagne-lextreme-droite-remporte-une-election-partielle-et-se-targue-detre-desormais-le-parti-dopposition-au-gouvernement-travailliste\" target=\"_blank\" rel=\"noopener\">nouvel exemple de d\u00e9shumanisation<\/a> d\u2019une population pr\u00e9caire et racis\u00e9e \u00e0 des fins politiciennes.<\/p>\n<p>Face \u00e0 l\u2019extr\u00eame droite, ne rien l\u00e2cher\u00a0!<\/p>\n<p>C\u2019est pied \u00e0 pied, argument contre argument qu\u2019il faut combattre l\u2019extr\u00eame droite. Et c\u2019est ce que nous faisons chaque jour dans l\u2019Humanit\u00e9.<\/p>\n<p>Face aux attaques incessantes des racistes et des porteurs de haine\u00a0: soutenez-nous\u00a0! Ensemble, faisons entendre une autre voix dans ce d\u00e9bat public toujours plus naus\u00e9abond.<br \/><a href=\"https:\/\/www.humanite.fr\/lhumanite-cest-vous\" target=\"_blank\" rel=\"noopener\">Je veux en savoir plus.<\/a><\/p>\n","protected":false},"excerpt":{"rendered":"Le gouvernement travailliste dirig\u00e9 par le droitier Keir Starmer a fait de la lutte contre l\u2019immigration l\u2019un de&hellip;\n","protected":false},"author":2,"featured_media":315812,"comment_status":"","ping_status":"","sticky":false,"template":"","format":"standard","meta":{"footnotes":""},"categories":[1588],"tags":[11,1777,674,1061,2581,12,10162,473,1853,1851,1850,1852],"class_list":{"0":"post-315811","1":"post","2":"type-post","3":"status-publish","4":"format-standard","5":"has-post-thumbnail","7":"category-royaume-uni","8":"tag-actualites","9":"tag-eu","10":"tag-europe","11":"tag-immigration","12":"tag-keir-starmer","13":"tag-news","14":"tag-racisme","15":"tag-royaume-uni","16":"tag-royaume-uni-de-grande-bretagne-et-dirlande-du-nord","17":"tag-uk","18":"tag-united-kingdom","19":"tag-united-kingdom-of-great-britain-and-northern-ireland"},"share_on_mastodon":{"url":"https:\/\/pubeurope.com\/@fr\/115020449987349305","error":""},"_links":{"self":[{"href":"https:\/\/www.europesays.com\/fr\/wp-json\/wp\/v2\/posts\/315811","targetHints":{"allow":["GET"]}}],"collection":[{"href":"https:\/\/www.europesays.com\/fr\/wp-json\/wp\/v2\/posts"}],"about":[{"href":"https:\/\/www.europesays.com\/fr\/wp-json\/wp\/v2\/types\/post"}],"author":[{"embeddable":true,"href":"https:\/\/www.europesays.com\/fr\/wp-json\/wp\/v2\/users\/2"}],"replies":[{"embeddable":true,"href":"https:\/\/www.europesays.com\/fr\/wp-json\/wp\/v2\/comments?post=315811"}],"version-history":[{"count":0,"href":"https:\/\/www.europesays.com\/fr\/wp-json\/wp\/v2\/posts\/315811\/revisions"}],"wp:featuredmedia":[{"embeddable":true,"href":"https:\/\/www.europesays.com\/fr\/wp-json\/wp\/v2\/media\/315812"}],"wp:attachment":[{"href":"https:\/\/www.europesays.com\/fr\/wp-json\/wp\/v2\/media?parent=315811"}],"wp:term":[{"taxonomy":"category","embeddable":true,"href":"https:\/\/www.europesays.com\/fr\/wp-json\/wp\/v2\/categories?post=315811"},{"taxonomy":"post_tag","embeddable":true,"href":"https:\/\/www.europesays.com\/fr\/wp-json\/wp\/v2\/tags?post=315811"}],"curies":[{"name":"wp","href":"https:\/\/api.w.org\/{rel}","templated":true}]}}