{"id":315815,"date":"2025-08-13T08:13:17","date_gmt":"2025-08-13T08:13:17","guid":{"rendered":"https:\/\/www.europesays.com\/fr\/315815\/"},"modified":"2025-08-13T08:13:17","modified_gmt":"2025-08-13T08:13:17","slug":"le-nouveau-tesla-model-yl-a-six-places-roule-deja-en-europe-avec-un-equipement-surprise","status":"publish","type":"post","link":"https:\/\/www.europesays.com\/fr\/315815\/","title":{"rendered":"Le nouveau Tesla Model YL \u00e0 six places roule d\u00e9j\u00e0 en Europe avec un \u00e9quipement surprise"},"content":{"rendered":"<p>\u00c0 peine d\u00e9voil\u00e9e en Chine, la nouvelle Tesla Model YL \u00e0 six places a d\u00e9j\u00e0 \u00e9t\u00e9 aper\u00e7ue sur les routes d\u2019Europe. Un indice que cette voiture \u00e9lectrique familiale pourrait bient\u00f4t \u00eatre vendue chez nous ?<\/p>\n<p><a href=\"https:\/\/images.frandroid.com\/wp-content\/uploads\/2025\/07\/tesla-model-yl-00002v2.jpg\" target=\"_blank\" class=\"article-content__figure\" rel=\"noopener\"><img fetchpriority=\"high\" decoding=\"async\" loading=\"eager\" width=\"1200\" height=\"662\" src=\"https:\/\/www.europesays.com\/fr\/wp-content\/uploads\/2025\/08\/tesla-model-yl-00002v2.jpg\" alt=\"\" class=\"wp-image-2735057 wp-image wp-image\"  \/><\/a>Tesla Model YL \/\/ Source : Tesla Chine<\/p>\n<p><a href=\"https:\/\/www.frandroid.com\/produits\/tesla\" target=\"_blank\" rel=\"noopener\">Tesla <\/a>ne ch\u00f4me pas en ce moment, et fait tout son possible pour revenir sur le devant de la sc\u00e8ne.<a href=\"https:\/\/www.frandroid.com\/marques\/byd\/2604507_byd-senvole-tesla-vacille-la-nouvelle-donne-sur-le-marche-electrique\" target=\"_blank\" rel=\"noopener\"> D\u00e9pass\u00e9 par BYD sur les ventes de voitures \u00e9lectriques <\/a>dans le monde, le constructeur a vu <strong>sa c\u00f4te de popularit\u00e9 fortement chuter <\/strong>ces derniers mois. En cause, <a href=\"https:\/\/www.frandroid.com\/marques\/tesla\/2754115_lattitude-delon-musk-est-elle-responsable-des-baisses-de-ventes-de-tesla-cette-nouvelle-etude-apporte-des-reponses-interessantes\" target=\"_blank\" rel=\"noopener\">le comportement de son patron, Elon Musk<\/a>, mais pas seulement.<\/p>\n<p>Une nouvelle version en Europe<\/p>\n<p>En effet, les automobilistes se d\u00e9tournent aussi de la firme <strong>\u00e0 cause de son manque de nouveaut\u00e9s<\/strong>, et surtout de la concurrence grandissante. C\u2019est donc dans ce contexte assez tendu que Tesla vient de lever le voile sur une nouvelle version de son best-seller. <a href=\"https:\/\/www.frandroid.com\/marques\/tesla\/2735005_tesla-officialise-enfin-la-model-yl-pourquoi-elle-est-encore-plus-pratique-que-la-model-y\" target=\"_blank\" rel=\"noopener\">Il s\u2019agit de la Model YL<\/a>, une in\u00e9dite version allong\u00e9e de quelques centim\u00e8tres du SUV \u00e9lectrique. Cette derni\u00e8re a \u00e9galement <strong>le droit \u00e0 six places \u00e0 son bord<\/strong>, et se destine majoritairement \u00e0 la client\u00e8le chinoise.<\/p>\n<p>Cependant, il est tout \u00e0 fait probable de voir <strong>arriver cette nouvelle d\u00e9clinaison en Europe<\/strong>. Et ce alors que la firme bas\u00e9e au Texas avait lev\u00e9 le voile lors du dernier Mondial de l\u2019auto de Paris sur<a href=\"https:\/\/www.frandroid.com\/marques\/tesla\/2369844_la-nouvelle-tesla-model-y-ultra-pratique-avec-7-places-arrive-en-france-voici-son-prix\" target=\"_blank\" rel=\"noopener\"> une variante sept places<\/a>. Celle-ci n\u2019\u00e9tait pas rest\u00e9e longtemps dans le catalogue, car<strong> la Model Y restyl\u00e9e avait \u00e9t\u00e9 pr\u00e9sent\u00e9e<\/strong> quelques mois plus tard. Et depuis, plus de nouvelles de cette version. Mais la d\u00e9clinaison L pourrait bien faire son arriv\u00e9e sur le Vieux Continent.<\/p>\n<p><a href=\"https:\/\/images.frandroid.com\/wp-content\/uploads\/2025\/08\/Tesla-Model-Y-Performance-scoop-00005.webp\" target=\"_blank\" class=\"article-content__figure\" rel=\"noopener\"><img loading=\"lazy\" decoding=\"async\" width=\"1200\" height=\"800\" src=\"https:\/\/www.europesays.com\/fr\/wp-content\/uploads\/2025\/08\/Tesla-Model-Y-Performance-scoop-00005-1200x800.webp.webp\" alt=\"\" class=\"wp-image-2759945 wp-image\"  \/><\/a>Le Tesla Model YL en Europe \/\/ Source : Carscoops<\/p>\n<p>\u00c0 vrai dire, <strong>elle y est m\u00eame d\u00e9j\u00e0<\/strong>, comme le rapporte le site <a href=\"https:\/\/www.carscoops.com\/2025\/08\/teslas-lwb-model-y-has-one-fast-feature-even-the-performance-doesnt-get\/\" target=\"_blank\" rel=\"noreferrer noopener\">Carscoops<\/a>. Le site am\u00e9ricain relaie des photos du SUV \u00e9lectrique en train de circuler sur des routes allemandes, \u00e0 proximit\u00e9 du circuit du N\u00fcrburgring. Cependant, <strong>il est encore recouvert d\u2019un \u00e9pais camouflage<\/strong>, mais la silhouette ne trompe pas. Les experts remarquent en effet que certains \u00e9l\u00e9ments sont l\u00e9g\u00e8rement diff\u00e9rents. Mais surtout, on remarque \u00e0 l\u2019arri\u00e8re un petit d\u00e9tail qui fait la diff\u00e9rence. <strong>Il s\u2019agit d\u2019un discret aileron<\/strong>, absent sur les versions standard.<\/p>\n<p>En fait, on le retrouve <strong>uniquement sur la d\u00e9clinaison Performance<\/strong>. On le voit en revanche assez subtilement sur la premi\u00e8re photo officielle de la Model YL, ce qui signifie que toutes les motorisations y auront le droit. Selon le m\u00e9dia am\u00e9ricain, cet ajout servirait tout simplement \u00e0 <strong>am\u00e9liorer la stabilit\u00e9 de la voiture<\/strong>, qui a le droit \u00e0 des porte-\u00e0-faux plus longs. L\u2019empattement est aussi en l\u00e9g\u00e8re hausse, comme <a href=\"https:\/\/www.frandroid.com\/marques\/tesla\/2739329_voici-a-quel-point-la-nouvelle-tesla-model-yl-est-plus-grande-que-lactuelle-model-y\" target=\"_blank\" rel=\"noopener\">nous l\u2019avions indiqu\u00e9 dans un pr\u00e9c\u00e9dent article<\/a>.<\/p>\n<p>\u00c0 quand chez nous\u00a0?<\/p>\n<p>Le reste de la voiture demeure quant \u00e0 lui inchang\u00e9, mais il faudra encore<strong> attendre de voir l\u2019int\u00e9rieur<\/strong> pour d\u00e9celer les \u00e9ventuelles diff\u00e9rences. Hormis la pr\u00e9sence d\u2019une troisi\u00e8me rang\u00e9e de si\u00e8ges, bien \u00e9videmment. Pour m\u00e9moire, la nouvelle Tesla Model YL <strong>mesure 4,98 m\u00e8tres de long<\/strong>, contre 4,80 m\u00e8tres pour la version standard. Et d\u00e9sormais, la question de sa commercialisation en Europe commence \u00e0 se poser. Pour l\u2019instant, rien n\u2019a \u00e9t\u00e9 dit \u00e0 ce sujet par le constructeur. Surtout que <strong>la voiture n\u2019est pas encore disponible \u00e0 l\u2019achat en Chine<\/strong>.<\/p>\n<p>Or, c\u2019est d\u2019abord \u00e0 ce march\u00e9 qu\u2019elle se destine en priorit\u00e9, les automobilistes chinois \u00e9tant friands de ce type de carrosseries allong\u00e9es. On pense par exemple aux <a href=\"https:\/\/www.frandroid.com\/marques\/byd\/2545339_byd-presente-un-suv-electrique-ultra-performant-qui-se-recharge-aussi-vite-quun-plein-dessence\" target=\"_blank\" rel=\"noopener\">BYD Tang L<\/a> et<a href=\"https:\/\/www.frandroid.com\/marques\/byd\/2545755_byd-devoile-la-voiture-electrique-qui-se-recharge-le-plus-vite-au-monde-aussi-rapide-quun-plein-dessence\" target=\"_blank\" rel=\"noopener\"> Han L <\/a>r\u00e9cemment d\u00e9voil\u00e9s \u00e9galement et r\u00e9serv\u00e9s \u00e0 l\u2019Empire du Milieu. La nouvelle Tesla Model YL se d\u00e9cline pour le moment en <strong>une seule version, avec deux moteurs \u00e9lectriques<\/strong>. De quoi afficher une puissance totale de 456 chevaux. Elle embarque une <a href=\"https:\/\/www.frandroid.com\/survoltes\/voitures-electriques\/1568421_voitures-electriques-voici-les-differentes-technologies-de-batteries-sodium-solides-lfp-nmc-nca-et-leurs-avantages\" target=\"_blank\" rel=\"noopener\">batterie NMC (nickel \u2013 mangan\u00e8se \u2013 cobalt) <\/a>de 82 kWh fournie par LG.<\/p>\n<p><a href=\"https:\/\/images.frandroid.com\/wp-content\/uploads\/2025\/07\/008ussnwly1i3g36nf8fvj317u0t6aj3.jpg\" target=\"_blank\" class=\"article-content__figure\" rel=\"noopener\"><img loading=\"lazy\" decoding=\"async\" width=\"1200\" height=\"670\" src=\"https:\/\/www.europesays.com\/fr\/wp-content\/uploads\/2025\/08\/008ussnwly1i3g36nf8fvj317u0t6aj3-1200x670.jpg\" alt=\"\" class=\"wp-image-2735079 wp-image\"  \/><\/a>Tesla Model YL<\/p>\n<p>Cette derni\u00e8re offre <a href=\"https:\/\/www.frandroid.com\/marques\/tesla\/2756393_voici-lautonomie-du-nouveau-tesla-model-y-6-places-plutot-une-bonne-surprise\" target=\"_blank\" rel=\"noopener\">une autonomie g\u00e9n\u00e9reuse de 751 kilom\u00e8tres <\/a>selon le cycle chinois CLTC (environ 580 kilom\u00e8tres avec<a href=\"https:\/\/www.frandroid.com\/comment-faire\/652748_wltp-nedc-epa-comment-mesure-t-on-lautonomie-des-voitures-electriques\" target=\"_blank\" rel=\"noopener\"> l\u2019homologation WLTP<\/a>), un chiffre quasiment identique \u00e0 la version d\u2019entr\u00e9e de gamme. La plus grande batterie permet de compenser le fait que <strong>la version L soit plus grande, donc plus lourde<\/strong>, et qu\u2019elle ajoute un moteur \u00e9lectrique suppl\u00e9mentaire. Son lancement est pr\u00e9vu au cours de l\u2019automne 2025 en Chine, mais elle pourrait <a href=\"https:\/\/www.frandroid.com\/marques\/tesla\/2650609_une-nouvelle-tesla-model-y-serait-sur-le-point-darriver-cette-nouvelle-preuve-enfonce-le-clou\" target=\"_blank\" rel=\"noopener\">ensuite arriver dans la foul\u00e9e <\/a>ou courant 2026 en Europe.<\/p>\n","protected":false},"excerpt":{"rendered":"\u00c0 peine d\u00e9voil\u00e9e en Chine, la nouvelle Tesla Model YL \u00e0 six places a d\u00e9j\u00e0 \u00e9t\u00e9 aper\u00e7ue sur&hellip;\n","protected":false},"author":2,"featured_media":315816,"comment_status":"","ping_status":"","sticky":false,"template":"","format":"standard","meta":{"footnotes":""},"categories":[1586],"tags":[11,1777,674,1011,27,12,25,25857,17904,5822,45478],"class_list":{"0":"post-315815","1":"post","2":"type-post","3":"status-publish","4":"format-standard","5":"has-post-thumbnail","7":"category-europe","8":"tag-actualites","9":"tag-eu","10":"tag-europe","11":"tag-fr","12":"tag-france","13":"tag-news","14":"tag-republique-francaise","15":"tag-suv-electrique","16":"tag-tesla-model-y","17":"tag-tesla-model-y-2025","18":"tag-tesla-model-yl"},"share_on_mastodon":{"url":"https:\/\/pubeurope.com\/@fr\/115020458007069924","error":""},"_links":{"self":[{"href":"https:\/\/www.europesays.com\/fr\/wp-json\/wp\/v2\/posts\/315815","targetHints":{"allow":["GET"]}}],"collection":[{"href":"https:\/\/www.europesays.com\/fr\/wp-json\/wp\/v2\/posts"}],"about":[{"href":"https:\/\/www.europesays.com\/fr\/wp-json\/wp\/v2\/types\/post"}],"author":[{"embeddable":true,"href":"https:\/\/www.europesays.com\/fr\/wp-json\/wp\/v2\/users\/2"}],"replies":[{"embeddable":true,"href":"https:\/\/www.europesays.com\/fr\/wp-json\/wp\/v2\/comments?post=315815"}],"version-history":[{"count":0,"href":"https:\/\/www.europesays.com\/fr\/wp-json\/wp\/v2\/posts\/315815\/revisions"}],"wp:featuredmedia":[{"embeddable":true,"href":"https:\/\/www.europesays.com\/fr\/wp-json\/wp\/v2\/media\/315816"}],"wp:attachment":[{"href":"https:\/\/www.europesays.com\/fr\/wp-json\/wp\/v2\/media?parent=315815"}],"wp:term":[{"taxonomy":"category","embeddable":true,"href":"https:\/\/www.europesays.com\/fr\/wp-json\/wp\/v2\/categories?post=315815"},{"taxonomy":"post_tag","embeddable":true,"href":"https:\/\/www.europesays.com\/fr\/wp-json\/wp\/v2\/tags?post=315815"}],"curies":[{"name":"wp","href":"https:\/\/api.w.org\/{rel}","templated":true}]}}