{"id":315817,"date":"2025-08-13T08:14:13","date_gmt":"2025-08-13T08:14:13","guid":{"rendered":"https:\/\/www.europesays.com\/fr\/315817\/"},"modified":"2025-08-13T08:14:13","modified_gmt":"2025-08-13T08:14:13","slug":"on-a-eu-enormement-de-soutien-de-la-population-temoigne-un-pompier-ligerien-de-retour-de-lincendie-dans-laude","status":"publish","type":"post","link":"https:\/\/www.europesays.com\/fr\/315817\/","title":{"rendered":"\u00ab\u00a0On a eu \u00e9norm\u00e9ment de soutien de la population\u00a0\u00bb t\u00e9moigne un pompier lig\u00e9rien de retour de l&rsquo;incendie dans l&rsquo;Aude"},"content":{"rendered":"<p>Le commandant David Ramalho a pris la t\u00eate d&rsquo;une colonnes de pompiers de la Loire, l&rsquo;Is\u00e8re et la Haute-Savoie pour aller lutter contre l&rsquo;incendie de l&rsquo;Aude. Il est rentr\u00e9 vendredi 8 ao\u00fbt dernier et raconte les deux jours intenses v\u00e9cus l\u00e0-bas.<\/p>\n<p>\u00ab\u00a0Deux jours sur place, c&rsquo;est long.\u00a0\u00bb C&rsquo;est comme \u00e7a que le commandant David Ramalho r\u00e9sume les <strong>48 heures pass\u00e9es \u00e0 se battre, jour et nuit, contre l&rsquo;incendie dans l&rsquo;Aude<\/strong>, qui a\u00a0<a class=\"IciLink ici-link IciArticleLink g-ici-body-regular-1 underline brand svelte-lu7k6w\" href=\"https:\/\/www.francebleu.fr\/infos\/faits-divers-justice\/photos-incendie-dans-l-aude-les-images-impressionnantes-des-degats-1696161\" rel=\"nofollow noopener\" target=\"_blank\">ravag\u00e9 plus de 16 000 hectares<\/a>\u00a0et fait 25 victimes, dont une personne d\u00e9c\u00e9d\u00e9e. Des pompiers de partout en France ont \u00e9t\u00e9 pr\u00eater mains fortes sur place, dont une colonne constitu\u00e9e de 70 pompiers de la Loire, l&rsquo;Is\u00e8re et la Haute-Savoie, dirig\u00e9e par le commandant Ramalho.<\/p>\n<p>La colonne de pompiers est affect\u00e9e \u00e0 la surveillance de zones d\u00e9j\u00e0 br\u00fbl\u00e9es<\/p>\n<p>Ils arrivent sur place, 24 heures apr\u00e8s le d\u00e9part de l&rsquo;incendie. \u00ab\u00a0On voit un important panache de fum\u00e9e visible \u00e0 des kilom\u00e8tres, on se rend compte que l&rsquo;ampleur du sinistre est importante et que c&rsquo;est vraiment dangereux\u00a0\u00bb, raconte le commandant. Il prend la direction de 200 pompiers (sa colonne, et une autre venue de l&rsquo;Ouest) qui sont affect\u00e9s \u00e0 l&rsquo;arri\u00e8re du feu, une zone qui a d\u00e9j\u00e0 br\u00fbl\u00e9e\u00a0: \u00ab\u00a0Il faut des pompiers \u00e0 l&rsquo;arri\u00e8re pour v\u00e9rifier que le feu ne reprenne pas, et parfaire l&rsquo;extinction.\u00a0\u00bb<\/p>\n<p>Le soutien de la population fait du bien face \u00e0 la difficult\u00e9 de leur travail<\/p>\n<p>Le commandant David Ramalho a \u00e9t\u00e9 marqu\u00e9 par le soutien de la population\u00a0: \u00ab\u00a0on a beaucoup de solidarit\u00e9, les gens nous apportent \u00e0 manger et \u00e0 boire, et nous remercient\u00a0\u00bb, raconte-t-il. Cela fait du bien aux \u00e9quipes, d&rsquo;autant plus que <strong>le travail est difficile sur un terrain escarp\u00e9 qu&rsquo;ils ne connaissent pas.<\/strong> \u00ab\u00a0Parfois ce n&rsquo;est m\u00eame pas accessible en v\u00e9hicule, il faut porter les lances et le mat\u00e9riel\u00a0\u00bb d\u00e9crit le pompier.<\/p>\n<p>Ils ne s&rsquo;arr\u00eatent pas et dorment tr\u00e8s peu. Au bout de deux jours, la fatigue se fait sentir mais c&rsquo;est difficile de partir\u00a0alors que les feu br\u00fble toujours. \u00ab\u00a0On est form\u00e9s pour \u00e7a, on a envie de mettre toute notre \u00e9nergie, tout notre coeur pour faire face \u00e0 cette situation\u00a0\u00bb, t\u00e9moigne le commandant Ramalho. Rentr\u00e9 dans la Loire le week-end dernier, il reste en alerte alors que la vague de canicule traverse la France et que le risque de feu de for\u00eat reste bien pr\u00e9sent.<\/p>\n<p>\u00c0 lire aussi   <img decoding=\"async\" src=\"https:\/\/www.europesays.com\/fr\/wp-content\/uploads\/2025\/08\/200x200_sc_080-hl-jbonnery-2847767.jpg\" alt=\"Un olivier calcin\u00e9 apr\u00e8s l'incendie qui a d\u00e9marr\u00e9 \u00e0 Ribaute.\" style=\"--_image-preview:url('data:image\/jpeg;base64,\/9j\/2wBDACgcHiMeGSgjISMtKygwPGRBPDc3PHtYXUlkkYCZlo+AjIqgtObDoKrarYqMyP\/L2u71\/\/\/\/m8H\/\/\/\/6\/+b9\/\/j\/2wBDASstLTw1PHZBQXb4pYyl+Pj4+Pj4+Pj4+Pj4+Pj4+Pj4+Pj4+Pj4+Pj4+Pj4+Pj4+Pj4+Pj4+Pj4+Pj4+Pj4+Pj\/wAARCAAqACoDASIAAhEBAxEB\/8QAFwAAAwEAAAAAAAAAAAAAAAAAAQIDAP\/EABgQAQEBAQEAAAAAAAAAAAAAAAABERIC\/8QAFQEBAQAAAAAAAAAAAAAAAAAAAAH\/xAAUEQEAAAAAAAAAAAAAAAAAAAAA\/9oADAMBAAIRAxEAPwDWhpNGUDynlTlHVD2lbQ1BCU0qUoz0iqyjqfTdKiuhqfTdAho9EED9N0QQN0HRQUf\/2Q==');\" loading=\"lazy\" fetchpriority=\"low\" aria-hidden=\"true\" class=\"svelte-1pnmlwx rounded\" onload=\"this.__e=event\" onerror=\"this.__e=event\"\/><\/p>\n","protected":false},"excerpt":{"rendered":"Le commandant David Ramalho a pris la t\u00eate d&rsquo;une colonnes de pompiers de la Loire, l&rsquo;Is\u00e8re et la&hellip;\n","protected":false},"author":2,"featured_media":315818,"comment_status":"","ping_status":"","sticky":false,"template":"","format":"standard","meta":{"footnotes":""},"categories":[1586],"tags":[11,1777,674,1779,1011,27,12,25,1778,364],"class_list":{"0":"post-315817","1":"post","2":"type-post","3":"status-publish","4":"format-standard","5":"has-post-thumbnail","7":"category-europe","8":"tag-actualites","9":"tag-eu","10":"tag-europe","11":"tag-european-union","12":"tag-fr","13":"tag-france","14":"tag-news","15":"tag-republique-francaise","16":"tag-ue","17":"tag-union-europeenne"},"share_on_mastodon":{"url":"https:\/\/pubeurope.com\/@fr\/115020461946136618","error":""},"_links":{"self":[{"href":"https:\/\/www.europesays.com\/fr\/wp-json\/wp\/v2\/posts\/315817","targetHints":{"allow":["GET"]}}],"collection":[{"href":"https:\/\/www.europesays.com\/fr\/wp-json\/wp\/v2\/posts"}],"about":[{"href":"https:\/\/www.europesays.com\/fr\/wp-json\/wp\/v2\/types\/post"}],"author":[{"embeddable":true,"href":"https:\/\/www.europesays.com\/fr\/wp-json\/wp\/v2\/users\/2"}],"replies":[{"embeddable":true,"href":"https:\/\/www.europesays.com\/fr\/wp-json\/wp\/v2\/comments?post=315817"}],"version-history":[{"count":0,"href":"https:\/\/www.europesays.com\/fr\/wp-json\/wp\/v2\/posts\/315817\/revisions"}],"wp:featuredmedia":[{"embeddable":true,"href":"https:\/\/www.europesays.com\/fr\/wp-json\/wp\/v2\/media\/315818"}],"wp:attachment":[{"href":"https:\/\/www.europesays.com\/fr\/wp-json\/wp\/v2\/media?parent=315817"}],"wp:term":[{"taxonomy":"category","embeddable":true,"href":"https:\/\/www.europesays.com\/fr\/wp-json\/wp\/v2\/categories?post=315817"},{"taxonomy":"post_tag","embeddable":true,"href":"https:\/\/www.europesays.com\/fr\/wp-json\/wp\/v2\/tags?post=315817"}],"curies":[{"name":"wp","href":"https:\/\/api.w.org\/{rel}","templated":true}]}}