{"id":315825,"date":"2025-08-13T08:18:23","date_gmt":"2025-08-13T08:18:23","guid":{"rendered":"https:\/\/www.europesays.com\/fr\/315825\/"},"modified":"2025-08-13T08:18:23","modified_gmt":"2025-08-13T08:18:23","slug":"du-beau-monde-deja-confirme-a-lomega-european-masters-pour-les-adieux-de-mike-lorenzo-vera","status":"publish","type":"post","link":"https:\/\/www.europesays.com\/fr\/315825\/","title":{"rendered":"Du beau monde d\u00e9j\u00e0 confirm\u00e9 \u00e0 l\u2019Omega European Masters pour les adieux de Mike Lorenzo-Vera"},"content":{"rendered":"<p>\t\t\t\t\t\t<img width=\"770\" height=\"556\" src=\"https:\/\/www.europesays.com\/fr\/wp-content\/uploads\/2025\/08\/mattfitzoemt1-770x556.jpg\" class=\"img-responsive wp-post-image\" alt=\"MattFitzOEMT1 Stuart Franklin Getty AFP\" decoding=\"async\" fetchpriority=\"high\"  \/>\t\t\t\t\t<\/p>\n<p>\t\t\t\t\t\t Partager cet article <\/p>\n<p class=\"screen-reader-text juiz_sps_maybe_hidden_text\">Partager la publication \u00ab\u00a0Du beau monde d\u00e9j\u00e0 confirm\u00e9 \u00e0 l\u2019Omega European Masters pour les adieux de Mike Lorenzo-Vera\u00a0\u00bb<\/p>\n<p><strong>Pour cette nouvelle \u00e9dition de l\u2019Omega European Masters, le trac\u00e9 du Golf Club Crans-sur-Sierre, dans les Alpes suisses, va accueillir plusieurs stars du golf mondial, \u00e0 l\u2019instar de Matt Fitzpatrick et Miguel \u00c1ngel Jim\u00e9nez.<\/strong><\/p>\n<p>\t\t\t\t\t<a id=\"179385\" href=\"https:\/\/tickets.europeantour.com\/eut\/#\/c6906933-bb43-434b-a22d-0ae172a572d4\/shop\/custom-pack?fac=EUT&amp;locale=fr&amp;skin=pgaetodf&amp;utm_campaign=ODF&amp;utm_content=Ticketing&amp;utm_medium=Web&amp;utm_source=Partner&amp;utm_term=PavonGolfPlanete\" target=\"_blank\" rel=\"sponsorised nofollow noopener\"><img fetchpriority=\"high\" decoding=\"async\" src=\"https:\/\/www.europesays.com\/fr\/wp-content\/uploads\/2025\/07\/opendefrance-e03-plateau-1407-1170x275-1.jpg\" class=\"img-responsive\" alt=\"\"\/><\/a><\/p>\n<p>Le grand rendez-vous du golf suisse va encore avoir tr\u00e8s belle allure cette ann\u00e9e. Du 28 au 31 ao\u00fbt prochain, les organisateurs de l\u2019<strong>Omega European Masters<\/strong> ont une nouvelle fois attir\u00e9 de jolis noms pour cette 53e \u00e9dition sanctionn\u00e9e par le circuit europ\u00e9en.<\/p>\n<p>Double vainqueur en play-off en 2017 et 2018, <strong>Matt Fitzpatrick<\/strong> effectuera son neuvi\u00e8me d\u00e9part sur le trac\u00e9 redessin\u00e9 par <strong>Severiano Ballesteros<\/strong> en 1997. Il retrouvera sur place le tenant du titre, <strong>Matt Wallace<\/strong>, qui sort d\u2019une saison plus discr\u00e8te sur le <strong>PGA Tour<\/strong> (92e de la <strong>FedExCup<\/strong>) mais qui entend bien se relancer sur un terrain qui lui r\u00e9ussit.<\/p>\n<p>\t\t\t\t\t<a id=\"179399\" href=\"https:\/\/www.terre-blanche.com\/landing\/summer-deals?mtm_campaign=summer_deals_golf_planet_juil_2025&amp;mtm_medium=display&amp;mtm_source=golf_planet&amp;mtm_content=_CTA_&amp;mtm_group=trafic\" target=\"_blank\" rel=\"sponsorised nofollow noopener\"><img decoding=\"async\" src=\"data:image\/svg+xml,%3Csvg%20xmlns=\" http:=\"\" class=\"img-responsive\" alt=\"\" data-lazy-src=\"https:\/\/www.europesays.com\/fr\/wp-content\/uploads\/2025\/07\/terreblanche-e01-summer-deals-1170x275-1.gif\"\/><\/a><\/p>\n<blockquote class=\"instagram-media\" style=\"background: #FFF; border: 0; border-radius: 3px; box-shadow: 0 0 1px 0 rgba(0,0,0,0.5),0 1px 10px 0 rgba(0,0,0,0.15); margin: 1px; max-width: 540px; min-width: 326px; padding: 0; width: calc(100% - 2px);\" data-instgrm-captioned=\"\" data-instgrm-permalink=\"https:\/\/www.instagram.com\/p\/DMcXlRqsIz2\/?utm_source=ig_embed&amp;utm_campaign=loading\" data-instgrm-version=\"14\">\n<\/blockquote>\n<p>\t\t\t\t\t<a id=\"181417\" href=\"https:\/\/cabotbordeaux.com\/fr\/booking\/training-golf\" target=\"_blank\" rel=\"sponsorised nofollow noopener\"><img decoding=\"async\" src=\"data:image\/svg+xml,%3Csvg%20xmlns=\" http:=\"\" class=\"img-responsive\" alt=\"\" data-lazy-src=\"https:\/\/www.europesays.com\/fr\/wp-content\/uploads\/2025\/08\/cabot-e04-stage-septembre-1170x275-1.gif\"\/><\/a><br \/>\nLa premi\u00e8re de Couvra la derni\u00e8re de Mike Lorenzo-Vera<\/p>\n<p><strong>Rasmus H\u00f8jgaard<\/strong>, laur\u00e9at en 2021, sera lui aussi de la partie. Son fr\u00e8re <strong>Nicolai<\/strong>, en queue de peloton en 2024, voudra faire mieux que l\u2019an dernier. Autre figure iconique, <strong>Miguel \u00c1ngel Jim\u00e9nez<\/strong>, vainqueur ici en 2010, reviendra pour honorer son sponsor <strong>Omega<\/strong> et signer sa 35e participation cons\u00e9cutive depuis 1989 ! Dans le Valais, <strong>Danny Willett<\/strong>, titr\u00e9 en 2015, visera quant \u00e0 lui un premier troph\u00e9e sur le circuit europ\u00e9en depuis 2021.<\/p>\n<p>\t\t\t\t\t<a id=\"181426\" href=\"https:\/\/leclub-golf.com\/fr\/green-fees?online=1&amp;utm_source=golf+planete&amp;utm_medium=referral&amp;utm_campaign=green+fee+en+ligne&amp;utm_id=green+fee+en+ligne_golf+planete_referral_banner\" target=\"_blank\" rel=\"sponsorised nofollow noopener\"><img decoding=\"async\" src=\"data:image\/svg+xml,%3Csvg%20xmlns=\" http:=\"\" class=\"img-responsive\" alt=\"\" data-lazy-src=\"https:\/\/www.europesays.com\/fr\/wp-content\/uploads\/2025\/08\/leclubgolf-e09-effet-classique-1170x275png.png\"\/><\/a><\/p>\n<blockquote class=\"instagram-media\" style=\"background: #FFF; border: 0; border-radius: 3px; box-shadow: 0 0 1px 0 rgba(0,0,0,0.5),0 1px 10px 0 rgba(0,0,0,0.15); margin: 1px; max-width: 540px; min-width: 326px; padding: 0; width: calc(100% - 2px);\" data-instgrm-captioned=\"\" data-instgrm-permalink=\"https:\/\/www.instagram.com\/p\/DLo15dJMEtD\/?utm_source=ig_embed&amp;utm_campaign=loading\" data-instgrm-version=\"14\">\n<\/blockquote>\n<p>\t\t\t\t\t<a id=\"180479\" href=\"https:\/\/www.swing.fr\/voyage\/35-14eme-edition-des-doubles-gosset-by-beachcomber\" target=\"_blank\" rel=\"sponsorised nofollow noopener\"><img decoding=\"async\" src=\"data:image\/svg+xml,%3Csvg%20xmlns=\" http:=\"\" class=\"img-responsive\" alt=\"\" data-lazy-src=\"https:\/\/www.europesays.com\/fr\/wp-content\/uploads\/2025\/07\/beachcomber-e01-doubles-gosset-26-1170x275-1.jpg\"\/><\/a><\/p>\n<p>C\u00f4t\u00e9 Fran\u00e7ais, <strong>Martin Couvra<\/strong> a confirm\u00e9 sa pr\u00e9sence, il disputera pour la toute premi\u00e8re fois le tournoi. De retour en Europe, <strong>Antoine Rozner<\/strong>, qui s\u2019est entra\u00een\u00e9 ces derniers jours au Pays basque, fera \u00e9galement escale dans les Alpes. Il avait termin\u00e9 meilleur tricolore l\u2019an dernier (34e). Mais \u00e9videmment on suivra avec une attention particuli\u00e8re les derniers swings en comp\u00e9tition de <strong>Mike Lorenzo-Vera<\/strong> qui a annonc\u00e9 fin avril <a href=\"https:\/\/www.golfplanete.com\/actualites\/mike-lorenzo-vera-met-un-terme-a-sa-carriere-apres-son-prochain-tournoi\/\" rel=\"nofollow noopener\" target=\"_blank\">mettre un terme \u00e0 sa carri\u00e8re<\/a> apr\u00e8s avoir souffert de <a href=\"https:\/\/www.golfplanete.com\/actualites\/mike-lorenzo-vera-devoile-quil-a-eu-des-crises-de-paniques-et-a-cru-mourir\/\" rel=\"nofollow noopener\" target=\"_blank\">probl\u00e8mes de sant\u00e9 mentale.<\/a><\/p>\n<p><a href=\"https:\/\/www.golfplanete.com\/actualites\/mike-lorenzo-vera-jai-envie-de-faire-autre-chose-de-ma-vie\/\" rel=\"nofollow noopener\" target=\"_blank\">D\u00e9cid\u00e9 \u00e0 vouloir faire autre chose de sa vie<\/a> le Basque souhaitait tout de m\u00eame revenir une derni\u00e8re fois sur le parcours de Crans-Sur-Sierre l\u00e0 o\u00f9 il est pass\u00e9 tout pr\u00e8s de signer une magnifique victoire en 2018.<\/p>\n<p>\t\t\t\t\t<a id=\"181434\" href=\"https:\/\/www.omegaeuropeanmasters.com\/fr\/tickets\/tickets\" target=\"_blank\" rel=\"sponsorised nofollow noopener\"><img decoding=\"async\" src=\"data:image\/svg+xml,%3Csvg%20xmlns=\" http:=\"\" class=\"img-responsive\" alt=\"\" data-lazy-src=\"https:\/\/www.europesays.com\/fr\/wp-content\/uploads\/2025\/08\/omegamasters-e02-billetterie-om25-1170x275-1.jpg\"\/><\/a><\/p>\n<p>\u00a9Stuart Franklin\/ Getty AFP<\/p>\n<p>\t\t\t<script async src=\"\/\/www.instagram.com\/embed.js\"><\/script><\/p>\n","protected":false},"excerpt":{"rendered":"Partager cet article Partager la publication \u00ab\u00a0Du beau monde d\u00e9j\u00e0 confirm\u00e9 \u00e0 l\u2019Omega European Masters pour les adieux&hellip;\n","protected":false},"author":2,"featured_media":315826,"comment_status":"","ping_status":"","sticky":false,"template":"","format":"standard","meta":{"footnotes":""},"categories":[1418],"tags":[1011,27,1472,60],"class_list":{"0":"post-315825","1":"post","2":"type-post","3":"status-publish","4":"format-standard","5":"has-post-thumbnail","7":"category-golf","8":"tag-fr","9":"tag-france","10":"tag-golf","11":"tag-sports"},"share_on_mastodon":{"url":"https:\/\/pubeurope.com\/@fr\/115020477544602375","error":""},"_links":{"self":[{"href":"https:\/\/www.europesays.com\/fr\/wp-json\/wp\/v2\/posts\/315825","targetHints":{"allow":["GET"]}}],"collection":[{"href":"https:\/\/www.europesays.com\/fr\/wp-json\/wp\/v2\/posts"}],"about":[{"href":"https:\/\/www.europesays.com\/fr\/wp-json\/wp\/v2\/types\/post"}],"author":[{"embeddable":true,"href":"https:\/\/www.europesays.com\/fr\/wp-json\/wp\/v2\/users\/2"}],"replies":[{"embeddable":true,"href":"https:\/\/www.europesays.com\/fr\/wp-json\/wp\/v2\/comments?post=315825"}],"version-history":[{"count":0,"href":"https:\/\/www.europesays.com\/fr\/wp-json\/wp\/v2\/posts\/315825\/revisions"}],"wp:featuredmedia":[{"embeddable":true,"href":"https:\/\/www.europesays.com\/fr\/wp-json\/wp\/v2\/media\/315826"}],"wp:attachment":[{"href":"https:\/\/www.europesays.com\/fr\/wp-json\/wp\/v2\/media?parent=315825"}],"wp:term":[{"taxonomy":"category","embeddable":true,"href":"https:\/\/www.europesays.com\/fr\/wp-json\/wp\/v2\/categories?post=315825"},{"taxonomy":"post_tag","embeddable":true,"href":"https:\/\/www.europesays.com\/fr\/wp-json\/wp\/v2\/tags?post=315825"}],"curies":[{"name":"wp","href":"https:\/\/api.w.org\/{rel}","templated":true}]}}