{"id":315827,"date":"2025-08-13T08:19:12","date_gmt":"2025-08-13T08:19:12","guid":{"rendered":"https:\/\/www.europesays.com\/fr\/315827\/"},"modified":"2025-08-13T08:19:12","modified_gmt":"2025-08-13T08:19:12","slug":"un-avenir-a-long-terme-pour-le-beach-pro-tour-a-montreal","status":"publish","type":"post","link":"https:\/\/www.europesays.com\/fr\/315827\/","title":{"rendered":"Un avenir \u00e0 long terme pour le Beach Pro Tour \u00e0 Montr\u00e9al?"},"content":{"rendered":"<p><strong>Cette fois, l\u2019objectif est clair: faire de Montr\u00e9al une destination annuelle pour le volleyball de plage avec le Beach Pro Tour.<\/strong>\u00a0<\/p>\n<p class=\"toreadalso-fromEMP\"><strong>\u2022 \u00c0 lire aussi: <\/strong><a href=\"https:\/\/www.journaldemontreal.com\/2025\/08\/12\/montreal-passe-en-mode-volleyball-de-plage\" target=\"b04c7f44-f459-49e0-8716-4c878ec11c6d\" rel=\"nofollow noopener\"><strong>Montr\u00e9al passe en mode volleyball de plage<\/strong><\/a><\/p>\n<p>Dans cette veine, Joseph Limare, directeur g\u00e9n\u00e9ral de Beach Volleyball \u00c9v\u00e9nement, n\u2019\u00e9tait pas peu fier de confirmer qu\u2019une entente de quatre ans, incluant 2025, \u00e9tait en place pour pr\u00e9senter ce tournoi international au parc Jean-Drapeau.<\/p>\n<p>\u00abD\u00e8s nos premi\u00e8res discussions avec Volleyball World, il y a un peu plus d\u2019un an, nous nous sommes positionn\u00e9s dans le calendrier, a expos\u00e9 M. Limare en entrevue avec Le Journal, mardi. On souhaitait une date nous permettant de rester dans le calendrier, ind\u00e9pendamment des Jeux olympiques. En demeurant ainsi au mois d\u2019ao\u00fbt, on pourrait m\u00eame \u00eatre la premi\u00e8re \u00e9preuve du Pro Tour apr\u00e8s les Jeux de Los Angeles, en 2028.\u00bb<\/p>\n<p>  Assurer la p\u00e9rennit\u00e9<\/p>\n<p>Si l\u2019\u00e9v\u00e9nement n\u2019avait pas \u00e9t\u00e9 pr\u00e9sent\u00e9 l\u2019an dernier, ce n\u2019est d\u2019ailleurs pas n\u00e9cessairement en raison des Jeux olympiques de Paris, car il y avait aussi certains enjeux financiers. Pour 2025, on a \u00e9tabli de nouvelles bases en confiant la promotion au groupe Tonic, qui organise d\u00e9j\u00e0, notamment, le Marathon de Montr\u00e9al et les Grands Prix cyclistes de Qu\u00e9bec et de Montr\u00e9al.<\/p>\n<p>\u00abOn veut r\u00e9fl\u00e9chir, avec le parc Jean-Drapeau, pour imaginer comment on pourrait agrandir afin d\u2019avoir un site \u00e9v\u00e9nementiel permettant d\u2019assurer encore plus la p\u00e9rennit\u00e9\u00bb, a pr\u00e9cis\u00e9 M. Limare, tr\u00e8s optimiste quant au succ\u00e8s \u00e0 long terme.<\/p>\n","protected":false},"excerpt":{"rendered":"Cette fois, l\u2019objectif est clair: faire de Montr\u00e9al une destination annuelle pour le volleyball de plage avec le&hellip;\n","protected":false},"author":2,"featured_media":315828,"comment_status":"","ping_status":"","sticky":false,"template":"","format":"standard","meta":{"footnotes":""},"categories":[1417],"tags":[1011,27,60,1470,1469],"class_list":{"0":"post-315827","1":"post","2":"type-post","3":"status-publish","4":"format-standard","5":"has-post-thumbnail","7":"category-volley","8":"tag-fr","9":"tag-france","10":"tag-sports","11":"tag-volley","12":"tag-volleyball"},"share_on_mastodon":{"url":"https:\/\/pubeurope.com\/@fr\/115020481363446548","error":""},"_links":{"self":[{"href":"https:\/\/www.europesays.com\/fr\/wp-json\/wp\/v2\/posts\/315827","targetHints":{"allow":["GET"]}}],"collection":[{"href":"https:\/\/www.europesays.com\/fr\/wp-json\/wp\/v2\/posts"}],"about":[{"href":"https:\/\/www.europesays.com\/fr\/wp-json\/wp\/v2\/types\/post"}],"author":[{"embeddable":true,"href":"https:\/\/www.europesays.com\/fr\/wp-json\/wp\/v2\/users\/2"}],"replies":[{"embeddable":true,"href":"https:\/\/www.europesays.com\/fr\/wp-json\/wp\/v2\/comments?post=315827"}],"version-history":[{"count":0,"href":"https:\/\/www.europesays.com\/fr\/wp-json\/wp\/v2\/posts\/315827\/revisions"}],"wp:featuredmedia":[{"embeddable":true,"href":"https:\/\/www.europesays.com\/fr\/wp-json\/wp\/v2\/media\/315828"}],"wp:attachment":[{"href":"https:\/\/www.europesays.com\/fr\/wp-json\/wp\/v2\/media?parent=315827"}],"wp:term":[{"taxonomy":"category","embeddable":true,"href":"https:\/\/www.europesays.com\/fr\/wp-json\/wp\/v2\/categories?post=315827"},{"taxonomy":"post_tag","embeddable":true,"href":"https:\/\/www.europesays.com\/fr\/wp-json\/wp\/v2\/tags?post=315827"}],"curies":[{"name":"wp","href":"https:\/\/api.w.org\/{rel}","templated":true}]}}