{"id":315829,"date":"2025-08-13T08:20:11","date_gmt":"2025-08-13T08:20:11","guid":{"rendered":"https:\/\/www.europesays.com\/fr\/315829\/"},"modified":"2025-08-13T08:20:11","modified_gmt":"2025-08-13T08:20:11","slug":"juan-ignacio-brex-et-le-bon-air-de-litalie-a-la-rencontre-du-nouveau-centre-du-rct","status":"publish","type":"post","link":"https:\/\/www.europesays.com\/fr\/315829\/","title":{"rendered":"Juan Ignacio Brex et le bon air de l\u2019Italie: \u00e0 la rencontre du nouveau centre du RCT"},"content":{"rendered":"<p>Sur sa terre natale, le souriant Juan Ignacio Brex aurait peut-\u00eatre fini ing\u00e9nieur ou architecte, comme ses fr\u00e8res. Pourtant, d\u2019apr\u00e8s ses propres mots, c\u2019est bien le r\u00f4le du \u00ab\u00a0mouton noir\u00a0\u00bb de la famille qu\u2019il a d\u00e9cid\u00e9 d\u2019endosser, en tentant d\u2019embrasser une carri\u00e8re de rugbyman.<\/p>\n<p>Troisi\u00e8me enfant d\u2019un papa ing\u00e9nieur et d\u2019une maman avocate, \u00ab\u00a0Nacho\u00a0\u00bb est n\u00e9 du c\u00f4t\u00e9 de Buenos Aires, le 26 mai 1992, avec un ballon de rugby dans les mains. P\u00e8re, fr\u00e8re, oncle ou cousins s\u2019\u00e9taient essay\u00e9s \u00e0 la balle ovale avant lui. Et, logiquement, la tradition allait se perp\u00e9tuer avec le petit Juan Ignacio. \u00ab\u00a0J\u2019ai commenc\u00e9 quand j\u2019avais 4 ans, \u00e0 San Cirano, rembobine le gaillard aux cheveux courts. C\u2019est le club de ma vie, de mon c\u0153ur.\u00a0\u00bb<\/p>\n<p>Dans le pays de football qu\u2019est l\u2019Argentine, le jeune fait le choix du casque, du camphre et des straps: \u00ab\u00a0Enfant, je jouais au foot et au rugby. Mais lorsque les matches ont commenc\u00e9 \u00e0 se disputer le samedi, il fallait choisir\u2026\u00a0\u00bb Biberonn\u00e9 au poste d\u2019arri\u00e8re, puis replac\u00e9 au centre \u00e0 ses 17 ans, ses mod\u00e8les d\u2019alors sont Jason Robinson, Felipe Contepomi et Ma\u2019a Nonu. Signe du destin, les deux derniers porteront les couleurs du RCT quelque temps plus tard tandis que \u00ab\u00a0Nacho\u00a0\u00bb, lui, \u00e9tait encore tr\u00e8s loin de la plus belle rade d\u2019Europe.<\/p>\n<p>24 ans\u2026 et toujours dans son petit club d\u2019enfance<\/p>\n<p>Car si le trois-quarts a d\u00e9j\u00e0 connu les s\u00e9lections nationales U20, \u00e0 VII et \u00ab\u00a0B\u00a0\u00bb de l\u2019Argentine, il n\u2019a, \u00e0 24 ans, toujours pas explos\u00e9 \u00e0 haut niveau. \u00ab\u00a0C\u2019\u00e9tait tr\u00e8s difficile de jouer \u00e0 VII mais \u00e7a m\u2019a beaucoup aid\u00e9 sur le travail individuel, tout en me donnant plus d\u2019exp\u00e9rience.\u00a0\u00bb<\/p>\n<p>Il prend alors le pari de rejoindre une modeste formation de premi\u00e8re division italienne: Viadana. C\u2019est Ulises Gamboa, ex-joueur de San Cirano, qui le ram\u00e8ne en Lombardie. \u00ab\u00a0Comme on dit chez moi, le train ne passe qu\u2019une fois. Je me suis dit que je n\u2019aurais peut-\u00eatre plus cette opportunit\u00e9, d\u2019autant que je r\u00eavais d\u2019aller en Europe.\u00a0\u00bb<\/p>\n<p>Blessures, Masi et \u00e9volution<\/p>\n<p>Il faudra dix-huit mois \u00e0 l\u2019Argentin pour faire son trou et \u00e9veiller l\u2019attention de la plus grosse \u00e9curie du pays, le Benetton Tr\u00e9vise.<\/p>\n<p>\u00ab\u00a0J\u2019\u00e9tais un joueur diff\u00e9rent \u00e0 l\u2019\u00e9poque, reconna\u00eet la recrue du RCT. J\u2019\u00e9tais un porteur de balle. Je jouais davantage les un contre un, j\u2019essayais de trouver des trous pour moi.\u00a0\u00bb Des blessures aux poignets \u2013 et la difficult\u00e9 \u00e0 faire des passes qui en d\u00e9coulait \u00e0 la reprise \u2013 ainsi que la rencontre avec Andrea Masi (lire ci-contre) le poussent toutefois \u00e0 d\u00e9velopper sa technique individuelle. Jusqu\u2019\u00e0 devenir davantage \u00ab\u00a0un animateur, qui essaye de trouver les espaces pour ses partenaires \u00ab\u00a0. Alors qu\u2019il approche de la trentaine, cette \u00e9volution pla\u00eet \u00e0 l\u2019\u00e9quipe d\u2019Italie. \u00ab\u00a0J\u2019avais le passeport gr\u00e2ce \u00e0 mes grands-parents, qui \u00e9taient Siciliens, et j\u2019avais d\u00e9j\u00e0 pass\u00e9 plusieurs ann\u00e9es en Italie. Quand Franco Smith (l\u2019ancien s\u00e9lectionneur de La Nazionale, Ndlr) m\u2019a appel\u00e9, je n\u2019avais pas de doute. C\u2019\u00e9tait mon ambition depuis mon arriv\u00e9e. Il fallait juste que je joue avec l\u2019\u00e9quipe \u00e0 VII durant le tournoi de qualification olympique (en 2019).\u00a0\u00bb<\/p>\n<p>Bient\u00f4t francophone?<\/p>\n<p>Aujourd\u2019hui, \u00e0 33 ans, Juan Ignacio Brex (1,89m; 98kg) cumule 46 capes et trois capitanats avec sa s\u00e9lection d\u2019adoption. Il estime avoir pleinement \u00e9pous\u00e9 son c\u00f4t\u00e9 transalpin: \u00ab\u00a0Mes deux enfants sont n\u00e9s \u00e0 Tr\u00e9vise. Quand mon fils a commenc\u00e9 \u00e0 aller \u00e0 l\u2019\u00e9cole, pour l\u2019aider, nous ne parlions qu\u2019italien \u00e0 la maison avec ma femme, elle aussi Argentine.\u00a0\u00bb<\/p>\n<p>Et maintenant que la petite famille s\u2019est install\u00e9e dans le Var (pour deux ans minimum), c\u2019est dans la culture locale qu\u2019elle devra baigner. Le n\u00e9o-Toulonnais se donne d\u2019ailleurs quatre mois pour parler un fran\u00e7ais correct. Avec toute la motivation d\u2019un joueur ayant pass\u00e9 le cap du tr\u00e8s haut niveau sur le tard, \u00e0 force de pers\u00e9v\u00e9rance.<\/p>\n<p>Plus fort que jamais, malgr\u00e9 ses 33 ans. Voil\u00e0 donc tout le paradoxe de ce centre italo-argentin qui assure avoir \u00ab\u00a0l\u2019impression d\u2019\u00eatre encore tr\u00e8s jeune\u00a0\u00bb. Il y a quand m\u00eame pire, comme \u00ab\u00a0mouton noir\u00a0\u00bb.<\/p>\n<p>            \u00ab\u00a0C\u2019est un leader\u00a0\u00bb<\/p>\n<p>Environ deux ans apr\u00e8s son d\u00e9part de Tr\u00e9vise, Andrea Masi a donc retrouv\u00e9 \u00ab\u00a0Nacho\u00a0\u00bb Brex au pied du mont Faron. Le technicien italien, en charge des trois-quarts du RCT, analyse l\u2019arriv\u00e9e de son compatriote: \u00ab\u00a0Il y a toujours besoin de personnalit\u00e9s tr\u00e8s importantes dans un groupe. Et Nacho est quelqu\u2019un comme \u00e7a. Il est sympa dans la vie et c\u2019est un leader, un joueur qui aime prendre ses responsabilit\u00e9s. Il \u00e9tait dans ce r\u00f4le \u00e0 Tr\u00e9vise et il l\u2019est avec l\u2019Italie.\u00a0\u00bb<\/p>\n<p>S\u2019il va selon lui \u00ab\u00a0s\u2019int\u00e9grer rapidement\u00a0\u00bb au sein du collectif varois, le trois-quarts d\u2019origine argentine devrait \u00e9galement apporter quelque chose de \u00ab\u00a0diff\u00e9rent\u00a0\u00bb au centre du terrain. Celui-ci \u00e9tait largement occup\u00e9 l\u2019an dernier par le All Black Leicester Fainga\u2019anuku, dans un style bien plus d\u00e9m\u00e9nageur: \u00ab\u00a0Ce n\u2019est pas facile de remplacer Leicester dans son profil. Il va s\u00fbrement falloir que l\u2019on joue un peu plus au ballon, qu\u2019on le d\u00e9place peut-\u00eatre davantage compar\u00e9 aux deux derni\u00e8res saisons. Et nous avons de bons joueurs dans ce registre-l\u00e0. C\u2019est le cas de Nacho, qui sait tr\u00e8s bien faire jouer autour de lui.\u00a0\u00bb <\/p>\n<p>Et de poursuivre: \u00ab\u00a0Avec son exp\u00e9rience, il peut nous apporter sur les choix, sur la gestion du momentum dans les matches. Il pourra d\u2019ailleurs beaucoup aider notre num\u00e9ro 10, et il est aussi tr\u00e8s performant sur sa d\u00e9fense.\u00a0\u00bb\u00a0<\/p>\n<p>            Abonn\u00e9 au Tournoi des six nations<\/p>\n<p>Depuis sa premi\u00e8re titularisation dans le Tournoi des six nations, le 6 f\u00e9vrier 2021, \u00ab\u00a0Nacho\u00a0\u00bb Brex (33 ans, 46 capes) n\u2019a pas manqu\u00e9 un seul match de la Nazionale dans la comp\u00e9tition continentale, encha\u00eenant <strong>25<\/strong> <strong>titularisations<\/strong> <strong>pour quatre essais<\/strong>. Au c\u00f4t\u00e9 du jeune Tommaso Menoncello, le centre fait ainsi figure de titulaire indiscutable: \u00ab\u00a0J\u2019essaye juste de faire mon travail de mani\u00e8re constante et consistante, souffle l\u2019int\u00e9ress\u00e9. Et toujours avec le sourire. Peut-\u00eatre que c\u2019est \u00e7a, le secret! (rires) \u00ab\u00a0<\/p>\n","protected":false},"excerpt":{"rendered":"Sur sa terre natale, le souriant Juan Ignacio Brex aurait peut-\u00eatre fini ing\u00e9nieur ou architecte, comme ses fr\u00e8res.&hellip;\n","protected":false},"author":2,"featured_media":315830,"comment_status":"","ping_status":"","sticky":false,"template":"","format":"standard","meta":{"footnotes":""},"categories":[1416],"tags":[1011,27,479,1468,60],"class_list":{"0":"post-315829","1":"post","2":"type-post","3":"status-publish","4":"format-standard","5":"has-post-thumbnail","7":"category-rugby","8":"tag-fr","9":"tag-france","10":"tag-rugby","11":"tag-rugby-football","12":"tag-sports"},"share_on_mastodon":{"url":"https:\/\/pubeurope.com\/@fr\/115020485321501220","error":""},"_links":{"self":[{"href":"https:\/\/www.europesays.com\/fr\/wp-json\/wp\/v2\/posts\/315829","targetHints":{"allow":["GET"]}}],"collection":[{"href":"https:\/\/www.europesays.com\/fr\/wp-json\/wp\/v2\/posts"}],"about":[{"href":"https:\/\/www.europesays.com\/fr\/wp-json\/wp\/v2\/types\/post"}],"author":[{"embeddable":true,"href":"https:\/\/www.europesays.com\/fr\/wp-json\/wp\/v2\/users\/2"}],"replies":[{"embeddable":true,"href":"https:\/\/www.europesays.com\/fr\/wp-json\/wp\/v2\/comments?post=315829"}],"version-history":[{"count":0,"href":"https:\/\/www.europesays.com\/fr\/wp-json\/wp\/v2\/posts\/315829\/revisions"}],"wp:featuredmedia":[{"embeddable":true,"href":"https:\/\/www.europesays.com\/fr\/wp-json\/wp\/v2\/media\/315830"}],"wp:attachment":[{"href":"https:\/\/www.europesays.com\/fr\/wp-json\/wp\/v2\/media?parent=315829"}],"wp:term":[{"taxonomy":"category","embeddable":true,"href":"https:\/\/www.europesays.com\/fr\/wp-json\/wp\/v2\/categories?post=315829"},{"taxonomy":"post_tag","embeddable":true,"href":"https:\/\/www.europesays.com\/fr\/wp-json\/wp\/v2\/tags?post=315829"}],"curies":[{"name":"wp","href":"https:\/\/api.w.org\/{rel}","templated":true}]}}