{"id":31583,"date":"2025-04-17T11:45:10","date_gmt":"2025-04-17T11:45:10","guid":{"rendered":"https:\/\/www.europesays.com\/fr\/31583\/"},"modified":"2025-04-17T11:45:10","modified_gmt":"2025-04-17T11:45:10","slug":"les-pays-de-lue-condamnent-linterdiction-de-la-marche-des-fiertes-en-hongrie","status":"publish","type":"post","link":"https:\/\/www.europesays.com\/fr\/31583\/","title":{"rendered":"Les pays de l&rsquo;UE condamnent l&rsquo;interdiction de la Marche des fiert\u00e9s en Hongrie"},"content":{"rendered":"<p><img decoding=\"async\" class=\"c-ad__placeholder__logo\" src=\"https:\/\/www.europesays.com\/fr\/wp-content\/uploads\/2025\/03\/logo-euronews-grey-6-180x22.svg.svg+xml\" width=\"180\" height=\"22\" alt=\"\" loading=\"lazy\"\/>PUBLICIT\u00c9<\/p>\n<p>Les r\u00e9actions politiques contre la nouvelle loi hongroise interdisant la c\u00e9l\u00e9bration publique des parades des fiert\u00e9s sont mont\u00e9s d&rsquo;un cran, avec un nombre croissant de pays d\u00e9non\u00e7ant la l\u00e9gislation comme une attaque contre les droits de l&rsquo;homme et le droit de r\u00e9union.<\/p>\n<p><strong>La Belgique, les Pays-Bas et le Luxembourg<\/strong>, ont publi\u00e9 une d\u00e9claration de condamnation lue lors d&rsquo;une r\u00e9union informelle des ministres de l&rsquo;\u00e9galit\u00e9 mercredi, ont d\u00e9clar\u00e9 plusieurs diplomates \u00e0 Euronews.<\/p>\n<p><img decoding=\"async\" src=\"https:\/\/www.europesays.com\/fr\/wp-content\/uploads\/2025\/03\/icon-cross-10x10-grey-6.svg.svg+xml\" width=\"10\" height=\"10\" alt=\"Close advertising\" fetchpriority=\"high\" loading=\"lazy\"\/><\/p>\n<p>\u00ab\u00a0Nous sommes pr\u00e9occup\u00e9s par les lois adopt\u00e9es en Hongrie qui sapent les droits des LGBTIQ+ et restreignent le droit de r\u00e9union pacifique et la libert\u00e9 d&rsquo;expression\u00a0\u00bb, ont-ils d\u00e9clar\u00e9.<\/p>\n<p>\u00ab\u00a0Respecter et prot\u00e9ger les droits de l&rsquo;homme et les libert\u00e9s fondamentales de tous, y compris des personnes LGBTIQ+, est inh\u00e9rent \u00e0 l&rsquo;appartenance \u00e0 la famille europ\u00e9enne. C&rsquo;est notre responsabilit\u00e9 et elle est partag\u00e9e par les Etats membres et les institutions europ\u00e9ennes\u00a0\u00bb.<\/p>\n<p><strong>L&rsquo;Autriche, la R\u00e9publique tch\u00e8que, le Danemark, l&rsquo;Estonie, la Finlande, l&rsquo;Allemagne, l&rsquo;Irlande, la Lituanie, le Portugal, la Slov\u00e9nie, l&rsquo;Espagne et la Su\u00e8de<\/strong> ont soutenu la d\u00e9claration du BENELUX.<\/p>\n<p><strong>La France<\/strong> a \u00e9mis un bl\u00e2me \u00ab\u00a0ferme\u00a0\u00bb de son c\u00f4t\u00e9, a indiqu\u00e9 un diplomate, tandis que la <strong>Gr\u00e8ce et Chypre<\/strong> ont critiqu\u00e9 les \u00ab\u00a0r\u00e9cents d\u00e9veloppements\u00a0\u00bb \u00e0 travers l&rsquo;Union, en utilisant un langage large qui ne mentionnait pas la Hongrie mais qui \u00e9tait compris comme portant sur le m\u00eame sujet.<\/p>\n<p>Cette r\u00e9action intervient apr\u00e8s l&rsquo;adoption par le parlement hongrois d&rsquo;un amendement \u00e0 la constitution <a href=\"https:\/\/fr.euronews.com\/2025\/04\/14\/hongrie-non-a-la-pride-oui-aux-seuls-deux-sexes-et-primaute-des-droits-des-enfants\" target=\"_blank\" rel=\"noopener\"><strong>codifiant la loi<\/strong><\/a> que le parti au pouvoir a fait adopter rapidement en mars. Cette loi interdit les manifestations publiques consid\u00e9r\u00e9es comme contraires \u00e0 la loi sur la protection de l&rsquo;enfance, ce qui restreint fortement les repr\u00e9sentations de l&rsquo;homosexualit\u00e9 et du changement de sexe.<\/p>\n<p>Les \u00e9v\u00e9nements organis\u00e9s par la communaut\u00e9 LGBTQ+, tels que la parade annuelle de la fiert\u00e9 \u00e0 Budapest qui attire des milliers de visiteurs, ont \u00e9t\u00e9 interdits en vertu de la nouvelle loi.<\/p>\n<p>Le texte permettra aux autorit\u00e9s d&rsquo;utiliser des outils de <strong>reconnaissance faciale<\/strong> pour identifier les personnes qui organisent des \u00e9v\u00e9nements interdits ou y assistent, sous peine d&rsquo;amendes pouvant atteindre 200 000 forints hongrois (485 euros). Si elles ne sont pas pay\u00e9es, les amendes seront per\u00e7ues comme des imp\u00f4ts.<\/p>\n<p>En outre, l&rsquo;amendement constitutionnel approuv\u00e9 lundi d\u00e9clare que les droits de l&rsquo;enfant priment sur tout autre droit fondamental (\u00e0 l&rsquo;exception du droit \u00e0 la vie) et reconna\u00eet deux sexes, masculin et f\u00e9minin, ce qui revient \u00e0 nier les identit\u00e9s transgenres et intersexu\u00e9es. L&rsquo;amendement permet \u00e9galement aux autorit\u00e9s de suspendre, dans certaines circonstances, la double nationalit\u00e9 de certains ressortissants hongrois.<\/p>\n<p>Budapest contre Bruxelles<\/p>\n<p>Ces changements radicaux s&rsquo;inscrivent dans le programme de <strong>Viktor Orb\u00e1n<\/strong>. Le Premier ministre, qui se d\u00e9crit lui-m\u00eame comme \u00ab\u00a0illib\u00e9ral\u00a0\u00bb, a attaqu\u00e9 \u00e0 plusieurs reprises ce qu&rsquo;il appelle \u00ab\u00a0l&rsquo;id\u00e9ologie woke\u00a0\u00bb, en introduisant des lois ciblant la communaut\u00e9 LGBTQ+, les migrants et la soci\u00e9t\u00e9 civile.<\/p>\n<p>\u00ab\u00a0Nous prot\u00e9geons le d\u00e9veloppement des enfants, nous affirmons qu&rsquo;une personne na\u00eet homme ou femme et nous nous opposons fermement aux drogues et \u00e0 l&rsquo;ing\u00e9rence \u00e9trang\u00e8re\u00a0\u00bb, a-t-il d\u00e9clar\u00e9 apr\u00e8s le vote au Parlement. \u00ab\u00a0En Hongrie, c&rsquo;est le bon sens qui compte.\u00a0\u00bb<\/p>\n<p>Les initiatives controvers\u00e9es de Viktor Orb\u00e1n ont creus\u00e9 le foss\u00e9 entre Budapest et Bruxelles. En d\u00e9but de semaine, la Commission europ\u00e9enne a exprim\u00e9 son soutien \u00e0 la communaut\u00e9 LGBTQ+ et a d\u00e9clar\u00e9 qu&rsquo;elle prendrait des mesures juridiques \u00ab\u00a0si n\u00e9cessaire\u00a0\u00bb apr\u00e8s avoir examin\u00e9 la loi.<\/p>\n<p>\u00ab\u00a0Pour l&rsquo;instant, nous devons analyser les changements (constitutionnels) parce qu&rsquo;ils couvrent plusieurs sujets et que nous devons les examiner tr\u00e8s attentivement pour \u00eatre en mesure de les consid\u00e9rer du point de vue du droit europ\u00e9en\u00a0\u00bb, a d\u00e9clar\u00e9 un porte-parole.<\/p>\n<p>Le porte-parole n&rsquo;a pas fourni de calendrier pour l&rsquo;ouverture de la proc\u00e9dure.<\/p>\n<p><img decoding=\"async\" class=\"c-ad__placeholder__logo\" src=\"https:\/\/www.europesays.com\/fr\/wp-content\/uploads\/2025\/03\/logo-euronews-grey-6-180x22.svg.svg+xml\" width=\"180\" height=\"22\" alt=\"\" loading=\"lazy\"\/>PUBLICIT\u00c9<\/p>\n<p>Outre d&rsquo;\u00e9ventuelles violations des droits fondamentaux, l&rsquo;interdiction de Pride fait \u00e9galement l&rsquo;objet d&rsquo;un examen minutieux en raison de son incompatibilit\u00e9 potentielle avec la <strong>loi sur l&rsquo;intelligence artificielle<\/strong>, qui fixe des limites strictes \u00e0 la mani\u00e8re dont les forces de l&rsquo;ordre peuvent d\u00e9ployer la reconnaissance faciale.<\/p>\n<p>Si un proc\u00e8s devait avoir lieu, il s&rsquo;ajouterait \u00e0 une s\u00e9rie de fronts ouverts.<\/p>\n<p>La loi sur la protection de l&rsquo;enfance, la loi de 2021 qui sous-tend l&rsquo;interdiction du Pride, fait d\u00e9j\u00e0 l&rsquo;objet d&rsquo;une action en justice devant la Cour de justice de l&rsquo;Union europ\u00e9enne (CJUE) lanc\u00e9e par la Commission conjointement avec <a href=\"https:\/\/fr.euronews.com\/my-europe\/2023\/04\/07\/15-etats-membres-de-lue-sassocient-a-la-procedure-contre-la-contre-la-loi-hongroise-anti-l\" target=\"_blank\" rel=\"noopener\"><strong>15 \u00c9tats membres<\/strong><\/a>. (La liste des pays soutenant cette action est presque identique \u00e0 celle qui a soutenu la d\u00e9claration du BENELUX \u00e0 Varsovie).<\/p>\n<p>Par ailleurs, la Commission a poursuivi la Hongrie pour sa <a href=\"https:\/\/fr.euronews.com\/my-europe\/2024\/10\/03\/lue-intente-une-action-en-justice-contre-la-hongrie-au-sujet-de-sa-loi-controversee-sur-la\" target=\"_blank\" rel=\"noopener\"><strong>\u00ab\u00a0loi sur la souverainet\u00e9 nationale\u00a0\u00bb<\/strong><\/a> controvers\u00e9e et d\u00e9duit une <a href=\"https:\/\/fr.euronews.com\/my-europe\/2024\/09\/18\/refus-de-payer-une-amende-par-la-hongrie-200-millions-deuros-seront-deduits-des-fonds-euro\" target=\"_blank\" rel=\"noopener\"><strong>amende journali\u00e8re d&rsquo;un million d&rsquo;euros<\/strong><\/a> impos\u00e9e par la CJCE en raison d&rsquo;un manquement \u00ab\u00a0sans pr\u00e9c\u00e9dent\u00a0\u00bb aux r\u00e8gles de l&rsquo;UE en mati\u00e8re d&rsquo;immigration et d&rsquo;asile.<\/p>\n<p><img decoding=\"async\" class=\"c-ad__placeholder__logo\" src=\"https:\/\/www.europesays.com\/fr\/wp-content\/uploads\/2025\/03\/logo-euronews-grey-6-180x22.svg.svg+xml\" width=\"180\" height=\"22\" alt=\"\" loading=\"lazy\"\/>PUBLICIT\u00c9<\/p>\n<p>Cette soustraction est appliqu\u00e9e \u00e0 la part du budget de l&rsquo;UE allou\u00e9e \u00e0 la Hongrie.<\/p>\n<p>Dans le m\u00eame temps, l&rsquo;adoption par Viktor Orb\u00e1n de positions favorables \u00e0 la Russie a contrari\u00e9 \u00e0 la fois la Commission et la majorit\u00e9 des \u00c9tats membres. <\/p>\n<p>Le mois dernier, Viktor Orb\u00e1n a \u00e9t\u00e9 le seul dirigeant \u00e0 refuser d&rsquo;approuver les conclusions communes <a href=\"https:\/\/fr.euronews.com\/my-europe\/2025\/03\/06\/les-dirigeants-de-lue-donnent-leur-accord-au-plan-de-la-commission-pour-renforcer-leur-def\" target=\"_blank\" rel=\"noopener\"><strong>sur l&rsquo;Ukraine<\/strong><\/a>. Rien que cette ann\u00e9e, la Hongrie <a href=\"https:\/\/fr.euronews.com\/my-europe\/2025\/01\/27\/la-hongrie-renonce-a-sa-menace-de-veto-et-autorise-la-reconduction-des-sanctions-de-lue-a-\" target=\"_blank\" rel=\"noopener\"><strong>a menac\u00e9<\/strong><\/a> \u00e0 deux reprises de bloquer le renouvellement des sanctions contre la Russie, ce qui a conduit les diplomates et les fonctionnaires \u00e0 envisager un plan B en cas de veto \u00e0 la fin du mois de juillet.<\/p>\n<p>En outre, la Hongrie est le seul pays qui s&rsquo;oppose \u00e0 la demande d&rsquo;adh\u00e9sion de l&rsquo;Ukraine, allant jusqu&rsquo;\u00e0 lancer une consultation publique sur la question. Des <strong>panneaux d&rsquo;affichage promouvant le<\/strong> scrutin y pr\u00e9sentent notamment le pr\u00e9sident Volodymyr Zelensky et le visage de la pr\u00e9sidente de la Commission europ\u00e9enne, Ursula von der Leyen.<\/p>\n<p><img decoding=\"async\" class=\"c-ad__placeholder__logo\" src=\"https:\/\/www.europesays.com\/fr\/wp-content\/uploads\/2025\/03\/logo-euronews-grey-6-180x22.svg.svg+xml\" width=\"180\" height=\"22\" alt=\"\" loading=\"lazy\"\/>PUBLICIT\u00c9<\/p>\n","protected":false},"excerpt":{"rendered":"PUBLICIT\u00c9 Les r\u00e9actions politiques contre la nouvelle loi hongroise interdisant la c\u00e9l\u00e9bration publique des parades des fiert\u00e9s sont&hellip;\n","protected":false},"author":2,"featured_media":31584,"comment_status":"","ping_status":"","sticky":false,"template":"","format":"standard","meta":{"footnotes":""},"categories":[1586],"tags":[11,2196,1777,674,1779,1011,27,10716,804,12,25,1778,364],"class_list":{"0":"post-31583","1":"post","2":"type-post","3":"status-publish","4":"format-standard","5":"has-post-thumbnail","7":"category-europe","8":"tag-actualites","9":"tag-commission-europeenne","10":"tag-eu","11":"tag-europe","12":"tag-european-union","13":"tag-fr","14":"tag-france","15":"tag-gay-pride","16":"tag-hongrie","17":"tag-news","18":"tag-republique-francaise","19":"tag-ue","20":"tag-union-europeenne"},"share_on_mastodon":{"url":"https:\/\/pubeurope.com\/@fr\/114353138854974225","error":""},"_links":{"self":[{"href":"https:\/\/www.europesays.com\/fr\/wp-json\/wp\/v2\/posts\/31583","targetHints":{"allow":["GET"]}}],"collection":[{"href":"https:\/\/www.europesays.com\/fr\/wp-json\/wp\/v2\/posts"}],"about":[{"href":"https:\/\/www.europesays.com\/fr\/wp-json\/wp\/v2\/types\/post"}],"author":[{"embeddable":true,"href":"https:\/\/www.europesays.com\/fr\/wp-json\/wp\/v2\/users\/2"}],"replies":[{"embeddable":true,"href":"https:\/\/www.europesays.com\/fr\/wp-json\/wp\/v2\/comments?post=31583"}],"version-history":[{"count":0,"href":"https:\/\/www.europesays.com\/fr\/wp-json\/wp\/v2\/posts\/31583\/revisions"}],"wp:featuredmedia":[{"embeddable":true,"href":"https:\/\/www.europesays.com\/fr\/wp-json\/wp\/v2\/media\/31584"}],"wp:attachment":[{"href":"https:\/\/www.europesays.com\/fr\/wp-json\/wp\/v2\/media?parent=31583"}],"wp:term":[{"taxonomy":"category","embeddable":true,"href":"https:\/\/www.europesays.com\/fr\/wp-json\/wp\/v2\/categories?post=31583"},{"taxonomy":"post_tag","embeddable":true,"href":"https:\/\/www.europesays.com\/fr\/wp-json\/wp\/v2\/tags?post=31583"}],"curies":[{"name":"wp","href":"https:\/\/api.w.org\/{rel}","templated":true}]}}