{"id":315833,"date":"2025-08-13T08:23:15","date_gmt":"2025-08-13T08:23:15","guid":{"rendered":"https:\/\/www.europesays.com\/fr\/315833\/"},"modified":"2025-08-13T08:23:15","modified_gmt":"2025-08-13T08:23:15","slug":"motogp-alex-rins-en-peril-yamaha-serait-pret-a-mettre-fin-a-son-contrat-pour-laisser-jack-miller-sinstaller-en-2025","status":"publish","type":"post","link":"https:\/\/www.europesays.com\/fr\/315833\/","title":{"rendered":"MotoGP, Alex Rins en p\u00e9ril : Yamaha serait pr\u00eat \u00e0 mettre fin \u00e0 son contrat pour laisser Jack Miller s&rsquo;installer en 2025"},"content":{"rendered":"<p><strong>Le MotoGP pourrait perdre un autre pilote espagnol la<br \/>\nsaison prochaine, et cette fois, c\u2019est Alex Rins qui se retrouve<br \/>\nsur la sellette. Selon le m\u00e9dia britannique Crash.net, Yamaha<br \/>\nenvisagerait s\u00e9rieusement de verser \u00e0 Rins l\u2019ann\u00e9e restante de son<br \/>\ncontrat et de mettre fin \u00e0 ses services pour la saison 2025. Une<br \/>\nd\u00e9cision qui pourrait entra\u00eener des r\u00e9percussions politiques et<br \/>\nsportives importantes pour le championnat.<\/strong><\/p>\n<p>Cette man\u0153uvre viserait \u00e0 permettre \u00e0 <strong>Jack<br \/>\nMiller<\/strong> de rester chez <strong>Yamaha<\/strong> pour la<br \/>\nsaison prochaine. L\u2019Australien, qui a d\u00e9j\u00e0 rejet\u00e9 plusieurs offres<br \/>\npour rejoindre le Superbike, a clairement indiqu\u00e9 que son avenir en<br \/>\nMotoGP est d\u00e9sormais li\u00e9 \u00e0 <strong>Yamaha<\/strong>. L\u2019incertitude<br \/>\nr\u00e9side maintenant dans la question de savoir s\u2019il sera promu pilote<br \/>\nd\u2019usine aux c\u00f4t\u00e9s de <strong>Fabio Quartararo<\/strong>. Les<br \/>\nn\u00e9gociations autour de ce transfert s\u2019annoncent donc cruciales.<\/p>\n<p><a href=\"https:\/\/www.paddock-gp.com\/motogp-alex-rins-ne-rassure-pas-fabio-quartararo-on-roule-avec-un-projet-en-fin-de-vie-et-ca-se-sent\/\" rel=\"nofollow noopener\" target=\"_blank\"><br \/>\n<strong>Rins<\/strong><\/a>, qui \u00e9volue chez <strong>Yamaha<\/strong><br \/>\ndepuis deux saisons, n\u2019a pas r\u00e9ussi \u00e0 briller de mani\u00e8re<br \/>\nsignificative. Avec seulement trois top-10 au compteur et une<br \/>\nhuiti\u00e8me place comme meilleur r\u00e9sultat \u00e0 Sepang, il se trouve<br \/>\nactuellement \u00e0 la dix-huiti\u00e8me place du championnat avec seulement<br \/>\n42 points.<\/p>\n<p>Sa carri\u00e8re en MotoGP semble de plus en plus incertaine,<br \/>\nnotamment en raison des <strong>s\u00e9quelles de sa grave blessure au<br \/>\nMugello<\/strong>. Ses d\u00e9clarations d\u00e9primantes apr\u00e8s la course du<br \/>\n<strong>Sachsenring<\/strong>, o\u00f9 il a termin\u00e9 dernier, soulignent<br \/>\nla perte de motivation et de confiance du pilote espagnol.<\/p>\n<p><img loading=\"lazy\" decoding=\"async\" class=\"aligncenter\" src=\"https:\/\/www.europesays.com\/fr\/wp-content\/uploads\/2025\/08\/1755073394_504_500_333.jpeg\" alt=\"Rins R\u00e9publique Tch\u00e8que MotoGP 2025\" width=\"829\" height=\"552\"\/><\/p>\n<p><strong>Yamaha et Alex Rins : une<br \/>\n\u00e9quation compliqu\u00e9e pour une d\u00e9cision politique et<br \/>\nsportive<\/strong><\/p>\n<p><strong>Yamaha<\/strong>, bien qu\u2019ayant sign\u00e9 avec<br \/>\n<strong>Rins<\/strong> pour une ann\u00e9e suppl\u00e9mentaire, pourrait bien<br \/>\nd\u00e9cider de payer son contrat en entier pour le lib\u00e9rer. \u00c0 presque<br \/>\n<strong>30<\/strong> ans, et avec des r\u00e9sultats peu convaincants, la<br \/>\nd\u00e9cision pourrait marquer la fin de sa carri\u00e8re en MotoGP.<\/p>\n<p>De son c\u00f4t\u00e9, <strong>Jack Miller<\/strong> a renforc\u00e9 sa position<br \/>\nchez <strong>Yamaha<\/strong> gr\u00e2ce \u00e0 ses performances solides,<br \/>\nnotamment lors de sa participation aux <a href=\"https:\/\/www.paddock-gp.com\/motogp-johann-zarco-la-consecration-hrc-suzuka-en-dit-long-sur-sa-place-dans-lecosysteme-honda\/\" rel=\"nofollow noopener\" target=\"_blank\"><br \/>\n<strong>8 Heures de Suzuka<\/strong><\/a>, o\u00f9 il a termin\u00e9 deuxi\u00e8me.<br \/>\nSa pr\u00e9sence continue est quasiment acquise, et il a d\u00e9j\u00e0 refus\u00e9<br \/>\nplusieurs propositions de Superbike. La grande question reste<br \/>\nd\u00e9sormais de savoir s\u2019il sera promu pilote officiel chez<br \/>\n<strong>Yamaha<\/strong>, malgr\u00e9 sa moins grande exp\u00e9rience avec la<br \/>\nmarque.<\/p>\n<p>Le d\u00e9part de <strong>Rins<\/strong> pourrait permettre \u00e0 <a href=\"https:\/\/www.paddock-gp.com\/motogp-pramac-face-a-un-dilemme-miller-ou-oliveira-qui-cedera-sa-yamaha-a-toprak\/\" rel=\"nofollow noopener\" target=\"_blank\"><br \/>\n<strong>Miguel Oliveira<\/strong><\/a> de rester dans l\u2019\u00e9quipe<br \/>\n<strong>Pramac<\/strong>, ou offrir \u00e0 <strong>Yamaha<\/strong><br \/>\nl\u2019opportunit\u00e9 d\u2019investir dans un jeune talent prometteur. Ce<br \/>\nchangement de pilote r\u00e9pondrait \u00e9galement \u00e0 une dynamique interne<br \/>\nau sein du MotoGP, o\u00f9 <a href=\"https:\/\/www.paddock-gp.com\/motogp-sous-liberty-media-un-pacte-sur-la-repartition-des-revenus-les-primes-et-la-gouvernance-du-championnat-se-negocie-avec-les-constructeurs\/\" rel=\"nofollow noopener\" target=\"_blank\"><br \/>\n<strong>Liberty Media<\/strong><\/a>, propri\u00e9taire des droits du<br \/>\nchampionnat, serait ravi de voir un pilote espagnol partir,<br \/>\nr\u00e9duisant ainsi la repr\u00e9sentation d\u2019une nationalit\u00e9 dominante dans<br \/>\nla cat\u00e9gorie.<\/p>\n<p>Avec une telle situation qui se profile, les d\u00e9cisions de<br \/>\n<strong>Yamaha<\/strong> et des pilotes \u00e0 venir risquent de modifier<br \/>\nla donne pour la saison 2025 du <a href=\"https:\/\/www.motogp.com\/en\" rel=\"nofollow noopener\" target=\"_blank\">MotoGP<\/a>.<\/p>\n<p><img loading=\"lazy\" decoding=\"async\" class=\"aligncenter\" src=\"https:\/\/www.europesays.com\/fr\/wp-content\/uploads\/2025\/08\/generated-image-30-1140x641.jpg\" alt=\"Image divis\u00e9e du pilote Pramac Jack Miller (\u00e0 gauche) et du pilote Yamaha Alex Rins (\u00e0 droite) au Grand Prix de R\u00e9publique tch\u00e8que 2025\" width=\"866\" height=\"487\"\/><\/p>\n","protected":false},"excerpt":{"rendered":"Le MotoGP pourrait perdre un autre pilote espagnol la saison prochaine, et cette fois, c\u2019est Alex Rins qui&hellip;\n","protected":false},"author":2,"featured_media":315834,"comment_status":"","ping_status":"","sticky":false,"template":"","format":"standard","meta":{"footnotes":""},"categories":[1413],"tags":[1011,27,1457,1456,60],"class_list":{"0":"post-315833","1":"post","2":"type-post","3":"status-publish","4":"format-standard","5":"has-post-thumbnail","7":"category-moto","8":"tag-fr","9":"tag-france","10":"tag-moto","11":"tag-motocycle","12":"tag-sports"},"share_on_mastodon":{"url":"https:\/\/pubeurope.com\/@fr\/115020497179804186","error":""},"_links":{"self":[{"href":"https:\/\/www.europesays.com\/fr\/wp-json\/wp\/v2\/posts\/315833","targetHints":{"allow":["GET"]}}],"collection":[{"href":"https:\/\/www.europesays.com\/fr\/wp-json\/wp\/v2\/posts"}],"about":[{"href":"https:\/\/www.europesays.com\/fr\/wp-json\/wp\/v2\/types\/post"}],"author":[{"embeddable":true,"href":"https:\/\/www.europesays.com\/fr\/wp-json\/wp\/v2\/users\/2"}],"replies":[{"embeddable":true,"href":"https:\/\/www.europesays.com\/fr\/wp-json\/wp\/v2\/comments?post=315833"}],"version-history":[{"count":0,"href":"https:\/\/www.europesays.com\/fr\/wp-json\/wp\/v2\/posts\/315833\/revisions"}],"wp:featuredmedia":[{"embeddable":true,"href":"https:\/\/www.europesays.com\/fr\/wp-json\/wp\/v2\/media\/315834"}],"wp:attachment":[{"href":"https:\/\/www.europesays.com\/fr\/wp-json\/wp\/v2\/media?parent=315833"}],"wp:term":[{"taxonomy":"category","embeddable":true,"href":"https:\/\/www.europesays.com\/fr\/wp-json\/wp\/v2\/categories?post=315833"},{"taxonomy":"post_tag","embeddable":true,"href":"https:\/\/www.europesays.com\/fr\/wp-json\/wp\/v2\/tags?post=315833"}],"curies":[{"name":"wp","href":"https:\/\/api.w.org\/{rel}","templated":true}]}}