{"id":315835,"date":"2025-08-13T08:24:18","date_gmt":"2025-08-13T08:24:18","guid":{"rendered":"https:\/\/www.europesays.com\/fr\/315835\/"},"modified":"2025-08-13T08:24:18","modified_gmt":"2025-08-13T08:24:18","slug":"gunther-steiner-bientot-de-retour-en-f1","status":"publish","type":"post","link":"https:\/\/www.europesays.com\/fr\/315835\/","title":{"rendered":"G\u00fcnther Steiner bient\u00f4t de retour en F1 ?"},"content":{"rendered":"<p>G\u00fcnther Steiner, vous le connaissez tr\u00e8s probablement. Il a dirig\u00e9 l\u2019\u00e9curie Haas pendant pr\u00e8s de dix ans, de 2014 \u00e0 2023. Bien que son palmar\u00e8s en F1 reste modeste, sa personnalit\u00e9 haute en couleurs a suffi \u00e0 le rendre populaire aupr\u00e8s du grand public. Netflix lui doit sans doute une partie du succ\u00e8s de la s\u00e9rie Drive to Survive, qui plonge les spectateurs dans les coulisses de la Formule 1.<\/p>\n<p data-start=\"856\" data-end=\"1095\">R\u00e9cemment, il a \u00e9t\u00e9 aper\u00e7u \u00e0 plusieurs reprises dans le paddock du MotoGP, un championnat qu\u2019il suit de pr\u00e8s. Il aurait m\u00eame fait une offre pour racheter l\u2019\u00e9curie l\u00e9gendaire Tech3\u2026 une proposition qui n\u2019a cependant pas encore \u00e9t\u00e9 accept\u00e9e.<\/p>\n<p data-start=\"856\" data-end=\"1095\"><img decoding=\"async\" src=\"https:\/\/www.europesays.com\/fr\/wp-content\/uploads\/2025\/08\/steiner.jpg\" border=\"0\" alt=\"\" width=\"100%\"\/><\/p>\n<p data-start=\"1097\" data-end=\"1638\">En attendant, l\u2019ing\u00e9nieur italo-am\u00e9ricain a accord\u00e9 plusieurs interviews \u00e0 la presse, au cours desquelles il a \u00e9voqu\u00e9 un possible retour en F1.<br data-start=\"1240\" data-end=\"1243\"\/>\u00ab Est-ce que je retournerais diriger une \u00e9quipe ? Oui, mais uniquement si je peux le faire \u00e0 ma mani\u00e8re, pas selon les conditions de quelqu\u2019un d\u2019autre \u00bb, a-t-il d\u00e9clar\u00e9.<br data-start=\"1412\" data-end=\"1415\"\/>L\u2019aspect financier ne semble pas non plus \u00eatre un obstacle : Steiner affirme qu\u2019il ne reprendra une activit\u00e9 professionnelle que s\u2019il est pleinement motiv\u00e9 par le projet. Il ne veut pas \u00ab travailler juste pour travailler \u00bb.<\/p>\n<p data-start=\"1640\" data-end=\"1802\">Des propos fid\u00e8les \u00e0 la franchise d\u2019un personnage qui a su ajouter une touche d\u2019authenticit\u00e9, parfois tragique, souvent divertissante, au monde politiquement correct de la F1.<\/p>\n","protected":false},"excerpt":{"rendered":"G\u00fcnther Steiner, vous le connaissez tr\u00e8s probablement. Il a dirig\u00e9 l\u2019\u00e9curie Haas pendant pr\u00e8s de dix ans, de&hellip;\n","protected":false},"author":2,"featured_media":315836,"comment_status":"","ping_status":"","sticky":false,"template":"","format":"standard","meta":{"footnotes":""},"categories":[1412],"tags":[1451,1452,1453,1454,1455,1011,27,60],"class_list":{"0":"post-315835","1":"post","2":"type-post","3":"status-publish","4":"format-standard","5":"has-post-thumbnail","7":"category-f1","8":"tag-f1","9":"tag-formula-1","10":"tag-formula1","11":"tag-formule-1","12":"tag-formule1","13":"tag-fr","14":"tag-france","15":"tag-sports"},"share_on_mastodon":{"url":"https:\/\/pubeurope.com\/@fr\/115020501048023705","error":""},"_links":{"self":[{"href":"https:\/\/www.europesays.com\/fr\/wp-json\/wp\/v2\/posts\/315835","targetHints":{"allow":["GET"]}}],"collection":[{"href":"https:\/\/www.europesays.com\/fr\/wp-json\/wp\/v2\/posts"}],"about":[{"href":"https:\/\/www.europesays.com\/fr\/wp-json\/wp\/v2\/types\/post"}],"author":[{"embeddable":true,"href":"https:\/\/www.europesays.com\/fr\/wp-json\/wp\/v2\/users\/2"}],"replies":[{"embeddable":true,"href":"https:\/\/www.europesays.com\/fr\/wp-json\/wp\/v2\/comments?post=315835"}],"version-history":[{"count":0,"href":"https:\/\/www.europesays.com\/fr\/wp-json\/wp\/v2\/posts\/315835\/revisions"}],"wp:featuredmedia":[{"embeddable":true,"href":"https:\/\/www.europesays.com\/fr\/wp-json\/wp\/v2\/media\/315836"}],"wp:attachment":[{"href":"https:\/\/www.europesays.com\/fr\/wp-json\/wp\/v2\/media?parent=315835"}],"wp:term":[{"taxonomy":"category","embeddable":true,"href":"https:\/\/www.europesays.com\/fr\/wp-json\/wp\/v2\/categories?post=315835"},{"taxonomy":"post_tag","embeddable":true,"href":"https:\/\/www.europesays.com\/fr\/wp-json\/wp\/v2\/tags?post=315835"}],"curies":[{"name":"wp","href":"https:\/\/api.w.org\/{rel}","templated":true}]}}